{"id":167005,"date":"2025-10-10T08:18:14","date_gmt":"2025-10-10T08:18:14","guid":{"rendered":"https:\/\/www.europesays.com\/es\/167005\/"},"modified":"2025-10-10T08:18:14","modified_gmt":"2025-10-10T08:18:14","slug":"el-nuevo-muro-cidiano-del-ubu-san-pablo-balonmano-burgos-2031","status":"publish","type":"post","link":"https:\/\/www.europesays.com\/es\/167005\/","title":{"rendered":"El nuevo muro cidiano del UBU San Pablo Balonmano Burgos 2031"},"content":{"rendered":"<p>Es el nuevo muro cidiano. Esta temporada Daniel Santamar\u00eda y Gerard Forns son los encargados de defender la porter\u00eda de un UBU San Pablo Burgos 2031 que vuelve a aspirar a todo. Han empezado la campa\u00f1a siendo claves, dando puntos a un proyecto que en cursos pasados se frustr\u00f3 con ellos como rivales, pero que ahora los tiene de su parte. Quieren pasar de verdugos a h\u00e9roes.<\/p>\n<p>En 2024 el Guadalajara certific\u00f3 su ascenso a la \u00e9lite con Santamar\u00eda en porter\u00eda y en el \u00faltimo partido del curso pasado, Forns frustr\u00f3 el ascenso ajeno en un duelo traum\u00e1tico para el bloque burgal\u00e9s. Ambos se miran, sonr\u00eden recordando ambas haza\u00f1as, que todav\u00eda duelen entre la afici\u00f3n cidiana. \u00abAlguno de los aficionados s\u00ed que me lo ha recordado. Espero que este a\u00f1o pueda ser al rev\u00e9s y que sea el ascenso del Burgos\u00bb, reconoce Santamar\u00eda, que el curso pasado no pudo evitar el descenso del Anaitasuna y que ahora quiere volver a disfrutar en un UBUSanPablo\u00a0Burgos 2031 que se debe de acostumbrar a ganar semana s\u00ed, semana tambi\u00e9n.<\/p>\n<p>El papel como &#8216;villano&#8217; de Forns es m\u00e1s reciente. En el momento de su fichaje, muchos seguidores cidianos y alguno de los que entonces eran rivales y ahora son compa\u00f1eros, como Tom\u00e1s Moreira, se lo recordaban, pero \u00e9l se lo toma con humor:\u00abCon Tom\u00e1s la temporada pasada hubo esa \u00faltima acci\u00f3n, que fue muy pol\u00e9mica y con toda la raz\u00f3n del mundo. Pero luego aqu\u00ed en el vestuario haces unas risas de ello.De hecho, cuando sali\u00f3 mi fichaje la primera persona que me habl\u00f3 fue \u00e9l\u00bb, revela Forns, que desea tener continuidad en Burgos despu\u00e9s de haber sido operado de la cadera.<\/p>\n<blockquote class=\"cita\"><p>Es importante saber ponerte en la piel del otro portero. Involucrar al otro cuando no juega\u00bbDaniel Santamar\u00eda, portero del UBU San Pablo Burgos 2031<\/p><\/blockquote>\n<p>Ese es su objetivo individual porque el colectivo lo comparten ambos:\u00abAscender. Los entrenos son de Asobal, con gente de Asobal, intensidad de Asobal&#8230; Tenemos galones suficientes y hemos vivido muchas guerras, creo que podemos estar en Asobal.Eso s\u00ed, hay que trabajar, hay que bajar mucho al barro\u00bb, subraya Forns, que define la m\u00e1xima categor\u00eda como \u00abm\u00e1s f\u00edsica\u00bb y la Plata \u00abm\u00e1s t\u00e9cnica y t\u00e1ctica\u00bb.<\/p>\n<p>En ese sentido, Santamar\u00eda comparte su opini\u00f3n y conf\u00eda en poder cumplir un objetivo que es de sobra conocido y que no tienen demasiado reparo en mencionar:\u00abNo creo que sea ponerse m\u00e1s presi\u00f3n porque para m\u00ed es algo realista, tenemos equipo para ello. Si remamos todos en la misma direcci\u00f3n es algo muy bonito, muy satisfactorio\u00bb, a\u00f1ade el guardameta ciudadreale\u00f1o, que tambi\u00e9n es consciente de que la competencia interna con Forns ser\u00e1 una de las claves en el devenir del proyecto.<\/p>\n<blockquote class=\"cita\"><p>Lo que convence es el proyecto, por encima de si el club est\u00e1 en Plata o en Asobal\u00bbGerard Forns, portero del UBU San Pablo Burgos 2031<\/p><\/blockquote>\n<p>\u00abEs importante saber ponerse en la piel del otro portero, involucrarlo para que sienta tambi\u00e9n que est\u00e1 jugando en la pista aunque est\u00e9 en el banquillo\u00bb, expresa Santamar\u00eda, que entiende esa responsabilidad como compartida.<\/p>\n<p>\u00abAmbos venimos de ser terceros y segundos porteros, de estar muchas horas en el banquillo y de saber que para ser un buen primer portero tienes que ser un muy buen segundo portero. En este caso nos entendemos mucho, nos preguntamos, nos aconsejamos. Tienes que confiar en el otro. Lo \u00fanico que podemos hacer es potenciar la porter\u00eda\u00bb, concluye Forns, que confirma as\u00ed que el muro cidiano se construye entre dos.<\/p>\n","protected":false},"excerpt":{"rendered":"Es el nuevo muro cidiano. Esta temporada Daniel Santamar\u00eda y Gerard Forns son los encargados de defender la&hellip;\n","protected":false},"author":2,"featured_media":167006,"comment_status":"","ping_status":"","sticky":false,"template":"","format":"standard","meta":{"footnotes":""},"categories":[278],"tags":[376,1849,45800,24678,168,25,24,439,375,1943,1675,23,167],"class_list":{"0":"post-167005","1":"post","2":"type-post","3":"status-publish","4":"format-standard","5":"has-post-thumbnail","7":"category-balonmano","8":"tag-balonmano","9":"tag-balonmano-burgos","10":"tag-burgos-2031","11":"tag-daniel-santamaria","12":"tag-deportes","13":"tag-es","14":"tag-espana","15":"tag-guadalajara","16":"tag-handball","17":"tag-helvetia-anaitasuna","18":"tag-liga-asobal","19":"tag-spain","20":"tag-sports"},"share_on_mastodon":{"url":"","error":""},"_links":{"self":[{"href":"https:\/\/www.europesays.com\/es\/wp-json\/wp\/v2\/posts\/167005","targetHints":{"allow":["GET"]}}],"collection":[{"href":"https:\/\/www.europesays.com\/es\/wp-json\/wp\/v2\/posts"}],"about":[{"href":"https:\/\/www.europesays.com\/es\/wp-json\/wp\/v2\/types\/post"}],"author":[{"embeddable":true,"href":"https:\/\/www.europesays.com\/es\/wp-json\/wp\/v2\/users\/2"}],"replies":[{"embeddable":true,"href":"https:\/\/www.europesays.com\/es\/wp-json\/wp\/v2\/comments?post=167005"}],"version-history":[{"count":0,"href":"https:\/\/www.europesays.com\/es\/wp-json\/wp\/v2\/posts\/167005\/revisions"}],"wp:featuredmedia":[{"embeddable":true,"href":"https:\/\/www.europesays.com\/es\/wp-json\/wp\/v2\/media\/167006"}],"wp:attachment":[{"href":"https:\/\/www.europesays.com\/es\/wp-json\/wp\/v2\/media?parent=167005"}],"wp:term":[{"taxonomy":"category","embeddable":true,"href":"https:\/\/www.europesays.com\/es\/wp-json\/wp\/v2\/categories?post=167005"},{"taxonomy":"post_tag","embeddable":true,"href":"https:\/\/www.europesays.com\/es\/wp-json\/wp\/v2\/tags?post=167005"}],"curies":[{"name":"wp","href":"https:\/\/api.w.org\/{rel}","templated":true}]}}