{"id":167009,"date":"2025-10-10T08:22:10","date_gmt":"2025-10-10T08:22:10","guid":{"rendered":"https:\/\/www.europesays.com\/es\/167009\/"},"modified":"2025-10-10T08:22:10","modified_gmt":"2025-10-10T08:22:10","slug":"el-open-sevilla-de-tenis-memorial-ricardo-villena-que-alcanza-su-33a-edicion-repite-como-torneo-femenino","status":"publish","type":"post","link":"https:\/\/www.europesays.com\/es\/167009\/","title":{"rendered":"El Open Sevilla de tenis Memorial Ricardo Villena, que alcanza su 33\u00aa edici\u00f3n, repite como torneo femenino"},"content":{"rendered":"<p style=\"\">Compartiendo protagonismo por unos d\u00edas con las modalidades intr\u00ednsecas y de mayor lustre y prestigio del Club N\u00e1utico, regresa el <strong>Open Sevilla de tenis Memorial Ricardo Villena<\/strong>. Y lo hace para mantener la tradici\u00f3n de un torneo ya consolidado con el paso de los  &#8230; a\u00f1os dos d\u00e9cadas despu\u00e9s de que el hijo del impulsor del denominado <strong>Trofeo Cordialidad<\/strong>, celebrado desde 1971 y que disfrutar\u00eda de 13 ediciones, revitalizara la competici\u00f3n en 2005 con nueva denominaci\u00f3n. En el presente mes de octubre alcanza el torneo su cap\u00edtulo n\u00famero 33.<\/p>\n<p class=\"voc-p\" style=\"\">Los salones sociales del <strong>club hispalense<\/strong>, que abrir\u00e1 sus puertas al p\u00fablico en general para que los aficionados puedan disfrutar con la competici\u00f3n, han acogido el <strong>primer acto oficial de un torneo que por tercera vez en su historia y segunda consecutiva se disputar\u00e1 en categor\u00eda femenina<\/strong>, en concreto del 15 al 18 de octubre. Mantendr\u00e1 su condici\u00f3n de cita puntuable para el ranking nacional y el Circuito IBP Tenis, en esta ocasi\u00f3n en la categor\u00eda 1.000 y con <strong>Jos\u00e9 Castro<\/strong> como juez-\u00e1rbitro.<\/p>\n<p class=\"voc-p\" style=\"\">Como suele ser costumbre, el cuadro estar\u00e1 formado por <strong>16 jugadoras, 14 por ranking a las que se unir\u00e1n dos invitadas de la organizaci\u00f3n<\/strong>, que el pr\u00f3ximo fin de semana cerrar\u00e1 el plazo de inscripciones para desvelar los nombres de las aspirantes a hacerse con el triunfo sobre las pistas de tierra batida del N\u00e1utico hispalense. <\/p>\n<p class=\"voc-p\" style=\"\">En este sentido, la vigente campeona del torneo es la cordobesa <strong>Mar\u00eda Jos\u00e9 Luque<\/strong>, que el pasado a\u00f1o alzara el trofeo del Memorial Ricardo Villena por segunda vez en su carrera tras haberse impuesto previamente en 2016, en el estreno del torneo en categor\u00eda femenina coincidiendo con sus bodas de plata.<\/p>\n<p>\nFaceta solidaria\n<\/p>\n<p class=\"voc-p\" style=\"\">Fiel a su confici\u00f3n solidaria distintiva, la presente edici\u00f3n ha querido dar visibilidad y apoyo a la <strong>Asociaci\u00f3n Familiar La Oliva<\/strong>, cuya labor se centra desde 1972 en los residentes del Pol\u00edgono Sur y que ha recibido el simb\u00f3lico cheque por parte de la Fundaci\u00f3n La Caixa. Se une as\u00ed a un extenso listado compuesto por la Fundaci\u00f3n Balia por la infancia, Parkinson Sevilla, Fundaci\u00f3n Alal\u00e1, Asociaci\u00f3n andaluza de lucha contra la leucemia, Banco de Alimentos de Sevilla, C\u00e1ritas, Orden de San Andr\u00e9s, Fundaci\u00f3n Sehop, ASPACE, ASOCIDE, Fundaci\u00f3n Yo Nemal\u00ednica, Somos tu ola y Rutas de Sevilla, entidades previamente reconocidas en el N\u00e1utico.<\/p>\n<p class=\"voc-p\" style=\"\">Por lo dem\u00e1s, y junto al presidente del club organizador, <strong>Cayetano Garc\u00eda de la Borbolla Vallejo<\/strong>, el vocal de Deporte Social de la entidad y el director del torneo, <strong>Jos\u00e9 Molina y Alfonso de Alarc\u00f3n<\/strong>, adem\u00e1s del fundador del Open Sevilla y gerente del Instituto Municipal de Deportes,<strong> Ricardo Villena Machuc<\/strong>a, la presentaci\u00f3n oficial ha contado entre otras autoridades con la presencia de la delegada territorial de Cultura y Deporte de la Junta de Andaluc\u00eda,<strong> Carmen Ortiz<\/strong>; la delegada de Deportes y Promoci\u00f3n de la Salud del Ayuntamiento de Sevilla,<strong> Silvia Pozo<\/strong>; el delegado de Fiestas Mayores de Sevilla y del Distrito Los Remedios, <strong>Manuel Al\u00e9s<\/strong>; o el vicepresidente de la Federaci\u00f3n Andaluza de Tenis, <strong>Pedro Osete<\/strong>; adem\u00e1s de autoridades militares y de la Comandancia Naval, representantes de las empresas patrocinadoras y colaboradoras y de los principales clubes de Sevilla.<\/p>\n<p class=\"voc-p\" style=\"\">El 33\u00ba Open Sevilla de tenis Memorial Ricardo Villena est\u00e1 organizado por el <strong>Club N\u00e1utico Sevilla y la Federaci\u00f3n Andaluza de Tenis<\/strong> con el patrocinio del Instituto Municipal de Deportes del Ayuntamiento de Sevilla, Nexus Energ\u00eda, Kutxabank y Medinaceli Catering, y la colaboraci\u00f3n de la Fundaci\u00f3n La Caixa, la Real Federaci\u00f3n Espa\u00f1ola de Tenis, IBP Tenis, AS, Barbadillo, Coca-Cola, Cruzcampo, Greenset, Grupo Axvi, Grupo Portillo, Head Tour, Hilton Garden Inn Sevilla, Legado Mar\u00eda de Villota, NDL Pro-health, Maison Perrier, Martimar, SIDN Digital Thinking y TXT.<\/p>\n","protected":false},"excerpt":{"rendered":"Compartiendo protagonismo por unos d\u00edas con las modalidades intr\u00ednsecas y de mayor lustre y prestigio del Club N\u00e1utico,&hellip;\n","protected":false},"author":2,"featured_media":167010,"comment_status":"","ping_status":"","sticky":false,"template":"","format":"standard","meta":{"footnotes":""},"categories":[274],"tags":[48990,1798,168,25,24,13052,5542,5829,11120,4764,1171,23,167,327,326,12658],"class_list":{"0":"post-167009","1":"post","2":"type-post","3":"status-publish","4":"format-standard","5":"has-post-thumbnail","7":"category-tenis","8":"tag-33o","9":"tag-club","10":"tag-deportes","11":"tag-es","12":"tag-espana","13":"tag-memorial","14":"tag-nautico","15":"tag-open","16":"tag-presentado","17":"tag-ricardo","18":"tag-sevilla","19":"tag-spain","20":"tag-sports","21":"tag-tenis","22":"tag-tennis","23":"tag-villena"},"share_on_mastodon":{"url":"","error":""},"_links":{"self":[{"href":"https:\/\/www.europesays.com\/es\/wp-json\/wp\/v2\/posts\/167009","targetHints":{"allow":["GET"]}}],"collection":[{"href":"https:\/\/www.europesays.com\/es\/wp-json\/wp\/v2\/posts"}],"about":[{"href":"https:\/\/www.europesays.com\/es\/wp-json\/wp\/v2\/types\/post"}],"author":[{"embeddable":true,"href":"https:\/\/www.europesays.com\/es\/wp-json\/wp\/v2\/users\/2"}],"replies":[{"embeddable":true,"href":"https:\/\/www.europesays.com\/es\/wp-json\/wp\/v2\/comments?post=167009"}],"version-history":[{"count":0,"href":"https:\/\/www.europesays.com\/es\/wp-json\/wp\/v2\/posts\/167009\/revisions"}],"wp:featuredmedia":[{"embeddable":true,"href":"https:\/\/www.europesays.com\/es\/wp-json\/wp\/v2\/media\/167010"}],"wp:attachment":[{"href":"https:\/\/www.europesays.com\/es\/wp-json\/wp\/v2\/media?parent=167009"}],"wp:term":[{"taxonomy":"category","embeddable":true,"href":"https:\/\/www.europesays.com\/es\/wp-json\/wp\/v2\/categories?post=167009"},{"taxonomy":"post_tag","embeddable":true,"href":"https:\/\/www.europesays.com\/es\/wp-json\/wp\/v2\/tags?post=167009"}],"curies":[{"name":"wp","href":"https:\/\/api.w.org\/{rel}","templated":true}]}}