{"id":167021,"date":"2025-10-10T08:28:22","date_gmt":"2025-10-10T08:28:22","guid":{"rendered":"https:\/\/www.europesays.com\/es\/167021\/"},"modified":"2025-10-10T08:28:22","modified_gmt":"2025-10-10T08:28:22","slug":"en-blanco-sobre-creus-y-carrasco-con-voces-locales","status":"publish","type":"post","link":"https:\/\/www.europesays.com\/es\/167021\/","title":{"rendered":"\u00abEn Blanco\u00bb sobre Creus y Carrasco, con voces locales"},"content":{"rendered":"<p>\t\t\t\t\t\tBela Fisterra y Bela Mux\u00eda, que conocen bien el sello de la arquitectura de estos profesionales, estuvieron presentes en la presentaci\u00f3n de la monograf\u00eda en A Coru\u00f1a<br \/>\n\t\t\t\t\t\t\t\t\t\t\t\t<strong>09 oct 2025<\/strong> . Actualizado a las 20:13 h.\t\t\t\t\t\t<\/p>\n<p class=\"first-paragraph txt\">El <strong>Colexio Oficial de Arquitectos de Galicia<\/strong> (COAG) program\u00f3 varias iniciativas en torno al D\u00eda Mundial de la <a href=\"https:\/\/www.lavozdegalicia.es\/temas\/arquitectura\" rel=\"nofollow noopener\" target=\"_blank\">Arquitectura<\/a>, y una de ellas fue la presentaci\u00f3n, en la delegaci\u00f3n coru\u00f1esa, de la <strong>monograf\u00eda<\/strong> En Blanco sobre Creus y Carrasco.<\/p>\n<p class=\"txt\">Participaron Laura Lizondo, directora de la revista de arquitectura En Blanco; Jorge Meijide, autor del art\u00edculo Del territorio al objeto (y vuelta); \u00d3scar Fuentes, autor del art\u00edculo As arquitecturas do mar: do oficio ao edificio, y los propios Juan Creus y Covadonga Carrasco, \u00e9l ceense y ella bien puede decirse que ya de la <a href=\"https:\/\/www.lavozdegalicia.es\/temas\/costa-da-morte\" rel=\"nofollow noopener\" target=\"_blank\">Costa da Morte<\/a>.<\/p>\n<p class=\"txt\">En la sesi\u00f3n, este mi\u00e9rcoles, estuvieron presentes el <strong>Bela Fisterra<\/strong> y el <strong>Bela Mux\u00eda<\/strong>, a trav\u00e9s de su responsable, Pepe Formoso, quien a petici\u00f3n de los arquitectos aport\u00f3 su visi\u00f3n. Habl\u00f3 del di\u00e1logo de la arquitectura con hospitalidad y servicios, como un valor a\u00f1adido.\u00a0<\/p>\n<p>&#13;<br \/>\n\tArchivado en:&#13;<br \/>\n\t\t\t\t\t<a href=\"https:\/\/www.lavozdegalicia.es\/temas\/costa-da-morte\/\" target=\"_blank\" class=\"mg-l\" rel=\"nofollow noopener\">Costa da Morte<\/a>&#13;<br \/>\n\t\t\t\t\t<a href=\"https:\/\/www.lavozdegalicia.es\/temas\/arquitectura\/\" target=\"_blank\" class=\"mg-l\" rel=\"nofollow noopener\">Arquitectura<\/a>&#13;<br \/>\n\t\t\t\t\t<a href=\"https:\/\/www.lavozdegalicia.es\/temas\/a-coruna-ciudad\/\" target=\"_blank\" class=\"mg-l\" rel=\"nofollow noopener\">A Coru\u00f1a ciudad<\/a>&#13;<br \/>\n\t\t\t\t\t<a href=\"https:\/\/www.lavozdegalicia.es\/temas\/arte\/\" target=\"_blank\" class=\"mg-l\" rel=\"nofollow noopener\">Arte<\/a>&#13;<br \/>\n\t&#13;<\/p>\n","protected":false},"excerpt":{"rendered":"Bela Fisterra y Bela Mux\u00eda, que conocen bien el sello de la arquitectura de estos profesionales, estuvieron presentes&hellip;\n","protected":false},"author":2,"featured_media":167022,"comment_status":"","ping_status":"","sticky":false,"template":"","format":"standard","meta":{"footnotes":""},"categories":[173],"tags":[39615,801,229,233,231,230,31814,232,234,146,147,25,24,23],"class_list":{"0":"post-167021","1":"post","2":"type-post","3":"status-publish","4":"format-standard","5":"has-post-thumbnail","7":"category-arte-y-diseno","8":"tag-a-coruna-ciudad","9":"tag-arquitectura","10":"tag-arte","11":"tag-arte-y-diseno","12":"tag-arts","13":"tag-arts-and-design","14":"tag-costa-da-morte","15":"tag-design","16":"tag-diseno","17":"tag-entertainment","18":"tag-entretenimiento","19":"tag-es","20":"tag-espana","21":"tag-spain"},"share_on_mastodon":{"url":"","error":""},"_links":{"self":[{"href":"https:\/\/www.europesays.com\/es\/wp-json\/wp\/v2\/posts\/167021","targetHints":{"allow":["GET"]}}],"collection":[{"href":"https:\/\/www.europesays.com\/es\/wp-json\/wp\/v2\/posts"}],"about":[{"href":"https:\/\/www.europesays.com\/es\/wp-json\/wp\/v2\/types\/post"}],"author":[{"embeddable":true,"href":"https:\/\/www.europesays.com\/es\/wp-json\/wp\/v2\/users\/2"}],"replies":[{"embeddable":true,"href":"https:\/\/www.europesays.com\/es\/wp-json\/wp\/v2\/comments?post=167021"}],"version-history":[{"count":0,"href":"https:\/\/www.europesays.com\/es\/wp-json\/wp\/v2\/posts\/167021\/revisions"}],"wp:featuredmedia":[{"embeddable":true,"href":"https:\/\/www.europesays.com\/es\/wp-json\/wp\/v2\/media\/167022"}],"wp:attachment":[{"href":"https:\/\/www.europesays.com\/es\/wp-json\/wp\/v2\/media?parent=167021"}],"wp:term":[{"taxonomy":"category","embeddable":true,"href":"https:\/\/www.europesays.com\/es\/wp-json\/wp\/v2\/categories?post=167021"},{"taxonomy":"post_tag","embeddable":true,"href":"https:\/\/www.europesays.com\/es\/wp-json\/wp\/v2\/tags?post=167021"}],"curies":[{"name":"wp","href":"https:\/\/api.w.org\/{rel}","templated":true}]}}