{"id":167081,"date":"2025-10-10T09:02:08","date_gmt":"2025-10-10T09:02:08","guid":{"rendered":"https:\/\/www.europesays.com\/es\/167081\/"},"modified":"2025-10-10T09:02:08","modified_gmt":"2025-10-10T09:02:08","slug":"avisos-rojos-y-naranjas-por-fuertes-lluvias-en-estas-zonas","status":"publish","type":"post","link":"https:\/\/www.europesays.com\/es\/167081\/","title":{"rendered":"avisos rojos y naranjas por fuertes lluvias en estas zonas"},"content":{"rendered":"<p style=\"\">La <strong>dana Alice<\/strong> ya ha comenzado a hacer mella en buena parte de Espa\u00f1a en las \u00faltimas horas. Desde este pasado mi\u00e9rcoles, el frente ha dejando <strong>\u00ablluvias muy fuertes y persistentes\u00bb<\/strong> y muchos <a href=\"https:\/\/www.abc.es\/sociedad\/aemet-amplia-aviso-meteorologico-dana-alice-alerta-20251009121828-nt.html\" title=\"www.abc.es\" data-voc-vtm-id=\"in-text-traffic\" data-mrf-link=\"www.abc.es\" rel=\"nofollow noopener\" target=\"_blank\">avisos por tormentas<\/a> en el este peninsular y  &#8230; Baleares. Sin embargo, lo peor del <a href=\"https:\/\/www.abc.es\/sociedad\/aemet-lanza-aviso-especial-lluvias-fuertes-posibles-20251007164651-nt.html\" title=\"www.abc.es\" data-voc-vtm-id=\"in-text-traffic\" data-mrf-link=\"www.abc.es\" rel=\"nofollow noopener\" target=\"_blank\">temporal<\/a> llegar\u00e1 a partir de este <strong>viernes 10 de octubre<\/strong>, seg\u00fan ha confirmado la <strong>Agencia Estatal de Meteorolog\u00eda (Aemet)<\/strong> en un aviso especial.<\/p>\n<p class=\"voc-p\" style=\"\">El organismo ha explicado en su \u00faltima previsi\u00f3n que <strong>este viernes 10 y s\u00e1bado 11 ser\u00e1n \u00ablos d\u00edas \u00e1lgidos del episodio\u00bb<\/strong>, especialmente en <strong>Valencia, Alicante y Murcia<\/strong>. En estas provincias habr\u00e1 numerosos avisos activados por chubascos localmente fuertes, llegando incluso al nivel rojo en Cartagena o el litoral sur alicantino por <strong>\u00ablluvias de car\u00e1cter torrencial\u00bb<\/strong>. Tambi\u00e9n llegar\u00e1n a Catalu\u00f1a, norte de la Comunidad Valenciana, Castilla-La Mancha e incluso <a href=\"https:\/\/www.abc.es\/espana\/andalucia\/aemet-activa-alerta-amarilla-provincias-andalucia-zonas-20251009125055-nts.html\" title=\"www.abc.es\" data-voc-vtm-id=\"in-text-traffic\" data-mrf-link=\"www.abc.es\" rel=\"nofollow noopener\" target=\"_blank\">Andaluc\u00eda<\/a>.<\/p>\n<blockquote class=\"twitter-tweet\">\n<p lang=\"es\" dir=\"ltr\">\u26a0\ufe0fAVISO ESPECIAL | Lluvias muy fuertes y persistentes en el tercio este peninsular y Baleares.<\/p>\n<p>\u27a1\ufe0fEn puntos del \u00e1rea mediterr\u00e1nea las lluvias podr\u00e1n ser torrenciales, con posibles inundaciones y crecidas s\u00fabitas. Extrema las precauciones.<\/p>\n<p>+ info \ud83d\udc49<a href=\"https:\/\/t.co\/48Lsr8R9TN\" rel=\"nofollow\">https:\/\/t.co\/48Lsr8R9TN<\/a> <a href=\"https:\/\/t.co\/ew0qJ9zEzx\" rel=\"nofollow\">pic.twitter.com\/ew0qJ9zEzx<\/a><\/p>\n<p>\u2014 AEMET (@AEMET_Esp) <a href=\"https:\/\/twitter.com\/AEMET_Esp\/status\/1976239138199523668?ref_src=twsrc%5Etfw\" rel=\"nofollow noopener\" target=\"_blank\">October 9, 2025<\/a><\/p><\/blockquote>\n<p class=\"voc-p\" style=\"\">Todo esto permitir\u00e1 que durante el fin de semana aumente el riesgo de <strong>tormentas el\u00e9ctricas y granizo<\/strong>, as\u00ed como el de que se produzcan \u00abposibles <strong>inundaciones y crecidas s\u00fabitas<\/strong> en los cauces de los r\u00edos\u00bb. As\u00ed se mantendr\u00e1 el ambiente en el este peninsular al menos hasta la pr\u00f3xima semana, cuando se espera que la inestabilidad vaya remitiendo conforme la dana vaya perdiendo intensidad.<\/p>\n<p>\n\u00bfD\u00f3nde va a llover este fin de semana? Las zonas de Espa\u00f1a en alerta roja y naranja por tormentas\n<\/p>\n<p class=\"voc-p\" style=\"\">Este fin de semana se vivir\u00e1n las horas m\u00e1s cr\u00edticas del temporal causado por la dana Alice, que ya ha comenzado a descargar lluvias muy fuertes en la Pen\u00ednsula Ib\u00e9rica. Como ya ha avanzado la Aemet, las provincias de <strong>Alicante y Valencia<\/strong> y la <strong>Regi\u00f3n de Murcia<\/strong> se llevar\u00e1n la peor parte de este episodio de inestabilidad, que ha obligado a que se activen varios avisos por <strong>\u00abpeligro extraordinario\u00bb<\/strong>.<\/p>\n<p class=\"voc-p\" style=\"\">En el <strong>litoral sur de Alicante<\/strong> y el <strong>Campo de Cartagena y Mazarr\u00f3n<\/strong> habr\u00e1 <strong>alerta roja<\/strong> desde las 10.00 de este viernes 10 de octubre. Desde el organismo han pedido precauci\u00f3n a los ciudadanos de estas regiones por \u00abposibles inundaciones y crecidas repentinas\u00bb a causa de las lluvias, probablemente de <strong>intensidad torrencial<\/strong>. A lo largo de esta jornada, los acumulados en estas zonas podr\u00edan <strong>superar los 140 mm<\/strong> en 12 horas.<\/p>\n<p class=\"voc-p\" style=\"\">En otros puntos del Mediterr\u00e1neo tambi\u00e9n habr\u00e1 activados <strong>avisos amarillos y naranjas<\/strong> durante el fin de semana. En concreto, la mayor\u00eda de ellos se extender\u00e1n por bastantes provincias como el <strong>sur de Tarragona, Castell\u00f3n, Valencia, Alicante y el norte de Murcia<\/strong>, aunque tambi\u00e9n podr\u00edamos ver alguno en <strong>Castilla-La Mancha<\/strong>.<\/p>\n<p class=\"voc-p\" style=\"\">\u00abLos chubascos pueden dar lugar a inundaciones locales s\u00fabitas y repentinas en zonas bajas, arroyos y ramblas, por lo que el nivel de peligro potencial de esta situaci\u00f3n es elevado. Durante todo el periodo antes descrito, podr\u00edan acumularse <strong>entre 250 y 300 mm<\/strong> en las zonas mencionadas\u00bb, ha advertido la Aemet sobre lo que nos espera para estos pr\u00f3ximos d\u00edas.<\/p>\n<blockquote class=\"twitter-tweet\">\n<p lang=\"es\" dir=\"ltr\">\ud83d\udccf\ud83d\udca7 Atenci\u00f3n, porque en las zonas pintadas de rojo caer\u00e1n cerca de 100 l\/m2 hasta la noche del s\u00e1bado. <\/p>\n<p>Es la apuesta del modelo europeo pero hay otros, de mayor resoluci\u00f3n, que duplican e incluso triplican esa cifra, en esas mismas \u00e1reas pintadas \ud83d\udd34.<\/p>\n<p>\ud83d\udd17\u2026 <a href=\"https:\/\/t.co\/vahOQqu00o\" rel=\"nofollow\">pic.twitter.com\/vahOQqu00o<\/a><\/p>\n<p>\u2014 Meteored | tiempo.com (@MeteoredES) <a href=\"https:\/\/twitter.com\/MeteoredES\/status\/1976256994462810233?ref_src=twsrc%5Etfw\" rel=\"nofollow noopener\" target=\"_blank\">October 9, 2025<\/a><\/p><\/blockquote>\n<p>\nLa Aemet ya pone fecha al fin de las lluvias provocadas por la dana Alice\n<\/p>\n<p class=\"voc-p\" style=\"\">La situaci\u00f3n comenzar\u00e1 a mejorar a partir del pr\u00f3ximo domingo <strong>12 de octubre<\/strong>, D\u00eda de la Fiesta Nacional y de la Virgen del Pilar. A partir de esta fecha, la inestabilidad comenzar\u00e1 a disiparse, permitiendo que el temporal vaya perdiendo intensidad en buena parte de la Pen\u00ednsula. Aunque seguir\u00e1 habiendo <strong>chubascos localmente fuertes<\/strong> en el cabo de la Nao y la desembocadura del Ebro, el riesgo ir\u00e1 menguando respecto al resto de d\u00edas.<\/p>\n<p class=\"voc-p\" style=\"\"><strong>Ser\u00e1 ya el lunes 13 cuando desaparecer\u00e1<\/strong> esta inestabilidad casi por completo en Espa\u00f1a. \u00abLos chubascos podr\u00edan extenderse hasta el centro peninsular, aunque los m\u00e1s probables e intensos se esperan nuevamente en la Comunidad Valenciana y Baleares\u00bb, ha anticipado la Aemet.<\/p>\n<p><script async src=\"https:\/\/platform.twitter.com\/widgets.js\" charset=\"utf-8\"><\/script><\/p>\n","protected":false},"excerpt":{"rendered":"La dana Alice ya ha comenzado a hacer mella en buena parte de Espa\u00f1a en las \u00faltimas horas.&hellip;\n","protected":false},"author":2,"featured_media":167082,"comment_status":"","ping_status":"","sticky":false,"template":"","format":"standard","meta":{"footnotes":""},"categories":[8],"tags":[2980,25031,7994,12389,17,18,48996,1681,25,24,13,14,11,19,20,6194,23009,9,10,15,16,946,29913,23,19255,12,21,22,7996],"class_list":{"0":"post-167081","1":"post","2":"type-post","3":"status-publish","4":"format-standard","5":"has-post-thumbnail","7":"category-espana","8":"tag-aemet","9":"tag-alice","10":"tag-avisa","11":"tag-avisos","12":"tag-breaking-news","13":"tag-breakingnews","14":"tag-causado","15":"tag-dana","16":"tag-es","17":"tag-espana","18":"tag-featured-news","19":"tag-featurednews","20":"tag-headlines","21":"tag-latest-news","22":"tag-latestnews","23":"tag-lluvias","24":"tag-naranjas","25":"tag-news","26":"tag-noticias","27":"tag-noticias-destacadas","28":"tag-noticiasdestacadas","29":"tag-peor","30":"tag-rojos","31":"tag-spain","32":"tag-temporal","33":"tag-titulares","34":"tag-ultimas-noticias","35":"tag-ultimasnoticias","36":"tag-zonas"},"share_on_mastodon":{"url":"","error":""},"_links":{"self":[{"href":"https:\/\/www.europesays.com\/es\/wp-json\/wp\/v2\/posts\/167081","targetHints":{"allow":["GET"]}}],"collection":[{"href":"https:\/\/www.europesays.com\/es\/wp-json\/wp\/v2\/posts"}],"about":[{"href":"https:\/\/www.europesays.com\/es\/wp-json\/wp\/v2\/types\/post"}],"author":[{"embeddable":true,"href":"https:\/\/www.europesays.com\/es\/wp-json\/wp\/v2\/users\/2"}],"replies":[{"embeddable":true,"href":"https:\/\/www.europesays.com\/es\/wp-json\/wp\/v2\/comments?post=167081"}],"version-history":[{"count":0,"href":"https:\/\/www.europesays.com\/es\/wp-json\/wp\/v2\/posts\/167081\/revisions"}],"wp:featuredmedia":[{"embeddable":true,"href":"https:\/\/www.europesays.com\/es\/wp-json\/wp\/v2\/media\/167082"}],"wp:attachment":[{"href":"https:\/\/www.europesays.com\/es\/wp-json\/wp\/v2\/media?parent=167081"}],"wp:term":[{"taxonomy":"category","embeddable":true,"href":"https:\/\/www.europesays.com\/es\/wp-json\/wp\/v2\/categories?post=167081"},{"taxonomy":"post_tag","embeddable":true,"href":"https:\/\/www.europesays.com\/es\/wp-json\/wp\/v2\/tags?post=167081"}],"curies":[{"name":"wp","href":"https:\/\/api.w.org\/{rel}","templated":true}]}}