{"id":167099,"date":"2025-10-10T09:15:46","date_gmt":"2025-10-10T09:15:46","guid":{"rendered":"https:\/\/www.europesays.com\/es\/167099\/"},"modified":"2025-10-10T09:15:46","modified_gmt":"2025-10-10T09:15:46","slug":"82-fotos-taeda-celebro-su-20-aniversario-con-la-presentacion-del-libro-inteligencia-artificial-para-el-bien-y-el-reconocimiento-a-figuras-destacadas","status":"publish","type":"post","link":"https:\/\/www.europesays.com\/es\/167099\/","title":{"rendered":"82 fotos: TAEDA celebr\u00f3 su 20\u00b0 aniversario con la presentaci\u00f3n del libro \u201cInteligencia artificial para el bien\u201d y el reconocimiento a figuras destacadas"},"content":{"rendered":"<p>10 Oct, 2025 03:45 a.m. EST<\/p>\n<p><img alt=\"El presidente y fundador de\" class=\"global-image\" decoding=\"async\" fetchpriority=\"high\" height=\"1080\" loading=\"eager\" src=\"https:\/\/www.europesays.com\/es\/wp-content\/uploads\/2025\/10\/PVBQBU5LDJH2XMSNDLROXJHD6M.jpg\" width=\"1920\"\/>El presidente y fundador de TAEDA, Mario Montoto, encabez\u00f3 el evento recordando el camino recorrido. \u201cHace veinte a\u00f1os, TAEDA naci\u00f3 de un sue\u00f1o. No fue un proyecto coyuntural ni un pasatiempo pasajero, sino la convicci\u00f3n de que en Argentina y la regi\u00f3n hac\u00eda falta un espacio para pensar y debatir en profundidad temas que, aunque afectan nuestro d\u00eda a d\u00eda, no encontraban un lugar propio en la agenda p\u00fablica\u201d<img alt=\"Gustavo Gorriz, director de Editorial\" class=\"global-image\" decoding=\"async\" fetchpriority=\"low\" height=\"1280\" loading=\"lazy\" src=\"https:\/\/www.europesays.com\/es\/wp-content\/uploads\/2025\/10\/J74U7UZW5RH5VKAQ7SZ2P7XI2I.jpg\" width=\"1920\"\/>Gustavo Gorriz, director de Editorial TAEDA, y Yanina Kogan, directora de Fundaci\u00f3n TAEDA <img alt=\"El speaker principal fue el\" class=\"global-image\" decoding=\"async\" fetchpriority=\"low\" height=\"1280\" loading=\"lazy\" src=\"https:\/\/www.europesays.com\/es\/wp-content\/uploads\/2025\/10\/PQNAFM5Y55CXNIS2UH5YVDINLA.jpg\" width=\"1920\"\/>El speaker principal fue el autor del libro \u00abInteligencia artificial para el bien\u00bb, Juan Lavista Ferres, Corporate Vice President y Chief Data Scientist del AI for Good Lab de Microsoft, reconocido a nivel global por su trabajo en el desarrollo de soluciones de inteligencia artificial con impacto positivo en la humanidad<img alt=\"Juan Lavista Ferres recibi\u00f3 uno\" class=\"global-image\" decoding=\"async\" fetchpriority=\"low\" height=\"1080\" loading=\"lazy\" src=\"https:\/\/www.europesays.com\/es\/wp-content\/uploads\/2025\/10\/NUEGQCSXCZHXZPIYIHORXTBKV4.jpg\" width=\"1920\"\/>Juan Lavista Ferres recibi\u00f3 uno de los tres Reconocimientos TAEDA 2025 de manos de Mario Montoto <img alt=\"Daniel Hadad, fundador y CEO\" class=\"global-image\" decoding=\"async\" fetchpriority=\"low\" height=\"1080\" loading=\"lazy\" src=\"https:\/\/www.europesays.com\/es\/wp-content\/uploads\/2025\/10\/3SSTTK2X6ZBMZPTUZ5PEP2RN6U.jpg\" width=\"1920\"\/>Daniel Hadad, fundador y CEO de Infobae, recibi\u00f3 tambi\u00e9n un Reconocimiento TAEDA 2025 y record\u00f3 su estrecho v\u00ednculo personal y profesional con Mario Montoto<img alt=\"El padre Fray Jorge Bender\" class=\"global-image\" decoding=\"async\" fetchpriority=\"low\" height=\"1080\" loading=\"lazy\" src=\"https:\/\/www.europesays.com\/es\/wp-content\/uploads\/2025\/10\/Y3OA65AWFFGUFB3OR5WP2OQTF4.jpg\" width=\"1920\"\/>El padre Fray Jorge Bender agradeci\u00f3 el Reconocimiento TAEDA 2025 y destac\u00f3 el valioso aporte para el proyecto de la Fraternidad Franciscana que busca dotar de conectividad la comunidad de Jecua en Mozambique <img alt=\"Mario Montoto junto al ministro\" class=\"global-image\" decoding=\"async\" fetchpriority=\"low\" height=\"1280\" loading=\"lazy\" src=\"https:\/\/www.europesays.com\/es\/wp-content\/uploads\/2025\/10\/IYQOJ2JO4JADRCUMNQ27XOPG2Q.jpg\" width=\"1920\"\/>Mario Montoto junto al ministro de Salud, Mario Lugones <img alt=\"El secretario de Turismo, Daniel\" class=\"global-image\" decoding=\"async\" fetchpriority=\"low\" height=\"1280\" loading=\"lazy\" src=\"https:\/\/www.europesays.com\/es\/wp-content\/uploads\/2025\/10\/3JDZUFVDNVGAHICCLGBGD6KWRY.jpg\" width=\"1920\"\/>El secretario de Turismo, Daniel Scioli<img alt=\"El diputado nacional, Diego Santilli\" class=\"global-image\" decoding=\"async\" fetchpriority=\"low\" height=\"1303\" loading=\"lazy\" src=\"https:\/\/www.europesays.com\/es\/wp-content\/uploads\/2025\/10\/JBSSTAQVNNGBDNT72LIMWZSZDA.jpg\" width=\"1920\"\/>El diputado nacional, Diego Santilli <img alt=\"El gobernador de Chubut, Ignacio\" class=\"global-image\" decoding=\"async\" fetchpriority=\"low\" height=\"1280\" loading=\"lazy\" src=\"https:\/\/www.europesays.com\/es\/wp-content\/uploads\/2025\/10\/CHEADZUW7NGTDHC76PWTDO6EXY.jpg\" width=\"1920\"\/>El gobernador de Chubut, Ignacio Torres<img alt=\"El empresario Nicol\u00e1s Caputo \" class=\"global-image\" decoding=\"async\" fetchpriority=\"low\" height=\"1920\" loading=\"lazy\" src=\"https:\/\/www.europesays.com\/es\/wp-content\/uploads\/2025\/10\/HVWVZPYPBREPZOYYUAQFLXIGUQ.jpg\" width=\"1694\"\/>El empresario Nicol\u00e1s Caputo <img alt=\"El senador nacional, Eduardo &quot;Wado&quot;\" class=\"global-image\" decoding=\"async\" fetchpriority=\"low\" height=\"1280\" loading=\"lazy\" src=\"https:\/\/www.europesays.com\/es\/wp-content\/uploads\/2025\/10\/45NOZJVPEVBD7G5MICH673LCC4.jpg\" width=\"1920\"\/>El senador nacional, Eduardo \u00abWado\u00bb De Pedro <img alt=\"El embajador de Israel, Eyal\" class=\"global-image\" decoding=\"async\" fetchpriority=\"low\" height=\"1280\" loading=\"lazy\" src=\"https:\/\/www.europesays.com\/es\/wp-content\/uploads\/2025\/10\/LS34FATKERBU3J7NKDXSUOOYXU.jpg\" width=\"1920\"\/>El embajador de Israel, Eyal Sela, Mario Montoto e Isaac Sacca, Gran Rabino de la Comunidad Sefard\u00ed de Buenos Aires<img alt=\"Mart\u00edn Eurnekian, CEO de Corporaci\u00f3n\" class=\"global-image\" decoding=\"async\" fetchpriority=\"low\" height=\"1920\" loading=\"lazy\" src=\"https:\/\/www.europesays.com\/es\/wp-content\/uploads\/2025\/10\/KQR4GA3AJVAJFM6WMM5TKV6WI4.jpg\" width=\"1354\"\/>Mart\u00edn Eurnekian, CEO de Corporaci\u00f3n Am\u00e9rica Airports<img alt=\"Paul Starc, presidente de la\" class=\"global-image\" decoding=\"async\" fetchpriority=\"low\" height=\"1705\" loading=\"lazy\" src=\"https:\/\/www.europesays.com\/es\/wp-content\/uploads\/2025\/10\/FQILVANSLZB5NI4OVHHGVWNPRU.jpg\" width=\"1920\"\/>Paul Starc, presidente de la Unidad de Informaci\u00f3n Financiera (UIF), y su mujer, Eleonora Zocco <img alt=\"Diego Santilli y Daniel Scioli\" class=\"global-image\" decoding=\"async\" fetchpriority=\"low\" height=\"1280\" loading=\"lazy\" src=\"https:\/\/www.europesays.com\/es\/wp-content\/uploads\/2025\/10\/IXQIMXNX4NBNHL5IP36EOQ6PBU.jpg\" width=\"1920\"\/>Diego Santilli y Daniel Scioli <img alt=\"El ex presidente del Banco\" class=\"global-image\" decoding=\"async\" fetchpriority=\"low\" height=\"1280\" loading=\"lazy\" src=\"https:\/\/www.europesays.com\/es\/wp-content\/uploads\/2025\/10\/OUKR35NGUZBBLLGLBQAV7ZXVUY.jpg\" width=\"1920\"\/>El ex presidente del Banco Central, Mart\u00edn Redrado <img alt=\"La abogada Fabiana Ricagno y\" class=\"global-image\" decoding=\"async\" fetchpriority=\"low\" height=\"1280\" loading=\"lazy\" src=\"https:\/\/www.europesays.com\/es\/wp-content\/uploads\/2025\/10\/SSB4ATP775F5DITJML6RU7JF6M.jpg\" width=\"1920\"\/>La abogada Fabiana Ricagno y el empresario Adri\u00e1n Werthein <img alt=\"Pablo Deluca, director de Asuntos\" class=\"global-image\" decoding=\"async\" fetchpriority=\"low\" height=\"1080\" loading=\"lazy\" src=\"https:\/\/www.europesays.com\/es\/wp-content\/uploads\/2025\/10\/CJ7VCV2AANFYTALXVZDW57HNWM.jpg\" width=\"1920\"\/>Pablo Deluca, director de Asuntos Institucionales de Infobae, y Jos\u00e9 Scioli, director ejecutivo del Observatorio Humanitario de la Cruz Roja Argentina<img alt=\"Gustavo Gorriz, director de Editorial\" class=\"global-image\" decoding=\"async\" fetchpriority=\"low\" height=\"1080\" loading=\"lazy\" src=\"https:\/\/www.europesays.com\/es\/wp-content\/uploads\/2025\/10\/IAJAD4SKN5GGRFDWWGMF4PYOHQ.jpg\" width=\"1920\"\/>Gustavo Gorriz, director de Editorial TAEDA, recibi\u00f3 una distinci\u00f3n de manos de Mario Montoto <img alt=\"El ex embajador argentino en\" class=\"global-image\" decoding=\"async\" fetchpriority=\"low\" height=\"1080\" loading=\"lazy\" src=\"https:\/\/www.europesays.com\/es\/wp-content\/uploads\/2025\/10\/ALECJXVP5BGQ5L3MCOABXR65UA.jpg\" width=\"1920\"\/>El ex embajador argentino en China, Diego Guelar, junto al ex presidente del Banco Central, Mart\u00edn Redrado, y el empresario Nicol\u00e1s Caputo<img alt=\"El empresario Beto Vijnovsky junto\" class=\"global-image\" decoding=\"async\" fetchpriority=\"low\" height=\"1080\" loading=\"lazy\" src=\"https:\/\/www.europesays.com\/es\/wp-content\/uploads\/2025\/10\/2EVOO6T5VBDWJHZNN6VH75ILD4.jpg\" width=\"1920\"\/>El empresario Beto Vijnovsky junto a Laura Sujoy<img alt=\"V\u00edctor Santa Maria, secretario general\" class=\"global-image\" decoding=\"async\" fetchpriority=\"low\" height=\"1920\" loading=\"lazy\" src=\"https:\/\/www.europesays.com\/es\/wp-content\/uploads\/2025\/10\/PD4PITRQJRBA7JX4N6AATFD4N4.jpg\" width=\"1765\"\/>V\u00edctor Santa Maria, secretario general del Sindicato \u00danico de Trabajadores de Edificios de Renta y Horizontal <img alt=\"Fabi\u00e1n Perechodnik \" class=\"global-image\" decoding=\"async\" fetchpriority=\"low\" height=\"1920\" loading=\"lazy\" src=\"https:\/\/www.europesays.com\/es\/wp-content\/uploads\/2025\/10\/K7G6WFGPFJALLPU6FI3MKHQ2HY.jpg\" width=\"1080\"\/>Fabi\u00e1n Perechodnik <img alt=\"Juan Pablo Maglier \" class=\"global-image\" decoding=\"async\" fetchpriority=\"low\" height=\"1920\" loading=\"lazy\" src=\"https:\/\/www.europesays.com\/es\/wp-content\/uploads\/2025\/10\/CIK3YXIUNRGV5KG42XCPWLCCVI.jpg\" width=\"1280\"\/>Juan Pablo Maglier <img alt=\"El empresario Mart\u00edn Cabrales y\" class=\"global-image\" decoding=\"async\" fetchpriority=\"low\" height=\"1080\" loading=\"lazy\" src=\"https:\/\/www.europesays.com\/es\/wp-content\/uploads\/2025\/10\/JEFBYEDZWRF3FGKIIMWJSOV24U.jpg\" width=\"1920\"\/>El empresario Mart\u00edn Cabrales y Fernando L\u00f3pez, director del Hotel Emperador<br \/>\n<img alt=\"El director ejecutivo de la\" class=\"global-image\" decoding=\"async\" fetchpriority=\"low\" height=\"1920\" loading=\"lazy\" src=\"https:\/\/www.europesays.com\/es\/wp-content\/uploads\/2025\/10\/7SOOLMSDU5HZDFMAJCGTYP6YZY.jpg\" width=\"1080\"\/>El director ejecutivo de la DAIA, Victor Garelik <img alt=\"El ex presidente de la\" class=\"global-image\" decoding=\"async\" fetchpriority=\"low\" height=\"1920\" loading=\"lazy\" src=\"https:\/\/www.europesays.com\/es\/wp-content\/uploads\/2025\/10\/DMEFDZUMBRE4FALVSTSR36HK5I.jpg\" width=\"1080\"\/>El ex presidente de la Delegaci\u00f3n de Asociaciones Israelitas Argentinas (DAIA), Jorge Knoblovits<img alt=\"El gran equipo de Editorial\" class=\"global-image\" decoding=\"async\" fetchpriority=\"low\" height=\"1080\" loading=\"lazy\" src=\"https:\/\/www.europesays.com\/es\/wp-content\/uploads\/2025\/10\/XFQG3R6BXNGOFDCJFUOGTQHIEA.jpg\" width=\"1920\"\/>El gran equipo de Editorial TAEDA <img alt=\"Natalia Olmos, directora de Comunicaci\u00f3n\" class=\"global-image\" decoding=\"async\" fetchpriority=\"low\" height=\"1920\" loading=\"lazy\" src=\"https:\/\/www.europesays.com\/es\/wp-content\/uploads\/2025\/10\/UFIJPMQ7X5CJNDEIN3CJYZPYJI.jpg\" width=\"1080\"\/>Natalia Olmos, directora de Comunicaci\u00f3n y Relaciones Institucionales del Grupo Olmos <img alt=\"El Secretario General de la\" class=\"global-image\" decoding=\"async\" fetchpriority=\"low\" height=\"1920\" loading=\"lazy\" src=\"https:\/\/www.europesays.com\/es\/wp-content\/uploads\/2025\/10\/WWPPGTKFIRA5HKNTWPGMCLXLWY.jpg\" width=\"1280\"\/>El Secretario General de la Armada, Contraalmirante Enrique Antonio Balbi <img alt=\"Claudio Avruj, presidente del Instituto\" class=\"global-image\" decoding=\"async\" fetchpriority=\"low\" height=\"1080\" loading=\"lazy\" src=\"https:\/\/www.europesays.com\/es\/wp-content\/uploads\/2025\/10\/5RU6SLOKC5HSZCASFF5LLLSRPU.jpg\" width=\"1920\"\/>Claudio Avruj, presidente del Instituto Nacional de Asuntos Ind\u00edgenas (INA), y el embajador de Israel, Eyal Sela <img alt=\"El director del Centro de\" class=\"global-image\" decoding=\"async\" fetchpriority=\"low\" height=\"1080\" loading=\"lazy\" src=\"https:\/\/www.europesays.com\/es\/wp-content\/uploads\/2025\/10\/PHOKQXLHQBG3LFO6NG5YA42PM4.jpg\" width=\"1920\"\/>El director del Centro de Estudios sobre Seguridad Hemisf\u00e9rica de la UBA, Juan F\u00e9lix Marteau, presidente de la Fundaci\u00f3n de Investigaciones en Inteligencia Financiera (FININT)<br \/>\n<img alt=\"En el centro, el juez\" class=\"global-image\" decoding=\"async\" fetchpriority=\"low\" height=\"1080\" loading=\"lazy\" src=\"https:\/\/www.europesays.com\/es\/wp-content\/uploads\/2025\/10\/JMCFSDY2TJBOBM3YXHSKSCKWAE.jpg\" width=\"1920\"\/>En el centro, el juez federal, Mariano Borinsky, miembro de la sala IV de la C\u00e1mara Federal de Casaci\u00f3n Penal<img alt=\"El fiscal federal, Carlos Stornelli,\" class=\"global-image\" decoding=\"async\" fetchpriority=\"low\" height=\"1080\" loading=\"lazy\" src=\"https:\/\/www.europesays.com\/es\/wp-content\/uploads\/2025\/10\/GEP4MPAGCVAVVJYFNOVGRH6XIE.jpg\" width=\"1920\"\/>El fiscal federal, Carlos Stornelli, y Florencia Antonini Modet<br \/>\n<img alt=\"El ex director del PAMI,\" class=\"global-image\" decoding=\"async\" fetchpriority=\"low\" height=\"1080\" loading=\"lazy\" src=\"https:\/\/www.europesays.com\/es\/wp-content\/uploads\/2025\/10\/WSHRNVADWFAAHKLN5MMAETGB24.jpg\" width=\"1920\"\/>El ex director del PAMI, Carlos Regazzoni<img alt=\"La ex ministra de Justicia,\" class=\"global-image\" decoding=\"async\" fetchpriority=\"low\" height=\"1080\" loading=\"lazy\" src=\"https:\/\/www.europesays.com\/es\/wp-content\/uploads\/2025\/10\/EXAYFKGZI5H6XELDRUWP7ZP3O4.jpg\" width=\"1920\"\/>La ex ministra de Justicia, Marcela Losardo<img alt=\"El Brig. Gral. Xavier Isaac,\" class=\"global-image\" decoding=\"async\" fetchpriority=\"low\" height=\"1080\" loading=\"lazy\" src=\"https:\/\/www.europesays.com\/es\/wp-content\/uploads\/2025\/10\/HH325LEHH5CE5MC2XNTIOEOVVA.jpg\" width=\"1920\"\/>El Brig. Gral. Xavier Isaac, jefe del Estado Mayor Conjunto de las Fuerzas Armadas <img alt=\"Tet\u00e9 Coustarot \" class=\"global-image\" decoding=\"async\" fetchpriority=\"low\" height=\"1080\" loading=\"lazy\" src=\"https:\/\/www.europesays.com\/es\/wp-content\/uploads\/2025\/10\/FL42YGUOXFCO5ORTLWHV55BYLY.jpg\" width=\"1920\"\/>Tet\u00e9 Coustarot <img alt=\"Los embajadores de Azerbaiy\u00e1n, Panam\u00e1\" class=\"global-image\" decoding=\"async\" fetchpriority=\"low\" height=\"1080\" loading=\"lazy\" src=\"https:\/\/www.europesays.com\/es\/wp-content\/uploads\/2025\/10\/N52KEJZCPNCVFLSAG4TACOYXSI.jpg\" width=\"1920\"\/>Los embajadores de Azerbaiy\u00e1n, Panam\u00e1 y Rumania: Ramzi Teymurov, Juan Luis Correa Esquivel y  Dan Petre<img alt=\"Ezequiel Herszage, jefe de Gabinete\" class=\"global-image\" decoding=\"async\" fetchpriority=\"low\" height=\"1080\" loading=\"lazy\" src=\"https:\/\/www.europesays.com\/es\/wp-content\/uploads\/2025\/10\/Q7MWKIP6QRELHIQMBOAAF2P6SA.jpg\" width=\"1920\"\/>Ezequiel Herszage, jefe de Gabinete Corporativo de IRSA<img alt=\"Liliana Parodi y Juan Pablo\" class=\"global-image\" decoding=\"async\" fetchpriority=\"low\" height=\"1080\" loading=\"lazy\" src=\"https:\/\/www.europesays.com\/es\/wp-content\/uploads\/2025\/10\/OL2RKS7SLJF5XLSVTJJNJUCMKY.jpg\" width=\"1920\"\/>Liliana Parodi y Juan Pablo Maglier <img alt=\"Claudio Epelman, director ejecutivo del\" class=\"global-image\" decoding=\"async\" fetchpriority=\"low\" height=\"1080\" loading=\"lazy\" src=\"https:\/\/www.europesays.com\/es\/wp-content\/uploads\/2025\/10\/B2BUO4MF2JDFZLMR74MYOESD7Y.jpg\" width=\"1920\"\/>Claudio Epelman, director ejecutivo del Congreso Jud\u00edo Latinoamericano (CJL)<img alt=\"Mario Montoto y su mujer,\" class=\"global-image\" decoding=\"async\" fetchpriority=\"low\" height=\"1280\" loading=\"lazy\" src=\"https:\/\/www.europesays.com\/es\/wp-content\/uploads\/2025\/10\/JVM2FMAJCBFD7PHM2VVAHSDNZA.jpg\" width=\"1920\"\/>Mario Montoto y su mujer, Claudia Spinelli <img alt=\"Baby Etchecopar \" class=\"global-image\" decoding=\"async\" fetchpriority=\"low\" height=\"1280\" loading=\"lazy\" src=\"https:\/\/www.europesays.com\/es\/wp-content\/uploads\/2025\/10\/D57UNXFKGFAV7LHVMNY275CZ2A.jpg\" width=\"1920\"\/>Baby Etchecopar <img alt=\"Bruno Screnci, director del Banco\" class=\"global-image\" decoding=\"async\" fetchpriority=\"low\" height=\"1080\" loading=\"lazy\" src=\"https:\/\/www.europesays.com\/es\/wp-content\/uploads\/2025\/10\/2ZNYV3P2BNEO5K5T6JDR6QMAU4.jpg\" width=\"1920\"\/>Bruno Screnci, director del Banco Provincia, y Roberto Garc\u00eda Moritan <img alt=\"Eleonora Zocco y Paul Starc\" class=\"global-image\" decoding=\"async\" fetchpriority=\"low\" height=\"1080\" loading=\"lazy\" src=\"https:\/\/www.europesays.com\/es\/wp-content\/uploads\/2025\/10\/RTJEJFOPMFC6BMGPEGXQMXJE5I.jpg\" width=\"1920\"\/>Eleonora Zocco y Paul Starc junto a Carlos Stornelli y Florencia Antonini Modet <img alt=\"Marwan Sarwar Gill, Imam y\" class=\"global-image\" decoding=\"async\" fetchpriority=\"low\" height=\"1280\" loading=\"lazy\" src=\"https:\/\/www.europesays.com\/es\/wp-content\/uploads\/2025\/10\/37V5G5V3ZJFL7BK2UMLX5MGQDY.jpg\" width=\"1920\"\/>Marwan Sarwar Gill, Imam y presidente de la comunidad musulmana Ahmad\u00eda en Argentina<img alt=\"Fernando Straface, PUENTE Holding \/\" class=\"global-image\" decoding=\"async\" fetchpriority=\"low\" height=\"1080\" loading=\"lazy\" src=\"https:\/\/www.europesays.com\/es\/wp-content\/uploads\/2025\/10\/KBCELW57XJEWXMQU4MFTLUV5OI.jpg\" width=\"1920\"\/>Fernando Straface, PUENTE Holding \/ Universidad Austral<img alt=\"Jorge Knoblovits, Mario Montoto, Claudio\" class=\"global-image\" decoding=\"async\" fetchpriority=\"low\" height=\"1280\" loading=\"lazy\" src=\"https:\/\/www.europesays.com\/es\/wp-content\/uploads\/2025\/10\/VXHD4S2IJBEBBACI2H2ZZZK7BE.jpg\" width=\"1920\"\/>Jorge Knoblovits, Mario Montoto, Claudio Avruj y Mario Comisarenco <img alt=\"Mario Montoto junto al ex\" class=\"global-image\" decoding=\"async\" fetchpriority=\"low\" height=\"1080\" loading=\"lazy\" src=\"https:\/\/www.europesays.com\/es\/wp-content\/uploads\/2025\/10\/HYYRUDMFO5DMNKPMUQLO42HRUY.jpg\" width=\"1920\"\/>Mario Montoto junto al ex embajador argentino ante la ONU, Ricardo Lagorio <img alt=\"Gustavo Guillerme, presidente del Congreso\" class=\"global-image\" decoding=\"async\" fetchpriority=\"low\" height=\"1080\" loading=\"lazy\" src=\"https:\/\/www.europesays.com\/es\/wp-content\/uploads\/2025\/10\/QQHRRLWPRJBQVN44RCYZ6SXOYY.jpg\" width=\"1920\"\/>Gustavo Guillerme, presidente del Congreso Mundial de Di\u00e1logo Intercultural e Interreligioso, y Ariel Gelblung, director del Centro Wiesenthal para Am\u00e9rica Latina<img alt=\"Mario Montoto y el empresario\" class=\"global-image\" decoding=\"async\" fetchpriority=\"low\" height=\"1920\" loading=\"lazy\" src=\"https:\/\/www.europesays.com\/es\/wp-content\/uploads\/2025\/10\/77AI5WEYUZAJNGZQJ4DOGO3VM4.jpg\" width=\"1851\"\/>Mario Montoto y el empresario Arturo Karagozlu (Colortex)<img alt=\"Yanina Kogan, Mario Montoto y\" class=\"global-image\" decoding=\"async\" fetchpriority=\"low\" height=\"1445\" loading=\"lazy\" src=\"https:\/\/www.europesays.com\/es\/wp-content\/uploads\/2025\/10\/OZIWZZCM4NDPTJMNRJCER4WQFQ.jpg\" width=\"1920\"\/>Yanina Kogan, Mario Montoto y Tet\u00e9 Coustarot <img alt=\"El ex secretario de Seguridad,\" class=\"global-image\" decoding=\"async\" fetchpriority=\"low\" height=\"1280\" loading=\"lazy\" src=\"https:\/\/www.europesays.com\/es\/wp-content\/uploads\/2025\/10\/4KKOXDJZNJGATECC5S6FSCMECU.jpg\" width=\"1920\"\/>El ex secretario de Seguridad, Eugenio Burzaco <img alt=\"Gustavo Gorriz, Alejandra Rafuls y\" class=\"global-image\" decoding=\"async\" fetchpriority=\"low\" height=\"1349\" loading=\"lazy\" src=\"https:\/\/www.europesays.com\/es\/wp-content\/uploads\/2025\/10\/RCBH5GKPHJGKJE357SFN4OYAI4.jpg\" width=\"1920\"\/>Gustavo Gorriz, Alejandra Rafuls y Mario Montoto <img alt=\"El embajador de la Rep\u00fablica\" class=\"global-image\" decoding=\"async\" fetchpriority=\"low\" height=\"1280\" loading=\"lazy\" src=\"https:\/\/www.europesays.com\/es\/wp-content\/uploads\/2025\/10\/LTNEMFMQNFEJNAUKNTAZ2UEHXM.jpg\" width=\"1920\"\/>El embajador de la Rep\u00fablica Democr\u00e1tica del Congo, Daniel Marius Cibangu Kasonga Mubabingi <img alt=\"Dicky Smith Estrada \" class=\"global-image\" decoding=\"async\" fetchpriority=\"low\" height=\"1920\" loading=\"lazy\" src=\"https:\/\/www.europesays.com\/es\/wp-content\/uploads\/2025\/10\/FLCQHQKXAZFODET4KM6VBJYWGM.jpg\" width=\"1280\"\/>Dicky Smith Estrada <img alt=\"El relacionista diplom\u00e1tico, Ariel Blufstein\" class=\"global-image\" decoding=\"async\" fetchpriority=\"low\" height=\"1280\" loading=\"lazy\" src=\"https:\/\/www.europesays.com\/es\/wp-content\/uploads\/2025\/10\/27YE2NQ7GVHLLCXRNH36J4G4ZE.jpg\" width=\"1920\"\/>El relacionista diplom\u00e1tico, Ariel Blufstein <img alt=\"Carmen Polledo, presidente de la\" class=\"global-image\" decoding=\"async\" fetchpriority=\"low\" height=\"1280\" loading=\"lazy\" src=\"https:\/\/www.europesays.com\/es\/wp-content\/uploads\/2025\/10\/ADVS76O6PBHEPK7JEEOKFD2AJE.jpg\" width=\"1920\"\/>Carmen Polledo, presidente de la Fundaci\u00f3n Banco Ciudad<img alt=\"Marcelo Scaglione, ex subsecretario de\" class=\"global-image\" decoding=\"async\" fetchpriority=\"low\" height=\"1168\" loading=\"lazy\" src=\"https:\/\/www.europesays.com\/es\/wp-content\/uploads\/2025\/10\/YFZ4KK22WZBMPB7EUTXWVEVEUM.jpg\" width=\"1920\"\/>Marcelo Scaglione, ex subsecretario de Estado a cargo del acceso de Argentina a la OCDE, junto a Mario Montoto; Mario Katzenell, secretario de Investigaci\u00f3n, Pol\u00edtica Industrial y Producci\u00f3n para la Defensa; y Yanina Kogan <img alt=\"El jefe de Gabinete porte\u00f1o,\" class=\"global-image\" decoding=\"async\" fetchpriority=\"low\" height=\"1280\" loading=\"lazy\" src=\"https:\/\/www.europesays.com\/es\/wp-content\/uploads\/2025\/10\/AQZA6RKKQZCKFOVAJVYGN66UGM.jpg\" width=\"1920\"\/>El jefe de Gabinete porte\u00f1o, Gabriel S\u00e1nchez Zinny <img alt=\"Mario Montoto y el economista,\" class=\"global-image\" decoding=\"async\" fetchpriority=\"low\" height=\"1280\" loading=\"lazy\" src=\"https:\/\/www.europesays.com\/es\/wp-content\/uploads\/2025\/10\/BCYCSSHOVBDTPOSHPQQDTMPTT4.jpg\" width=\"1920\"\/>Mario Montoto y el economista, Miguel Boggiano <img alt=\"El presidente del Fondo Nacional\" class=\"global-image\" decoding=\"async\" fetchpriority=\"low\" height=\"1300\" loading=\"lazy\" src=\"https:\/\/www.europesays.com\/es\/wp-content\/uploads\/2025\/10\/YSCSV3PDARG7JGJ3WFH7AN4GTM.jpg\" width=\"1920\"\/>El presidente del Fondo Nacional de las Artes, Tulio Andreussi Guzm\u00e1n <img alt=\"Mario Montoto y el embajador\" class=\"global-image\" decoding=\"async\" fetchpriority=\"low\" height=\"1280\" loading=\"lazy\" src=\"https:\/\/www.europesays.com\/es\/wp-content\/uploads\/2025\/10\/AEUSBIBUGRFLRENMW2SEHYAHVM.jpg\" width=\"1920\"\/>Mario Montoto y el embajador argentino en India, Mariano Caucino <img alt=\"Ricardo Trigo (Grupo Editor del\" class=\"global-image\" decoding=\"async\" fetchpriority=\"low\" height=\"1280\" loading=\"lazy\" src=\"https:\/\/www.europesays.com\/es\/wp-content\/uploads\/2025\/10\/YMCK3WAFQNCDDI5HKGJ2LS53UI.jpg\" width=\"1920\"\/>Ricardo Trigo (Grupo Editor del Plata)<img alt=\"Lina Anllo, directora general del\" class=\"global-image\" decoding=\"async\" fetchpriority=\"low\" height=\"1920\" loading=\"lazy\" src=\"https:\/\/www.europesays.com\/es\/wp-content\/uploads\/2025\/10\/IQPQOEGWCBHZFE4FRM6U33OBHI.jpg\" width=\"1080\"\/>Lina Anllo, directora general del WEF Argentina, y su marido Diego Cani, productor general del WEF <img alt=\"El legislador porte\u00f1o, Yamil Santoro,\" class=\"global-image\" decoding=\"async\" fetchpriority=\"low\" height=\"1080\" loading=\"lazy\" src=\"https:\/\/www.europesays.com\/es\/wp-content\/uploads\/2025\/10\/LZEBS6RZBNG4JD6R3S77WEBDMM.jpg\" width=\"1920\"\/>El legislador porte\u00f1o, Yamil Santoro, fundador y director ejecutivo de la Fundaci\u00f3n Apolo<img alt=\"Adri\u00e1n Werthein y Fabiana Ricagno\" class=\"global-image\" decoding=\"async\" fetchpriority=\"low\" height=\"1080\" loading=\"lazy\" src=\"https:\/\/www.europesays.com\/es\/wp-content\/uploads\/2025\/10\/QZWYYLXR5ZEQHJLAOUXGBBEJHQ.jpg\" width=\"1920\"\/>Adri\u00e1n Werthein y Fabiana Ricagno junto a Wado De Pedro <img alt=\"La fundadora y presidente de\" class=\"global-image\" decoding=\"async\" fetchpriority=\"low\" height=\"1080\" loading=\"lazy\" src=\"https:\/\/www.europesays.com\/es\/wp-content\/uploads\/2025\/10\/5JRRSOGR2VEITPBNM3EP3N2OGY.jpg\" width=\"1920\"\/>La fundadora y presidente de Fundaci\u00f3n FLOR, Andrea Grobocopatel, y el senador provincial, Walter Torchio<img alt=\"Marisa y Adri\u00e1n Koifman \" class=\"global-image\" decoding=\"async\" fetchpriority=\"low\" height=\"1080\" loading=\"lazy\" src=\"https:\/\/www.europesays.com\/es\/wp-content\/uploads\/2025\/10\/DO26MU3BWRE67JR4LMKXKQBEYI.jpg\" width=\"1920\"\/>Marisa y Adri\u00e1n Koifman <img alt=\"Mario Comisarenco junto al comisario\" class=\"global-image\" decoding=\"async\" fetchpriority=\"low\" height=\"1080\" loading=\"lazy\" src=\"https:\/\/www.europesays.com\/es\/wp-content\/uploads\/2025\/10\/BDAMQFCQCRBIFK4PQUZ6GXLJBM.jpg\" width=\"1920\"\/>Mario Comisarenco junto al comisario general (R) Alejandro \u00d1amandu, CEO de FIDELEM, y Gustavo Finkelstein <img alt=\"Pablo Garzonio, subsecretario de Relaciones\" class=\"global-image\" decoding=\"async\" fetchpriority=\"low\" height=\"1920\" loading=\"lazy\" src=\"https:\/\/www.europesays.com\/es\/wp-content\/uploads\/2025\/10\/FIYUXSIB5RHM3PJNN5V7ABQRYE.jpg\" width=\"1547\"\/>Pablo Garzonio, subsecretario de Relaciones Internacionales y Cooperaci\u00f3n Institucional de la Legislatura porte\u00f1a<img alt=\"Diego Santilli \" class=\"global-image\" decoding=\"async\" fetchpriority=\"low\" height=\"1080\" loading=\"lazy\" src=\"https:\/\/www.europesays.com\/es\/wp-content\/uploads\/2025\/10\/3NKDXTQWXRFJFKEJQOOQ7CAZIM.jpg\" width=\"1920\"\/>Diego Santilli <img alt=\"El padre Fray Jorge Bender\" class=\"global-image\" decoding=\"async\" fetchpriority=\"low\" height=\"1080\" loading=\"lazy\" src=\"https:\/\/www.europesays.com\/es\/wp-content\/uploads\/2025\/10\/A3PZAF4XUVCKHCFIYJHDLE7NSA.jpg\" width=\"1920\"\/>El padre Fray Jorge Bender y Eduardo Feinmann <img alt=\"Mario Montoto y Santiago Braverman\" class=\"global-image\" decoding=\"async\" fetchpriority=\"low\" height=\"1280\" loading=\"lazy\" src=\"https:\/\/www.europesays.com\/es\/wp-content\/uploads\/2025\/10\/HSV6OEGBQFDB5DCXMO77NTDACI.jpg\" width=\"1920\"\/>Mario Montoto y Santiago Braverman <img alt=\"El vicepresidente de la Bolsa\" class=\"global-image\" decoding=\"async\" fetchpriority=\"low\" height=\"1312\" loading=\"lazy\" src=\"https:\/\/www.europesays.com\/es\/wp-content\/uploads\/2025\/10\/WISA4WRCHRALNBDSPQDRVL3EBU.jpg\" width=\"1920\"\/>El vicepresidente de la Bolsa de Comercio de Bah\u00eda Blanca, Carlos Arecco <img alt=\"El fiscal federal Ricardo S\u00e1enz\" class=\"global-image\" decoding=\"async\" fetchpriority=\"low\" height=\"1880\" loading=\"lazy\" src=\"https:\/\/www.europesays.com\/es\/wp-content\/uploads\/2025\/10\/X23YRK742JDBVJPYOJ665CAK7M.jpg\" width=\"1920\"\/>El fiscal federal Ricardo S\u00e1enz y Jorge Pereyra de Olaz\u00e1bal<img alt=\"Mario Montoto junto al padre\" class=\"global-image\" decoding=\"async\" fetchpriority=\"low\" height=\"1920\" loading=\"lazy\" src=\"https:\/\/www.europesays.com\/es\/wp-content\/uploads\/2025\/10\/JXS2AY7K2JBGZHA4CPNC3SKYMI.jpg\" width=\"1812\"\/>Mario Montoto junto al padre Fray Jorge Bender y el empresario Nicol\u00e1s Caputo <img alt=\"TAEDA celebr\u00f3 su 20\u00b0 aniversario\" class=\"global-image\" decoding=\"async\" fetchpriority=\"low\" height=\"1080\" loading=\"lazy\" src=\"https:\/\/www.europesays.com\/es\/wp-content\/uploads\/2025\/10\/UFWOETBDXJFFFOBLDKA3MDGLMU.jpg\" width=\"1920\"\/>TAEDA celebr\u00f3 su 20\u00b0 aniversario con la presentaci\u00f3n del libro \u201cInteligencia artificial para el bien\u201d y el reconocimiento a figuras destacadas \/\/\/ Fotos:  Gustavo Gavotti y RS <\/p>\n","protected":false},"excerpt":{"rendered":"10 Oct, 2025 03:45 a.m. EST El presidente y fundador de TAEDA, Mario Montoto, encabez\u00f3 el evento recordando&hellip;\n","protected":false},"author":2,"featured_media":167100,"comment_status":"","ping_status":"","sticky":false,"template":"","format":"standard","meta":{"footnotes":""},"categories":[172],"tags":[224,146,147,25,24,225,23,30184],"class_list":{"0":"post-167099","1":"post","2":"type-post","3":"status-publish","4":"format-standard","5":"has-post-thumbnail","7":"category-libros","8":"tag-books","9":"tag-entertainment","10":"tag-entretenimiento","11":"tag-es","12":"tag-espana","13":"tag-libros","14":"tag-spain","15":"tag-vidriera"},"share_on_mastodon":{"url":"","error":""},"_links":{"self":[{"href":"https:\/\/www.europesays.com\/es\/wp-json\/wp\/v2\/posts\/167099","targetHints":{"allow":["GET"]}}],"collection":[{"href":"https:\/\/www.europesays.com\/es\/wp-json\/wp\/v2\/posts"}],"about":[{"href":"https:\/\/www.europesays.com\/es\/wp-json\/wp\/v2\/types\/post"}],"author":[{"embeddable":true,"href":"https:\/\/www.europesays.com\/es\/wp-json\/wp\/v2\/users\/2"}],"replies":[{"embeddable":true,"href":"https:\/\/www.europesays.com\/es\/wp-json\/wp\/v2\/comments?post=167099"}],"version-history":[{"count":0,"href":"https:\/\/www.europesays.com\/es\/wp-json\/wp\/v2\/posts\/167099\/revisions"}],"wp:featuredmedia":[{"embeddable":true,"href":"https:\/\/www.europesays.com\/es\/wp-json\/wp\/v2\/media\/167100"}],"wp:attachment":[{"href":"https:\/\/www.europesays.com\/es\/wp-json\/wp\/v2\/media?parent=167099"}],"wp:term":[{"taxonomy":"category","embeddable":true,"href":"https:\/\/www.europesays.com\/es\/wp-json\/wp\/v2\/categories?post=167099"},{"taxonomy":"post_tag","embeddable":true,"href":"https:\/\/www.europesays.com\/es\/wp-json\/wp\/v2\/tags?post=167099"}],"curies":[{"name":"wp","href":"https:\/\/api.w.org\/{rel}","templated":true}]}}