{"id":167106,"date":"2025-10-10T09:19:07","date_gmt":"2025-10-10T09:19:07","guid":{"rendered":"https:\/\/www.europesays.com\/es\/167106\/"},"modified":"2025-10-10T09:19:07","modified_gmt":"2025-10-10T09:19:07","slug":"informacion-util-para-el-sanse-2","status":"publish","type":"post","link":"https:\/\/www.europesays.com\/es\/167106\/","title":{"rendered":"Informaci\u00f3n \u00fatil para el Sanse"},"content":{"rendered":"<p>Aqu\u00ed te dejamos toda la informaci\u00f3n \u00fatil para el partido que enfrentar\u00e1 al Sanse y al FC Andorra ma\u00f1ana s\u00e1bado en Anoeta (18:30 horas):<\/p>\n<p><b>Accesos y gradas de tribuna baja disponibles<\/b><\/p>\n<p>Para que nuestros potrillos sientan a la afici\u00f3n m\u00e1s cerca, \u00fanicamente se abrir\u00e1n las puertas 1, 2, 9 y 10 con acceso exclusivo al anillo inferior de la Tribuna Este, Tribuna Principal y de la Tribuna Sur (Grada Aitor Zabaleta).<\/p>\n<p><b>Apertura de puertas, desde una hora antes<\/b><\/p>\n<p>Las puertas 1, 2, 9 y 10 del estadio abrir\u00e1n a las 17:30 horas. Se podr\u00e1 acceder con carnet f\u00edsico de socio, carnet digital de socio (integrado en App Realzale), carnet de RS Fan (previo canjeo de entrada en taquilla) o entrada del partido.\u00a0<\/p>\n<p><b>Taquilla de Anoeta<\/b><\/p>\n<p>Las taquillas ubicadas junto a la oficina de atenci\u00f3n al socio, situada a la par del front\u00f3n Atano III, estar\u00e1n operativas desde las 16:30 horas tanto para la venta de entradas como para resolver cualquier incidencia relacionada con el partido.\u00a0<\/p>\n<p><b>RS Fan<\/b><\/p>\n<p>Los RS Fan, al no disponer de carnet con c\u00f3digo QR, para acceder a los tornos, podr\u00e1n pasar por la taquilla a retirar la entrada como documento de acceso al estadio.<\/p>\n<p><b>Tienda y servicio en bares<\/b><\/p>\n<p>La tienda del estadio abrir\u00e1 de 10 a 20 horas de forma ininterrumpida. Por otra parte, los bares del estadio estar\u00e1n en marcha desde las 17:30 horas.<\/p>\n<p><b>Hospitality y parking<\/b><\/p>\n<p>No disponibles para este partido.<\/p>\n<p><b>Keler Espazioa<\/b><\/p>\n<p>No abrir\u00e1 este fin de semana.<\/p>\n<p><b>Parking de bicis<\/b><\/p>\n<p>El parking de bicicletas y patinetes permanecer\u00e1 cerrado.<\/p>\n","protected":false},"excerpt":{"rendered":"Aqu\u00ed te dejamos toda la informaci\u00f3n \u00fatil para el partido que enfrentar\u00e1 al Sanse y al FC Andorra&hellip;\n","protected":false},"author":2,"featured_media":167107,"comment_status":"","ping_status":"","sticky":false,"template":"","format":"standard","meta":{"footnotes":""},"categories":[93],"tags":[1666,10098,16758,168,25,24,700,282,4074,29895,10556,4207,29897,1211,1044,29896,556,1045,798,228,438,10105,492,23,167,11613,25581],"class_list":["post-167106","post","type-post","status-publish","format-standard","has-post-thumbnail","category-deportes","tag-acceso","tag-andorra","tag-carnet","tag-deportes","tag-es","tag-espana","tag-europa","tag-futbol","tag-horarios","tag-ibk","tag-keler-espazioa","tag-las","tag-lazio","tag-league","tag-liga","tag-meeting-point","tag-palmas","tag-partido","tag-real","tag-recomendaciones","tag-roma","tag-sanse","tag-sociedad","tag-spain","tag-sports","tag-tienda","tag-util"],"share_on_mastodon":{"url":"","error":""},"_links":{"self":[{"href":"https:\/\/www.europesays.com\/es\/wp-json\/wp\/v2\/posts\/167106","targetHints":{"allow":["GET"]}}],"collection":[{"href":"https:\/\/www.europesays.com\/es\/wp-json\/wp\/v2\/posts"}],"about":[{"href":"https:\/\/www.europesays.com\/es\/wp-json\/wp\/v2\/types\/post"}],"author":[{"embeddable":true,"href":"https:\/\/www.europesays.com\/es\/wp-json\/wp\/v2\/users\/2"}],"replies":[{"embeddable":true,"href":"https:\/\/www.europesays.com\/es\/wp-json\/wp\/v2\/comments?post=167106"}],"version-history":[{"count":0,"href":"https:\/\/www.europesays.com\/es\/wp-json\/wp\/v2\/posts\/167106\/revisions"}],"wp:featuredmedia":[{"embeddable":true,"href":"https:\/\/www.europesays.com\/es\/wp-json\/wp\/v2\/media\/167107"}],"wp:attachment":[{"href":"https:\/\/www.europesays.com\/es\/wp-json\/wp\/v2\/media?parent=167106"}],"wp:term":[{"taxonomy":"category","embeddable":true,"href":"https:\/\/www.europesays.com\/es\/wp-json\/wp\/v2\/categories?post=167106"},{"taxonomy":"post_tag","embeddable":true,"href":"https:\/\/www.europesays.com\/es\/wp-json\/wp\/v2\/tags?post=167106"}],"curies":[{"name":"wp","href":"https:\/\/api.w.org\/{rel}","templated":true}]}}