{"id":167132,"date":"2025-10-10T09:37:21","date_gmt":"2025-10-10T09:37:21","guid":{"rendered":"https:\/\/www.europesays.com\/es\/167132\/"},"modified":"2025-10-10T09:37:21","modified_gmt":"2025-10-10T09:37:21","slug":"un-libro-retrata-el-alma-y-la-razon-de-ser-del-photo-club-de-burgos","status":"publish","type":"post","link":"https:\/\/www.europesays.com\/es\/167132\/","title":{"rendered":"Un libro retrata el alma y la raz\u00f3n de ser del Photo Club de Burgos"},"content":{"rendered":"<p>La Diputaci\u00f3n de Burgos acaba de publicar el libro Photo Club. Burgos desde la fotograf\u00eda de Gonzalo Miguel Ojeda, que aborda el estudio de la colecci\u00f3n de 19.000 im\u00e1genes que se conservan en el Archivo Provincial del Monasterio de San Agust\u00edn. Los autores han sido los profesores de la UBU e investigadores Mar Chicharro Merayo, F\u00e1tima Gil Gasc\u00f3n, Juli\u00e1n Hoyos Alonso, Ainara Miguel S\u00e1ez de Urabain, Rub\u00e9n Olalla Mart\u00edn, Ana M. Pe\u00f1a Var\u00f3 y Mar\u00eda Jos\u00e9 Zapara\u00edn Y\u00e1\u00f1ez, coordinados por Lena S. Iglesias Rouco y Miguel \u00c1. Moreno Gallo.<\/p>\n<p>Este \u00abdocumento hist\u00f3rico de 395 p\u00e1ginas, con 435 fotograf\u00edas desde 1923 a 1975\u00bb, ya est\u00e1 a la venta por 30 euros en las principales librer\u00edas de Burgos tal y como explica Raquel Contreras, diputada de Cultura. De momento solo se han editado 200 ejemplares, aunque se prev\u00e9 que sean necesarios m\u00e1s, dada la calidad y la carga hist\u00f3rica y emocional que su contenido tiene para los burgaleses.<\/p>\n<p>En la publicaci\u00f3n se estudian la historia del Photo Club, que funcion\u00f3 en Burgos entre 1923 y 1975, las caracter\u00edsticas del archivo que adquiri\u00f3 la Diputaci\u00f3n en 1978, los cambios observados en la capital y provincia a trav\u00e9s de las im\u00e1genes de la colecci\u00f3n, el urbanismo, la Guerra Civil, el papel de la mujer en la fotograf\u00eda, la imagen proyectada a trav\u00e9s del archivo y el patrimonio hist\u00f3rico, cuyo fondo ocupa m\u00e1s de la mitad de la colecci\u00f3n.<\/p>\n<p>El investigador Miguel Moreno destaca la colecci\u00f3n de im\u00e1genes de la Guerra Civil, puesto que estos fot\u00f3grafos fueron unos de los primeros en acudir &#8216;empotrados&#8217; con las unidades al frente y adem\u00e1s dispon\u00edan de un laboratorio de revelado que usaban otros profesionales, por lo que\u00a0 el fondo ofrece im\u00e1genes de otros lugares de Espa\u00f1a durante el enfrentamiento fratricida fuera de la provincia de Burgos.<\/p>\n<p>El libro est\u00e1 dividiendo en varios cap\u00edtulos tem\u00e1ticos tras una introducci\u00f3n y la historia del Photo Club, con su tienda el principio del paseo de la Isla, y de la pareja formada por Gonzalo Miguel Ojeda y su mujer. Se cierra con un \u00e1lbum de 185 fotograf\u00edas muy variadas, que incluyen retratos individuales o de parejas, grupos e incluso multitudes.<\/p>\n<p>La catedr\u00e1tica Lena S. iglesias avanza la posibilidad de que el libro se convierta en una exposici\u00f3n itinerante que recorra la provincia de la mano de la Diputaci\u00f3n de Burgos.<\/p>\n<p>Con este libro se cierra -en id\u00e9ntico\u00a0formato- la trilog\u00eda de las tres grandes colecciones hist\u00f3ricas de los archivos burgaleses: las de Juan Antonio Cort\u00e9s y Alfonso Vadillo, que ya contaban con monograf\u00edas, y ahora la de Gonzalo Miguel Ojeda, que conserva acontecimientos oficiales y particulares, retratos y reportajes y hace un recorrido desde la monarqu\u00eda de Alfonso XIII, la Segunda Rep\u00fablica y la Guerra Civil hasta buena parte del franquismo.<\/p>\n","protected":false},"excerpt":{"rendered":"La Diputaci\u00f3n de Burgos acaba de publicar el libro Photo Club. Burgos desde la fotograf\u00eda de Gonzalo Miguel&hellip;\n","protected":false},"author":2,"featured_media":167133,"comment_status":"","ping_status":"","sticky":false,"template":"","format":"standard","meta":{"footnotes":""},"categories":[173],"tags":[229,233,231,230,623,232,48999,234,146,147,25,24,1470,3618,49001,6041,49000,2029,23,31396,2965],"class_list":{"0":"post-167132","1":"post","2":"type-post","3":"status-publish","4":"format-standard","5":"has-post-thumbnail","7":"category-arte-y-diseno","8":"tag-arte","9":"tag-arte-y-diseno","10":"tag-arts","11":"tag-arts-and-design","12":"tag-burgos","13":"tag-design","14":"tag-diputacion-de-burgos","15":"tag-diseno","16":"tag-entertainment","17":"tag-entretenimiento","18":"tag-es","19":"tag-espana","20":"tag-franquismo","21":"tag-guerra-civil","22":"tag-iglesia-de-san-agustin","23":"tag-monarquia","24":"tag-monasterio-de-san-agustin","25":"tag-profesores","26":"tag-spain","27":"tag-universidad-de-burgos","28":"tag-urbanismo"},"share_on_mastodon":{"url":"","error":""},"_links":{"self":[{"href":"https:\/\/www.europesays.com\/es\/wp-json\/wp\/v2\/posts\/167132","targetHints":{"allow":["GET"]}}],"collection":[{"href":"https:\/\/www.europesays.com\/es\/wp-json\/wp\/v2\/posts"}],"about":[{"href":"https:\/\/www.europesays.com\/es\/wp-json\/wp\/v2\/types\/post"}],"author":[{"embeddable":true,"href":"https:\/\/www.europesays.com\/es\/wp-json\/wp\/v2\/users\/2"}],"replies":[{"embeddable":true,"href":"https:\/\/www.europesays.com\/es\/wp-json\/wp\/v2\/comments?post=167132"}],"version-history":[{"count":0,"href":"https:\/\/www.europesays.com\/es\/wp-json\/wp\/v2\/posts\/167132\/revisions"}],"wp:featuredmedia":[{"embeddable":true,"href":"https:\/\/www.europesays.com\/es\/wp-json\/wp\/v2\/media\/167133"}],"wp:attachment":[{"href":"https:\/\/www.europesays.com\/es\/wp-json\/wp\/v2\/media?parent=167132"}],"wp:term":[{"taxonomy":"category","embeddable":true,"href":"https:\/\/www.europesays.com\/es\/wp-json\/wp\/v2\/categories?post=167132"},{"taxonomy":"post_tag","embeddable":true,"href":"https:\/\/www.europesays.com\/es\/wp-json\/wp\/v2\/tags?post=167132"}],"curies":[{"name":"wp","href":"https:\/\/api.w.org\/{rel}","templated":true}]}}