{"id":167143,"date":"2025-10-10T09:44:10","date_gmt":"2025-10-10T09:44:10","guid":{"rendered":"https:\/\/www.europesays.com\/es\/167143\/"},"modified":"2025-10-10T09:44:10","modified_gmt":"2025-10-10T09:44:10","slug":"hbo-sorprende-con-el-primer-trailer-de-el-caballero-de-los-siete-reinos-la-nueva-y-esperada-precuela-de-juego-de-tronos-vandal","status":"publish","type":"post","link":"https:\/\/www.europesays.com\/es\/167143\/","title":{"rendered":"HBO sorprende con el primer tr\u00e1iler de &#039;El caballero de los Siete Reinos&#039;, la nueva y esperada precuela de &#039;Juego de tronos&#039; &#8211; Vandal"},"content":{"rendered":"<ol>\n<li><a href=\"https:\/\/news.google.com\/rss\/articles\/CBMi7wFBVV95cUxNWUc0LXI4Y0dRbWt2Rm5jcWt0RzF1QVFtcEh5b2pzSS1KdTVPU2ZJS0RRbDBWMDJSa09ybzNWRFp4ODlEZVZwckNYUmZlSllrRVE3SFFKUkNiM280am5MTDVGaHptbFdHc3ZPS0UzQzRuV19tby1vaVYyNERNc216OFNUcHhwaW5SbDZyVFlsUkFKbEQybHdFLVpRYXhCZ1dLb3hXWGxaSGZMOXJHdFd6UEowRml3VG1fR2puOXQ4T3J5Nzl0Q21idnlQRWFZbENKbDU5WDkwOVA3VEEyQlhuZ1loMlFocF9TZWNwZEU1VdIB9AFBVV95cUxQNXVfTzkzWFhNTzFQVVBIY3praE00cjgzUGxoS3FkY2ZsSTZUemZ0Z1docW4ySVU1OF9PMFItV0l1U09ZN0ZlT3JoLXJqQVVjQTc2eGFFYWJNUTdXZDVxbzhSTUVWX2hSbmxRSmFDcmhkMlI4U0NUWmI5OEwwbVJJZ2JSZDBLS3QzNkpnN1RBN196UWJYSVk4NDhDMG9kQjFMTkJsb2gySUNZNjNaUGRzZkVSX0laeTdZc3NFNFJ0WUlFSmlrcGFZaGNHZDlycGR3Q2dBUTVrV1FwQzNlWkxfR0d0U09XZEYyQ0ItanNVMXlJZU1K?oc=5\" target=\"_blank\" rel=\"nofollow noopener\">HBO sorprende con el primer tr\u00e1iler de &#8216;El caballero de los Siete Reinos&#8217;, la nueva y esperada precuela de &#8216;Juego de tronos&#8217;<\/a>&nbsp;&nbsp;Vandal<\/li>\n<li><a href=\"https:\/\/news.google.com\/rss\/articles\/CBMi0wFBVV95cUxQWXZsWGQ4THFoUnV3U1E2Sk1XLWpVWjBIT1ZOYlh6MEhqUUd1NHdjM2JnVHNrV085cjRLMkJQUU1tb09uVkVVcEtqZjl4LW1QZ0VhbEZGdVY5aHJCd1VXQ2Jzd3NielJLMXlHekt1TzhWMWJVNldfUjBlUG5iX0UwLVNpX29BN2V0aWVraXh5WjJIVDhzNGhyX3BHUmpqVi05cy1Rdl9nekNNMzlKR1NIU1RXQi14ZUFnYzV1aERxMG9nZm1XWGg4emlWOGJmUmpIWEJr0gHnAUFVX3lxTE03Q1lySUk1dzNEY0x6RGxxcDBibS1wY0NFMjRHLVVIVlUxaHJBS0lIT2ZfN2JpSmUycnB1SnFuTnN1NVRUU05RbU5zUmVGZzlYbEdRb0VSa2IycUY1dFRqZ0hTQTFWYjhxSFByWkxJdEJXLXF0eXBkYjlIMWRxdzJtZEg4SEI2ZGw5SkdXQXZ5cWd4cnFGbGU1Qlc0ejB2TWxSLWV5ZngteXZseHhUUjV5bmZ2ZURnX19WVkgtY29xek1zbllJQXZTWl9KVDlLMURsN3pmRDdSYXdhOTdYNlRzVHU3WFhwNA?oc=5\" target=\"_blank\" rel=\"nofollow noopener\">Primer tr\u00e1iler y fecha de \u2018El caballero de los siete reinos\u2019: el nuevo bombazo de HBO para 2026<\/a>&nbsp;&nbsp;Diario AS<\/li>\n<li><a href=\"https:\/\/news.google.com\/rss\/articles\/CBMi0AFBVV95cUxPYVBEWmR3RnRXWUVoaTIzTkxfUmJTX2R5d3A0ZmdPbml5dnczbXI3aGxJS1pZTS1ZV3lHemNoeUVXdUhjMWJVTVFoMUFzYmNLTWpOTW1HUVA3cUY2TGNMMFcxQVRfWVRReXU4ekl0ektOeXo3UVVDYTB5SlFTQzc1ZVJjeHZwRGZkdzV2a0pYUmhZM09xeUY2VUdRcTVtMXNOTGRxUmVFSWZweHFRSEg2UWU3TGpPX0paVkNRTXpkU0k4Sk4zaUpGZ2wydDRCdG5U0gHWAUFVX3lxTFBqbFFGT20wM0FfeWFmN2VJQW5BNGREZUtkWUNUWF95TklGUGtfSThYbWR6YldGNEpkTE5kT1NXaUIzc1VwZkwtNm1ZWkJtVWlrZXl5VUJPcDRVMG1sT1NNMG9aMml2blhFTkJaWTBjTEN4SnJONlZhalZuMzBJRmxrZUxNVXNGemZFUko4dVMtejJyaEdjUko2YjhYT3pkU1NIMGdpYWtOOWhpUWlxR25wR3ZDQjUza1VMRjg4YklRN0ZJVHcxMFdzRWZkTW9oY3ZXX0FiYVE?oc=5\" target=\"_blank\" rel=\"nofollow noopener\">&#8216;El caballero de los siete reinos&#8217;, la precuela de &#8216;Juego de Tronos&#8217;, llega el 18 de enero<\/a>&nbsp;&nbsp;La Vanguardia<\/li>\n<li><a href=\"https:\/\/news.google.com\/rss\/articles\/CBMibkFVX3lxTE5hRktEUzZSNUZhVVR2Szc1MVQ0SEhockt5SkFCQl9SdXFUblZMZ21JWGttUXdKSHN0bGVNLWdDQXBRVFoza3I0RXVVVTIwVzhrc29iZHkxZWxpbGJBQ2ttNHRCaElqUnNnSUI3RHJB0gFzQVVfeXFMTzlvM0IzSnkyRGs1QmszcU9RUFVEMHFIUkRlaWpHQ19vRU84WlVRZFNrZEwyT0VEdGpiUUVTaTBxLUYwVDlyZE9XUFJWeDNaT1JfcjRzc0RwSnNYUkhpN0pheU9sbHRjNTRlUkFmUTdwWWJ6Yw?oc=5\" target=\"_blank\" rel=\"nofollow noopener\">La pr\u00f3xima serie de &#8216;Juego de Tronos&#8217; comienza en 4 meses y rompe una gran tradici\u00f3n de la saga de fantas\u00eda<\/a>&nbsp;&nbsp;SensaCine<\/li>\n<li><a href=\"https:\/\/news.google.com\/rss\/articles\/CBMi7AFBVV95cUxQd1pZZU9MWEJWdjdiSl9KemhJOFJwc3VOdGExXy1CUEdJUGlWUE9jUC13VDN3bWFyY1Zmb3QtS0x4SzlrdEhDTWN0VElRcFZjUDNocFZsRDU2SlVuMVNQQ21KR3A1R05sVlkyalNQRGpvMGVrUkdxSU8wU0o1Z0tkZmJ6ZEtYYlVWcFQ4MEhDTWhDVERVdnJ3eHg4M0Rmelh6bW9mWlQ3LUs3WnhIN2pmZGpVMXdYdG4yQlQ3SWNlN0lpT1BaRWtvWldoc3lYYnB2ZUVIZXFienNjc3gtOGVLd3VOaVB1M3VMaHNxUg?oc=5\" target=\"_blank\" rel=\"nofollow noopener\">&#8216;El caballero de los Siete Reinos&#8217; ya tiene fecha de estreno: todo lo que necesitas saber sobre la nueva precuela de &#8216;Juego de tronos&#8217;<\/a>&nbsp;&nbsp;20Minutos<\/li>\n<\/ol>\n","protected":false},"excerpt":{"rendered":"HBO sorprende con el primer tr\u00e1iler de &#8216;El caballero de los Siete Reinos&#8217;, la nueva y esperada precuela&hellip;\n","protected":false},"author":2,"featured_media":167144,"comment_status":"","ping_status":"","sticky":false,"template":"","format":"standard","meta":{"footnotes":""},"categories":[91],"tags":[146,147,25,24,2065,23],"class_list":{"0":"post-167143","1":"post","2":"type-post","3":"status-publish","4":"format-standard","5":"has-post-thumbnail","7":"category-entretenimiento","8":"tag-entertainment","9":"tag-entretenimiento","10":"tag-es","11":"tag-espana","12":"tag-faltan-tags","13":"tag-spain"},"share_on_mastodon":{"url":"","error":""},"_links":{"self":[{"href":"https:\/\/www.europesays.com\/es\/wp-json\/wp\/v2\/posts\/167143","targetHints":{"allow":["GET"]}}],"collection":[{"href":"https:\/\/www.europesays.com\/es\/wp-json\/wp\/v2\/posts"}],"about":[{"href":"https:\/\/www.europesays.com\/es\/wp-json\/wp\/v2\/types\/post"}],"author":[{"embeddable":true,"href":"https:\/\/www.europesays.com\/es\/wp-json\/wp\/v2\/users\/2"}],"replies":[{"embeddable":true,"href":"https:\/\/www.europesays.com\/es\/wp-json\/wp\/v2\/comments?post=167143"}],"version-history":[{"count":0,"href":"https:\/\/www.europesays.com\/es\/wp-json\/wp\/v2\/posts\/167143\/revisions"}],"wp:featuredmedia":[{"embeddable":true,"href":"https:\/\/www.europesays.com\/es\/wp-json\/wp\/v2\/media\/167144"}],"wp:attachment":[{"href":"https:\/\/www.europesays.com\/es\/wp-json\/wp\/v2\/media?parent=167143"}],"wp:term":[{"taxonomy":"category","embeddable":true,"href":"https:\/\/www.europesays.com\/es\/wp-json\/wp\/v2\/categories?post=167143"},{"taxonomy":"post_tag","embeddable":true,"href":"https:\/\/www.europesays.com\/es\/wp-json\/wp\/v2\/tags?post=167143"}],"curies":[{"name":"wp","href":"https:\/\/api.w.org\/{rel}","templated":true}]}}