{"id":167158,"date":"2025-10-10T09:52:10","date_gmt":"2025-10-10T09:52:10","guid":{"rendered":"https:\/\/www.europesays.com\/es\/167158\/"},"modified":"2025-10-10T09:52:10","modified_gmt":"2025-10-10T09:52:10","slug":"pronostico-deiveson-figueiredo-montel-jackson","status":"publish","type":"post","link":"https:\/\/www.europesays.com\/es\/167158\/","title":{"rendered":"Pron\u00f3stico Deiveson Figueiredo Montel Jackson"},"content":{"rendered":"<p class=\"text-xs leading-5 text-gray-400 mb-2\">\n                        Publicado el 10\/10\/25 2:26<br \/>\n                        \u00a0por<br \/>\n                                                            <a href=\"https:\/\/www.sportytrader.com\/es\/autor\/camilo-ochoa-93\/\" rel=\"nofollow noopener\" target=\"_blank\">Camilo Ochoa<\/a><\/p>\n<p>                                                    |<br \/>\n                            Modificado el<br \/>\n                                10\/10\/25<br \/>\n                                a 5:14<\/p>\n<p>                                                                            en<br \/>\n                            <a data-trans=\"tips.published.competition %competition%\" href=\"https:\/\/www.sportytrader.com\/es\/pronosticos\/combate\/mma\/ufc\/\" rel=\"nofollow noopener\" target=\"_blank\"><br \/>\n                                Pron\u00f3stico UFC<br \/>\n                            <\/a><\/p>\n<p style=\"text-align: justify;\">El peleador brasile\u00f1o\u00a0Deiveson\u00a0Figueiredo debe enfrentarse al estadounidense Montel\u00a0Jackson en el evento UFC Fight Night, que tendr\u00e1 cabida en el\u00a0Farmasi Arena en R\u00edo de Janeiro. El conocido como el \u00abDios de la Guerra\u00bb no ha tenido el mejor rendimiento al enlazar 2 derrotas consecutivas ante Sandhagen y Yan, por lo que a sus 37 a\u00f1os es dif\u00edcil volver a la senda del triunfo. Con un r\u00e9cord personal de 24 victorias en sus 28 peleas como profesional,\u00a0Deiveson\u00a0Figueiredo se ha hecho conocido por ser campe\u00f3n del peso mosca de la UFC, gracias a su movilidad por el oct\u00e1gono y su buena defensa ante los derribos.<\/p>\n<p style=\"text-align: justify;\">Por su lado, el nacido en Milwaukee est\u00e1 en pleno estado de forma al llegar con una racha an\u00edmica de la liga polaca. Adem\u00e1s, el peleador estadounidense tendr\u00e1 su combate n\u00famero 17 en el oct\u00e1gono, donde sali\u00f3 airoso en 14 ocasiones, siendo por nocaut un total de 8 ocasiones. Con un estilo de pelea basado en su poder de striking y acompa\u00f1ado de su velocidad para recuperar la posici\u00f3n, se espera que compita en Brasil. Del otro lado, el estadounidense es un menos curtido al no haber llegado a las 20 peleas a sus 31 a\u00f1os.\u00a0<\/p>\n","protected":false},"excerpt":{"rendered":"Publicado el 10\/10\/25 2:26 \u00a0por Camilo Ochoa | Modificado el 10\/10\/25 a 5:14 en Pron\u00f3stico UFC El peleador&hellip;\n","protected":false},"author":2,"featured_media":167159,"comment_status":"","ping_status":"","sticky":false,"template":"","format":"standard","meta":{"footnotes":""},"categories":[276],"tags":[49006,168,25,24,49007,2679,23,167,343,2649],"class_list":{"0":"post-167158","1":"post","2":"type-post","3":"status-publish","4":"format-standard","5":"has-post-thumbnail","7":"category-ufc","8":"tag-deiveson-figueiredo","9":"tag-deportes","10":"tag-es","11":"tag-espana","12":"tag-montel-jackson","13":"tag-pronostico","14":"tag-spain","15":"tag-sports","16":"tag-ufc","17":"tag-ufc-fight-night"},"share_on_mastodon":{"url":"","error":""},"_links":{"self":[{"href":"https:\/\/www.europesays.com\/es\/wp-json\/wp\/v2\/posts\/167158","targetHints":{"allow":["GET"]}}],"collection":[{"href":"https:\/\/www.europesays.com\/es\/wp-json\/wp\/v2\/posts"}],"about":[{"href":"https:\/\/www.europesays.com\/es\/wp-json\/wp\/v2\/types\/post"}],"author":[{"embeddable":true,"href":"https:\/\/www.europesays.com\/es\/wp-json\/wp\/v2\/users\/2"}],"replies":[{"embeddable":true,"href":"https:\/\/www.europesays.com\/es\/wp-json\/wp\/v2\/comments?post=167158"}],"version-history":[{"count":0,"href":"https:\/\/www.europesays.com\/es\/wp-json\/wp\/v2\/posts\/167158\/revisions"}],"wp:featuredmedia":[{"embeddable":true,"href":"https:\/\/www.europesays.com\/es\/wp-json\/wp\/v2\/media\/167159"}],"wp:attachment":[{"href":"https:\/\/www.europesays.com\/es\/wp-json\/wp\/v2\/media?parent=167158"}],"wp:term":[{"taxonomy":"category","embeddable":true,"href":"https:\/\/www.europesays.com\/es\/wp-json\/wp\/v2\/categories?post=167158"},{"taxonomy":"post_tag","embeddable":true,"href":"https:\/\/www.europesays.com\/es\/wp-json\/wp\/v2\/tags?post=167158"}],"curies":[{"name":"wp","href":"https:\/\/api.w.org\/{rel}","templated":true}]}}