{"id":167164,"date":"2025-10-10T09:56:09","date_gmt":"2025-10-10T09:56:09","guid":{"rendered":"https:\/\/www.europesays.com\/es\/167164\/"},"modified":"2025-10-10T09:56:09","modified_gmt":"2025-10-10T09:56:09","slug":"mclaren-sedujo-a-palou-con-la-f1-pero-todo-cambio-con-piastri","status":"publish","type":"post","link":"https:\/\/www.europesays.com\/es\/167164\/","title":{"rendered":"McLaren sedujo a Palou con la F1, pero \u201ctodo cambi\u00f3 con Piastri\u201d"},"content":{"rendered":"<p class=\"\"><b>\u00c1lex Palou y Zak Brown han declarado esta semana <\/b>en el juicio que trata de dirimir una demanda de 20 millones de d\u00f3lares (17 millones de euros) de McLaren contra el piloto espa\u00f1ol por romper su contrato con el fabricante de Woking.<b> Palou fich\u00f3 por McLaren en julio de 2022 <\/b>y progresivamente se convirti\u00f3 en piloto de desarrollo y reserva de F1. En el verano de 2023, el acuerdo se interrumpi\u00f3, Palou renov\u00f3 con Chip Ganassi y evit\u00f3 competir para el equipo de McLaren en la IndyCar. Deportivamente, ese movimiento le ha permitido convertirse en<b> tetracampe\u00f3n de la IndyCar y ganador de las 500 Millas de Indian\u00e1polis <\/b>junto a una de las escuder\u00edas m\u00e1s dominantes del campeonato norteamericano. Pero Zak Brown y su equipo de abogados <b>le reclaman los salarios percibidos y el coste de las sesiones de test <\/b>que complet\u00f3 al volante de un McLaren F1 (en Austria o Barcelona) dentro del programa de desarrollo para llegar a debutar en los entrenamientos libres del GP de Estados Unidos en 2022.<\/p>\n<p class=\"\">Palou declar\u00f3 este jueves que Zak Brown le plante\u00f3 como posibilidad real que llegara a pilotar en la escuder\u00eda de F1. En 2022, Ricciardo acompa\u00f1aba a Norris, pero no alcanzaba los resultados esperados (terminar\u00edan rescindiendo su contrato de 2023), as\u00ed que <b>hab\u00eda una puerta abierta en un equipo que entonces no luchaba por podios ni victorias regularmente.<\/b> Y bajo esa premisa, Palou se uni\u00f3 a McLaren. \u201cEn oto\u00f1o de 2021 le dije a MIM (su agencia de representaci\u00f3n entonces) que solo me interesaba McLaren para correr en F1. En los test con McLaren, Zak me dijo que era posible y que me dar\u00eda toda la preparaci\u00f3n necesaria para llegar a la F\u00f3rmula 1\u201d, revela Motor Sport Magazine.<\/p>\n<p class=\"\">Todo se torci\u00f3 con el fichaje de Piastri (que sali\u00f3 de Alpine a la vez que Alonso). Palou traslad\u00f3 su disconformidad: \u201cEstaba enfadado cuando McLaren fich\u00f3 a otro\u00a0rookie, <b>Zak me dijo que no fue su decisi\u00f3n contratarle, que lo hab\u00eda hecho Andreas Seidl<\/b>\u00a0(entonces team principal), y que necesitaba un piloto r\u00e1pido para 2023, pero desde su punto de vista mis opciones de llegar a la F1 no se ve\u00edan afectadas. Zak me dijo que el rendimiento de Piastri se comparar\u00eda con el m\u00edo para 2024\u201d. \u201cYa supe que todo hab\u00eda cambiado,<b> y desde ese momento me plante\u00e9 quedarme en Chip Ganassi en el futuro\u201d,<\/b> a\u00f1adi\u00f3 Palou seg\u00fan el medio ingl\u00e9s.<\/p>\n<p><b>El \u2018Plan C\u2019 si Piastri no cumpl\u00eda<\/b><\/p>\n<p class=\"\">Antes, la agencia Reuters recogi\u00f3 algunas de las declaraciones del dirigente norteamericano, que vol\u00f3 a Londres para comparecer unas horas despu\u00e9s de celebrar en el GP de Singapur el segundo t\u00edtulo consecutivo de McLaren: <b>\u201cNo est\u00e1bamos atando a \u00c1lex.<\/b> Nunca le dije que lo consider\u00e1semos para 2023 (para la F1), hab\u00eda una opci\u00f3n de unirse a la F1\u201d. Brown revel\u00f3 que Piastri hab\u00eda firmado un contrato de un a\u00f1o y que el Plan B en caso de lesiones era Palou, <b>y \u201cel Plan C\u201d era que Palou sustituyera a Piastri en 2024 si el australiano no daba el nivel.<\/b> Igualmente, se defendi\u00f3 de las acusaciones de eliminar mensajes de WhatsApp en sus negociaciones.<\/p>\n<p>Noticias relacionadas<a href=\"https:\/\/as.com\/motor\/mas_motor\/resignacion-en-alpine-estamos-lejos-de-donde-deberiamos-f202510-n\/\" class=\"s_m_w\" title=\"Aunque reconoce que \u201cest\u00e1n trabajando duro\u201d, Gasly refleja la sensaci\u00f3n de un equipo franc\u00e9s que marcha \u00faltimo con menos de la mitad de puntos que su rival m\u00e1s cercano, Haas.\" data-tb-link=\"\" rel=\"nofollow noopener\" target=\"_blank\"><img decoding=\"async\" src=\"https:\/\/www.europesays.com\/es\/wp-content\/uploads\/2025\/10\/1760090168_788_6CFBRTDTCFMJNCNFAQ5UQTFVSQ.jpg\" alt=\"Resignaci\u00f3n en Alpine: \u201cEstamos lejos de donde deber\u00edamos\u201d\" class=\"\" height=\"1\" width=\"1\"   loading=\"lazy\" data-tb-thumbnail=\"\"\/><\/a><a href=\"https:\/\/as.com\/motor\/formula_1\/alonso-siempre-esta-ahi-f202510-n\/\" class=\"s_m_w\" title=\"\u201cSi Fernando estuviera en McLaren o Red Bull este a\u00f1o, seguir\u00eda en la carrera (por el t\u00edtulo)\u201d, dice el italiano, que conf\u00eda en verle ganar con Aston Martin: \u201cTienen al genio m\u00e1s grande\u201d.\" data-tb-link=\"\" rel=\"nofollow noopener\" target=\"_blank\"><img decoding=\"async\" src=\"https:\/\/www.europesays.com\/es\/wp-content\/uploads\/2025\/10\/1760090169_172_QH4BR2Q5MRFEDPZUEEO5LS6IOY.jpg\" alt=\"\u201cAlonso siempre est\u00e1 ah\u00ed\u201d\" class=\"\" height=\"1\" width=\"1\"   loading=\"lazy\" data-tb-thumbnail=\"\"\/><\/a><\/p>\n<p class=\"\">Entre las curiosidades, Palou manifiesta cierta sorpresa cuando sus conversaciones con<b> Helmut Marko<\/b> para un te\u00f3rico asiento en Alpha Tauri, en el verano de 2022, <b>se torcieron despu\u00e9s de que Brown hablara con el asesor de Red Bull.<\/b> AS ya inform\u00f3 entonces de esa posibilidad, que el propio Marko descart\u00f3 por dificultades contractuales (Palou ten\u00eda v\u00ednculos con Chip Ganassi, McLaren y con Monaco Increase Management, su antigua agencia de representaci\u00f3n). <b>\u201cZak habl\u00f3 con Helmut y le dijo que ya no estaba interesado. <\/b>No s\u00e9 qu\u00e9 pas\u00f3 en la conversaci\u00f3n, pero claramente no ayud\u00f3 porque Helmut perdi\u00f3 el inter\u00e9s de repente\u201d, valor\u00f3 Palou.<\/p>\n<p class=\"\"><b>\u00a1Tus opiniones importan!<\/b> Comenta en los art\u00edculos y suscr\u00edbete gratis a nuestra <a href=\"https:\/\/asfan.as.com\/newsletters\/\" target=\"_blank\" rel=\"nofollow noopener\" title=\"https:\/\/asfan.as.com\/newsletters\/\">newsletter<\/a> y a las alertas informativas en la <a href=\"https:\/\/as.com\/aplicacion-de-as-n\/\" target=\"_blank\" rel=\"nofollow noopener\" title=\"https:\/\/as.com\/aplicacion-de-as-n\/\">App<\/a> o el canal de <a href=\"https:\/\/www.whatsapp.com\/channel\/0029VaAasdA7j6g745nz9M10\" target=\"_blank\" rel=\"nofollow noopener\" title=\"https:\/\/www.whatsapp.com\/channel\/0029VaAasdA7j6g745nz9M10\">WhatsApp<\/a>. \u00bfBuscas licenciar contenido? Haz clic <a href=\"https:\/\/profesional.elpais.com\/soluciones-sindicacion?utm_medium=interno&amp;utm_source=crosslinking&amp;utm_campaign=sindicacion_as_pie_articulos\" target=\"_blank\" rel=\"nofollow noopener\" title=\"https:\/\/profesional.elpais.com\/soluciones-sindicacion?utm_medium=interno&amp;utm_source=crosslinking&amp;utm_campaign=sindicacion_as_pie_articulos\">aqu\u00ed<\/a><\/p>\n","protected":false},"excerpt":{"rendered":"\u00c1lex Palou y Zak Brown han declarado esta semana en el juicio que trata de dirimir una demanda&hellip;\n","protected":false},"author":2,"featured_media":167165,"comment_status":"","ping_status":"","sticky":false,"template":"","format":"standard","meta":{"footnotes":""},"categories":[270],"tags":[168,25,24,306,271,272,23,167],"class_list":{"0":"post-167164","1":"post","2":"type-post","3":"status-publish","4":"format-standard","5":"has-post-thumbnail","7":"category-formula-1","8":"tag-deportes","9":"tag-es","10":"tag-espana","11":"tag-f1","12":"tag-formula-1","13":"tag-formula1","14":"tag-spain","15":"tag-sports"},"share_on_mastodon":{"url":"","error":""},"_links":{"self":[{"href":"https:\/\/www.europesays.com\/es\/wp-json\/wp\/v2\/posts\/167164","targetHints":{"allow":["GET"]}}],"collection":[{"href":"https:\/\/www.europesays.com\/es\/wp-json\/wp\/v2\/posts"}],"about":[{"href":"https:\/\/www.europesays.com\/es\/wp-json\/wp\/v2\/types\/post"}],"author":[{"embeddable":true,"href":"https:\/\/www.europesays.com\/es\/wp-json\/wp\/v2\/users\/2"}],"replies":[{"embeddable":true,"href":"https:\/\/www.europesays.com\/es\/wp-json\/wp\/v2\/comments?post=167164"}],"version-history":[{"count":0,"href":"https:\/\/www.europesays.com\/es\/wp-json\/wp\/v2\/posts\/167164\/revisions"}],"wp:featuredmedia":[{"embeddable":true,"href":"https:\/\/www.europesays.com\/es\/wp-json\/wp\/v2\/media\/167165"}],"wp:attachment":[{"href":"https:\/\/www.europesays.com\/es\/wp-json\/wp\/v2\/media?parent=167164"}],"wp:term":[{"taxonomy":"category","embeddable":true,"href":"https:\/\/www.europesays.com\/es\/wp-json\/wp\/v2\/categories?post=167164"},{"taxonomy":"post_tag","embeddable":true,"href":"https:\/\/www.europesays.com\/es\/wp-json\/wp\/v2\/tags?post=167164"}],"curies":[{"name":"wp","href":"https:\/\/api.w.org\/{rel}","templated":true}]}}