{"id":167184,"date":"2025-10-10T10:07:08","date_gmt":"2025-10-10T10:07:08","guid":{"rendered":"https:\/\/www.europesays.com\/es\/167184\/"},"modified":"2025-10-10T10:07:08","modified_gmt":"2025-10-10T10:07:08","slug":"laszlo-krasznahorkai-el-nobel-que-transforma-el-caos-en-esperanza","status":"publish","type":"post","link":"https:\/\/www.europesays.com\/es\/167184\/","title":{"rendered":"L\u00e1szl\u00f3 Krasznahorkai, el Nobel que transforma el caos en esperanza"},"content":{"rendered":"<p>El Premio Nobel de Literatura 2025 ha sido otorgado a L\u00e1szl\u00f3 Krasznahorkai, escritor y guionista h\u00fangaro. La Academia Sueca lo ha premiado \u201cpor una obra visionaria y cautivadora que, en medio del terror apocal\u00edptico, reafirma el poder del arte\u201d. Desde la provincia magiar hasta sus colaboraciones con B\u00e9la Tarr, su narrativa explora el caos y la redenci\u00f3n, la culpa y la gracia. En sus novelas, la escritura se convierte en una b\u00fasqueda \u00e9tica y espiritual dentro del desorden del mundo.<\/p>\n<p style=\"text-align: justify;\">Fabio Colagrande \u2013 Ciudad del Vaticano<\/p>\n<p style=\"text-align: justify;\">Con la motivaci\u00f3n \u201cpor una obra visionaria y cautivadora que, en medio del terror apocal\u00edptico, reafirma el poder del arte\u201d, la Academia Sueca ha concedido el Nobel de Literatura a L\u00e1szl\u00f3 Krasznahorkai, de 71 a\u00f1os. Su voz, heredera de Kafka y Bernhard, ha sabido unir el pesimismo de Europa Central con la ascesis oriental, dando forma a novelas que interrogan el destino del ser humano, el fin del mundo y la posibilidad del bien.<\/p>\n<p>Biograf\u00eda y formaci\u00f3n <\/p>\n<p style=\"text-align: justify;\">Nacido en 1954 en Gyula, al sureste de Hungr\u00eda, Krasznahorkai estudi\u00f3 Derecho y Literatura en las universidades de Szeged y Budapest. Considerado uno de los escritores m\u00e1s importantes y reconocidos de la literatura europea contempor\u00e1nea, tras sus estudios se dedic\u00f3 a la escritura con un enfoque intelectual riguroso y profundamente comprometido.<\/p>\n<p style=\"text-align: justify;\">Despu\u00e9s de sus inicios en los a\u00f1os ochenta, viaj\u00f3 por Asia \u2014en especial por Jap\u00f3n y China\u2014, experiencias que imprimieron en su obra una dimensi\u00f3n contemplativa y casi c\u00f3smica. Vinculado al director B\u00e9la Tarr, firm\u00f3 con \u00e9l obras maestras del cine europeo como S\u00e1t\u00e1ntang\u00f3 y The Turin Horse, donde el blanco y negro se convierte en met\u00e1fora de una fe puesta a prueba.<\/p>\n<p>      <a href=\"https:\/\/www.vaticannews.va\/es\/mundo\/news\/2025-10\/premio-nobel-de-medicina-fisica-inmunologia-mecanica-cuanti.html\" title=\"Premio Nobel de Medicina y F\u00edsica: inmunolog\u00eda y mec\u00e1nica cu\u00e1ntica \" rel=\"nofollow noopener\" target=\"_blank\"><\/p>\n<p>         <img decoding=\"async\" src=\"data:image\/gif;base64,R0lGODlhAQABAIAAAAAAAP\/\/\/yH5BAEAAAAALAAAAAABAAEAAAIBRAA7\" data-original=\"https:\/\/www.vaticannews.va\/content\/dam\/vaticannews\/agenzie\/images\/reuters\/2025\/10\/07\/10\/1759824688195.JPG\/_jcr_content\/renditions\/cq5dam.thumbnail.cropped.500.281.jpeg\" alt=\"Premio Nobel de Medicina y F\u00edsica: inmunolog\u00eda y mec\u00e1nica cu\u00e1ntica \"\/><\/p>\n<p>       <\/a><\/p>\n<p>\n       La asamblea del premio anunci\u00f3 los nombres de los cient\u00edficos, tres por cada disciplina, que recibir\u00e1n el codiciado galard\u00f3n el 10 de diciembre. El de Qu\u00edmica se dar\u00e1 a conocer el &#8230;\n      <\/p>\n<p> <br \/>\nPo\u00e9tica: la palabra como acto de resistencia <\/p>\n<p style=\"text-align: justify;\">La prosa de Krasznahorkai se reconoce al instante: frases interminables, ritmo hipn\u00f3tico, tono prof\u00e9tico. En sus libros \u2014aut\u00e9nticos r\u00edos de conciencia\u2014 el lenguaje intenta contener un mundo en ruinas. Sus obras suelen presentar tramas complejas, atm\u00f3sferas melanc\u00f3licas y personajes al margen de la sociedad, atrapados en profundas crisis espirituales y existenciales.<\/p>\n<p style=\"text-align: justify;\">A trav\u00e9s de estos personajes, que oscilan entre el nihilismo y una b\u00fasqueda casi m\u00edstica, el autor nos gu\u00eda hacia una meditaci\u00f3n sobre el sentido del mal. La realidad que describe es apocal\u00edptica, pero nunca desprovista de esperanza: en el caos surgen gestos m\u00ednimos, compasi\u00f3n, y una necesidad de redenci\u00f3n de profunda ra\u00edz espiritual. Es una literatura de la espera, de la duda, de la responsabilidad moral.<\/p>\n<p style=\"text-align: justify;\">Krasznahorkai no escribe novelas religiosas, pero sus personajes siempre se enfrentan a un misterio. En medio del declive y la desesperaci\u00f3n, el lector percibe una tensi\u00f3n hacia un sentido distinto: una b\u00fasqueda de lo sagrado que no encuentra dogmas, sino preguntas. El universo de sus novelas es un teatro espiritual donde el mal, la culpa, la piedad y la salvaci\u00f3n se enfrentan. En el fondo, se trata de un humanismo tr\u00e1gico que invita a no rendirse al cinismo y a creer que la palabra todav\u00eda puede salvar.<\/p>\n<p>Obras y reconocimientos <\/p>\n<p style=\"text-align: justify;\">Autor de numerosos romances y colecciones de relatos traducidos a varios idiomas, entre sus libros m\u00e1s conocidos destacan:\u00a0S\u00e1t\u00e1ntang\u00f3 (1985), par\u00e1bola de un pueblo en decadencia;\u00a0La melancol\u00eda de la resistencia (1989), alegor\u00eda del colapso moral de Europa; Guerra y guerra (1999), meditaci\u00f3n sobre la eternidad de la escritura.<\/p>\n<p style=\"text-align: justify;\">En 2015 obtuvo el Man Booker International Prize por el conjunto de su obra, y seis a\u00f1os despu\u00e9s recibi\u00f3 el Premio Estatal Austr\u00edaco de Literatura Europea. Con el Nobel, su voz alcanza hoy el reconocimiento m\u00e1s alto: la de un autor que, a trav\u00e9s del apocalipsis, nos recuerda que el arte sigue siendo un acto de fe en el futuro.<\/p>\n","protected":false},"excerpt":{"rendered":"El Premio Nobel de Literatura 2025 ha sido otorgado a L\u00e1szl\u00f3 Krasznahorkai, escritor y guionista h\u00fangaro. La Academia&hellip;\n","protected":false},"author":2,"featured_media":167185,"comment_status":"","ping_status":"","sticky":false,"template":"","format":"standard","meta":{"footnotes":""},"categories":[91],"tags":[229,402,146,147,25,24,3957,1496,843,23],"class_list":{"0":"post-167184","1":"post","2":"type-post","3":"status-publish","4":"format-standard","5":"has-post-thumbnail","7":"category-entretenimiento","8":"tag-arte","9":"tag-cultura-y-sociedad","10":"tag-entertainment","11":"tag-entretenimiento","12":"tag-es","13":"tag-espana","14":"tag-hungria","15":"tag-libro","16":"tag-premio","17":"tag-spain"},"share_on_mastodon":{"url":"","error":""},"_links":{"self":[{"href":"https:\/\/www.europesays.com\/es\/wp-json\/wp\/v2\/posts\/167184","targetHints":{"allow":["GET"]}}],"collection":[{"href":"https:\/\/www.europesays.com\/es\/wp-json\/wp\/v2\/posts"}],"about":[{"href":"https:\/\/www.europesays.com\/es\/wp-json\/wp\/v2\/types\/post"}],"author":[{"embeddable":true,"href":"https:\/\/www.europesays.com\/es\/wp-json\/wp\/v2\/users\/2"}],"replies":[{"embeddable":true,"href":"https:\/\/www.europesays.com\/es\/wp-json\/wp\/v2\/comments?post=167184"}],"version-history":[{"count":0,"href":"https:\/\/www.europesays.com\/es\/wp-json\/wp\/v2\/posts\/167184\/revisions"}],"wp:featuredmedia":[{"embeddable":true,"href":"https:\/\/www.europesays.com\/es\/wp-json\/wp\/v2\/media\/167185"}],"wp:attachment":[{"href":"https:\/\/www.europesays.com\/es\/wp-json\/wp\/v2\/media?parent=167184"}],"wp:term":[{"taxonomy":"category","embeddable":true,"href":"https:\/\/www.europesays.com\/es\/wp-json\/wp\/v2\/categories?post=167184"},{"taxonomy":"post_tag","embeddable":true,"href":"https:\/\/www.europesays.com\/es\/wp-json\/wp\/v2\/tags?post=167184"}],"curies":[{"name":"wp","href":"https:\/\/api.w.org\/{rel}","templated":true}]}}