{"id":16721,"date":"2025-07-31T16:37:08","date_gmt":"2025-07-31T16:37:08","guid":{"rendered":"https:\/\/www.europesays.com\/es\/16721\/"},"modified":"2025-07-31T16:37:08","modified_gmt":"2025-07-31T16:37:08","slug":"diana-morant-sobre-la-dimision-de-angel-como-presidente-del-pspv-psoe-no-pedimos-titulos-sino-una-hoja-de-servicios-noticias-de-la-comunidad-valenciana","status":"publish","type":"post","link":"https:\/\/www.europesays.com\/es\/16721\/","title":{"rendered":"Diana Morant, sobre la dimisi\u00f3n de \u00c1ngel como presidente del PSPV-PSOE: \u201cNo pedimos t\u00edtulos, sino una hoja de servicios\u201d | Noticias de la Comunidad Valenciana"},"content":{"rendered":"<p class=\"\">La secretaria general de los socialistas valencianos y ministra de Ciencia, <a href=\"https:\/\/elpais.com\/noticias\/diana-morant-ripoll\/\" target=\"_self\" rel=\"nofollow noopener\" title=\"https:\/\/elpais.com\/noticias\/diana-morant-ripoll\/\">Diana Morant<\/a>, ha asegurado este jueves en la sede del partido en Valencia que respeta la decisi\u00f3n de dimitir del comisionado del Gobierno para la reconstrucci\u00f3n y la recuperaci\u00f3n tras la dana <a href=\"https:\/\/elpais.com\/noticias\/josep-maria-angel\/\" target=\"_self\" rel=\"nofollow noopener\" title=\"https:\/\/elpais.com\/noticias\/josep-maria-angel\/\">Jos\u00e9 Maria Angel <\/a>y ha a\u00f1adido que el gesto \u201cle honra\u201d. Un <a href=\"https:\/\/elpais.com\/espana\/2025-07-31\/un-titulo-falso-y-dos-empleados-bajo-sospecha-anatomia-de-la-investigacion-sobre-el-comisionado-de-la-dana.html\" target=\"_self\" rel=\"nofollow noopener\" title=\"https:\/\/elpais.com\/espana\/2025-07-31\/un-titulo-falso-y-dos-empleados-bajo-sospecha-anatomia-de-la-investigacion-sobre-el-comisionado-de-la-dana.html\">informe de la Agencia Antifraude de la Comunidad Valenciana<\/a>, al que ha tenido acceso este peri\u00f3dico, y referido al comisionado del Gobierno para la dana concluye que el investigado no finaliz\u00f3 sus estudios en la Universitat de Val\u00e8ncia, y que, por tanto, el t\u00edtulo de diplomado que consta en su expediente personal es \u201cpresumiblemente falso\u201d.<\/p>\n<p class=\"\">\u201cRespeto su decisi\u00f3n\u201d, ha dicho la ministra para quien la dimisi\u00f3n de \u00c1ngel demuestra que el pol\u00edtico ha preferido dar un paso al lado para proteger el trabajo de reconstrucci\u00f3n que est\u00e1 llevando a cabo el Gobierno de Espa\u00f1a tras la riada del pasado 29 de octubre. <\/p>\n<p class=\"\">La l\u00edder del PSPV-PSOE ha recordado la labor del Ejecutivo central frente a las v\u00edctimas, pues \u201cm\u00e1s del 90% de los fondos que han llegado a manos de las v\u00edctimas provienen del Gobierno de Espa\u00f1a\u201d. Y a continuaci\u00f3n ha desgranado los m\u00e1s de 1.000 millones de euros destinados a reponer veh\u00edculos, otros tantos dedicados a la sustituci\u00f3n de enseres y viviendas, as\u00ed como los 1.700 millones transferidos a los ayuntamientos damnificados por la riada para reponer las infraestructuras municipales da\u00f1adas por la tragedia. <\/p>\n<p class=\"\">\u201cSabemos que hay gente interesada en que no se hable del 29-O, as\u00ed que entiendo y comparto la motivaci\u00f3n de Jos\u00e9 Mar\u00eda Angel para que su caso no sea una excusa\u201d, ha dicho Morant.<\/p>\n<p class=\"\">La dirigente socialista ha informado tambi\u00e9n de la dimisi\u00f3n presentada por \u00c1ngel como presidente del partido \u2014lo es desde el \u00faltimo congreso que llev\u00f3 a Morant a la secretar\u00eda general del PSPV\u2014 y ha explicado que el dimisionario ha decidido defender \u201cdesde la esfera privada su buen nombre\u201d. <\/p>\n<p class=\"\">Seg\u00fan Morant, el comisionado ha dado en las \u00faltimas horas, a trav\u00e9s de sendos comunicados, cumplidas explicaciones sobre c\u00f3mo accedi\u00f3 a la plaza que ocupa en la Diputaci\u00f3n de Valencia, que se soportan con documentos p\u00fablicos y que acreditan los requerimientos para acceder a la plaza. <\/p>\n<p class=\"\">Dicho esto, la secretaria general ha destacado los m\u00e1s de 40 a\u00f1os que \u00c1ngel lleva dedicados a la pol\u00edtica \u201cdonde ha destacado por su vocaci\u00f3n de servicio en todos los escalafones por los que ha pasado\u201d: los 18 a\u00f1os a\u00f1os como alcalde de L\u2019Eliana, luego como secretario auton\u00f3mico de Emergencias de la Generalitat, periodo en el que hizo frente, entre otros desastres, a la dana de la Vega Baja en 2019. <\/p>\n<p class=\"\">\u201cQuien ha sufrido una emergencia sabe que Jos\u00e9 Maria \u00c1ngel estaba en el lugar necesario para salvar vidas. En 2018 hubo en incendio en Gandia, uno de los m\u00e1s importantes, y se quemaron 100 casas pero no hubo v\u00edctimas mortales y eso es porque \u00c1ngel estaba all\u00ed para proteger a los vecinos\u201d, ha recordado Morant de su \u00e9poca como alcaldesa en aquella ciudad. <\/p>\n<p class=\"\">La ministra ha reconocido que la presidencia del partido queda vacante desde hoy: \u201cNo me arrepiento de haber hecho presidente a \u00c1ngel\u201d, y ha insistido en que este cargo lo ocupan personas que se han entregado en cuerpo y alma a los ciudadanos y al partido. \u201cNosotros no pedimos t\u00edtulos sino una hoja de servicios\u201d, ha remarcado en referencia al cargo honor\u00edfico. \u201cY \u00c1ngel cumpl\u00eda con todos los requisitos\u201d.<\/p>\n<p class=\"\">Morant ha reconocido que en las \u00faltimas horas ha mantenido varias conversaciones con el ya excomisionado, \u201cle hemos pedido explicaciones y nos las ha dado y solo nos queda respetar su decisi\u00f3n y su deseo de llevar su defensa desde el \u00e1mbito privado\u201d. <\/p>\n","protected":false},"excerpt":{"rendered":"La secretaria general de los socialistas valencianos y ministra de Ciencia, Diana Morant, ha asegurado este jueves en&hellip;\n","protected":false},"author":2,"featured_media":16722,"comment_status":"","ping_status":"","sticky":false,"template":"","format":"standard","meta":{"footnotes":""},"categories":[8],"tags":[17,18,242,2642,10830,10831,25,24,13,14,11,19,20,9,10,15,16,952,1670,10395,23,8152,12,21,22],"class_list":{"0":"post-16721","1":"post","2":"type-post","3":"status-publish","4":"format-standard","5":"has-post-thumbnail","7":"category-espana","8":"tag-breaking-news","9":"tag-breakingnews","10":"tag-comunidad-valenciana","11":"tag-curriculum","12":"tag-diana-morant-ripoll","13":"tag-dimisiones-politicas","14":"tag-es","15":"tag-espana","16":"tag-featured-news","17":"tag-featurednews","18":"tag-headlines","19":"tag-latest-news","20":"tag-latestnews","21":"tag-news","22":"tag-noticias","23":"tag-noticias-destacadas","24":"tag-noticiasdestacadas","25":"tag-politica","26":"tag-politicos","27":"tag-pspv-psoe","28":"tag-spain","29":"tag-titulaciones","30":"tag-titulares","31":"tag-ultimas-noticias","32":"tag-ultimasnoticias"},"share_on_mastodon":{"url":"","error":""},"_links":{"self":[{"href":"https:\/\/www.europesays.com\/es\/wp-json\/wp\/v2\/posts\/16721","targetHints":{"allow":["GET"]}}],"collection":[{"href":"https:\/\/www.europesays.com\/es\/wp-json\/wp\/v2\/posts"}],"about":[{"href":"https:\/\/www.europesays.com\/es\/wp-json\/wp\/v2\/types\/post"}],"author":[{"embeddable":true,"href":"https:\/\/www.europesays.com\/es\/wp-json\/wp\/v2\/users\/2"}],"replies":[{"embeddable":true,"href":"https:\/\/www.europesays.com\/es\/wp-json\/wp\/v2\/comments?post=16721"}],"version-history":[{"count":0,"href":"https:\/\/www.europesays.com\/es\/wp-json\/wp\/v2\/posts\/16721\/revisions"}],"wp:featuredmedia":[{"embeddable":true,"href":"https:\/\/www.europesays.com\/es\/wp-json\/wp\/v2\/media\/16722"}],"wp:attachment":[{"href":"https:\/\/www.europesays.com\/es\/wp-json\/wp\/v2\/media?parent=16721"}],"wp:term":[{"taxonomy":"category","embeddable":true,"href":"https:\/\/www.europesays.com\/es\/wp-json\/wp\/v2\/categories?post=16721"},{"taxonomy":"post_tag","embeddable":true,"href":"https:\/\/www.europesays.com\/es\/wp-json\/wp\/v2\/tags?post=16721"}],"curies":[{"name":"wp","href":"https:\/\/api.w.org\/{rel}","templated":true}]}}