{"id":167242,"date":"2025-10-10T10:38:08","date_gmt":"2025-10-10T10:38:08","guid":{"rendered":"https:\/\/www.europesays.com\/es\/167242\/"},"modified":"2025-10-10T10:38:08","modified_gmt":"2025-10-10T10:38:08","slug":"pronostico-gabriel-bonfim-randy-brown","status":"publish","type":"post","link":"https:\/\/www.europesays.com\/es\/167242\/","title":{"rendered":"Pron\u00f3stico Gabriel Bonfim Randy Brown"},"content":{"rendered":"<p class=\"text-xs leading-5 text-gray-400 mb-2\">\n                        Publicado el 10\/10\/25 4:17<br \/>\n                        \u00a0por<br \/>\n                                                            <a href=\"https:\/\/www.sportytrader.com\/es\/autor\/camilo-ochoa-93\/\" rel=\"nofollow noopener\" target=\"_blank\">Camilo Ochoa<\/a><\/p>\n<p>                                                    |<br \/>\n                            Modificado el<br \/>\n                                10\/10\/25<br \/>\n                                a 4:35<\/p>\n<p>                                                                            en<br \/>\n                            <a data-trans=\"tips.published.competition %competition%\" href=\"https:\/\/www.sportytrader.com\/es\/pronosticos\/combate\/mma\/ufc\/\" rel=\"nofollow noopener\" target=\"_blank\"><br \/>\n                                Pron\u00f3stico UFC<br \/>\n                            <\/a><\/p>\n<p style=\"text-align: justify;\">El evento de UFC Fight Night nos hace viajar rumbo al\u00a0UFC Apex, en Las Vegas, Nevada, Estados Unidos, para ver esta pelea entre el brasile\u00f1o\u00a0Gabriel\u00a0Bonfim\u00a0y el jamaiquino Randy\u00a0Brown. El artista marcial brasile\u00f1o se planta en este certamen con una racha de 3 victorias seguidas, luego de vencer a rivales de la talla de Kalinn Williams. Sin embargo, con un r\u00e9cord personal de 18 victorias y una sola derrota,\u00a0Gabriel\u00a0Bonfim estar\u00e1 en un evento importante de la UFC por primera vez en su carrera, por lo que estar\u00e1 sometido a una presi\u00f3n indetodo. Su estilo de pelea se basa en el control gracias al grappling, con el que suele finalizar.<\/p>\n<p style=\"text-align: justify;\">En la otra esquina, el nacido en Kingston viene de volver a la senda de la victoria luego de noquear en el segundo asalto al dan\u00e9s\u00a0Nicolas Dalby. Con un r\u00e9cord de 20 victorias y 6 derrotas, el jamaiquino est\u00e1 m\u00e1s curtido en lo que respecta a eventos de la UFC, por lo que parte con cierta ventaja en ese aspecto. Sin embargo, su estilo de pelea basado en su fuerte striking, que le otorga un buen poder de nocaut, se puede ver apa\u00f1ado al ser sometido al grappling.<\/p>\n","protected":false},"excerpt":{"rendered":"Publicado el 10\/10\/25 4:17 \u00a0por Camilo Ochoa | Modificado el 10\/10\/25 a 4:35 en Pron\u00f3stico UFC El evento&hellip;\n","protected":false},"author":2,"featured_media":167243,"comment_status":"","ping_status":"","sticky":false,"template":"","format":"standard","meta":{"footnotes":""},"categories":[276],"tags":[168,25,24,49021,2679,49022,23,167,343,2649],"class_list":{"0":"post-167242","1":"post","2":"type-post","3":"status-publish","4":"format-standard","5":"has-post-thumbnail","7":"category-ufc","8":"tag-deportes","9":"tag-es","10":"tag-espana","11":"tag-gabriel-bonfim","12":"tag-pronostico","13":"tag-randy-brown","14":"tag-spain","15":"tag-sports","16":"tag-ufc","17":"tag-ufc-fight-night"},"share_on_mastodon":{"url":"","error":""},"_links":{"self":[{"href":"https:\/\/www.europesays.com\/es\/wp-json\/wp\/v2\/posts\/167242","targetHints":{"allow":["GET"]}}],"collection":[{"href":"https:\/\/www.europesays.com\/es\/wp-json\/wp\/v2\/posts"}],"about":[{"href":"https:\/\/www.europesays.com\/es\/wp-json\/wp\/v2\/types\/post"}],"author":[{"embeddable":true,"href":"https:\/\/www.europesays.com\/es\/wp-json\/wp\/v2\/users\/2"}],"replies":[{"embeddable":true,"href":"https:\/\/www.europesays.com\/es\/wp-json\/wp\/v2\/comments?post=167242"}],"version-history":[{"count":0,"href":"https:\/\/www.europesays.com\/es\/wp-json\/wp\/v2\/posts\/167242\/revisions"}],"wp:featuredmedia":[{"embeddable":true,"href":"https:\/\/www.europesays.com\/es\/wp-json\/wp\/v2\/media\/167243"}],"wp:attachment":[{"href":"https:\/\/www.europesays.com\/es\/wp-json\/wp\/v2\/media?parent=167242"}],"wp:term":[{"taxonomy":"category","embeddable":true,"href":"https:\/\/www.europesays.com\/es\/wp-json\/wp\/v2\/categories?post=167242"},{"taxonomy":"post_tag","embeddable":true,"href":"https:\/\/www.europesays.com\/es\/wp-json\/wp\/v2\/tags?post=167242"}],"curies":[{"name":"wp","href":"https:\/\/api.w.org\/{rel}","templated":true}]}}