{"id":167257,"date":"2025-10-10T10:47:21","date_gmt":"2025-10-10T10:47:21","guid":{"rendered":"https:\/\/www.europesays.com\/es\/167257\/"},"modified":"2025-10-10T10:47:21","modified_gmt":"2025-10-10T10:47:21","slug":"la-feria-del-libro-de-sevilla-dedicara-un-ciclo-al-publico-infantil-bajo-el-lema-literatura-de-altura-creciente","status":"publish","type":"post","link":"https:\/\/www.europesays.com\/es\/167257\/","title":{"rendered":"La Feria del Libro de Sevilla dedicar\u00e1 un ciclo al p\u00fablico infantil bajo el lema &#8216;Literatura de altura creciente&#8217;"},"content":{"rendered":"<p style=\"\">La Feria del Libro de Sevilla, FELISE 2025, cuenta con una programaci\u00f3n infantil que, bajo el lema <strong>&#8216;Literatura de altura creciente&#8217;<\/strong>, propone un viaje para descubrir que leer es una forma de crecer, de imaginar, de so\u00f1ar en voz alta. A lo largo  &#8230; de la FELISE, <strong>escritoras e ilustradores de reconocido prestigio nacional e internacional compartir\u00e1n con el p\u00fablico infantil su manera \u00fanica de entender la creaci\u00f3n<\/strong>, con talleres, bebecuentos, sesiones de narraci\u00f3n oral y hasta un programa de radio en directo.<\/p>\n<p class=\"voc-p\" style=\"\">Entre las voces que har\u00e1n volar la imaginaci\u00f3n de los m\u00e1s peque\u00f1os, se encuentran la narradora y escritora <strong>Margarita del Mazo<\/strong>, maestra de la palabra viva; <strong>Concha Pasamar<\/strong>, autora integral que combina palabra e imagen en obras premiadas como <strong>&#8216;Cuando mam\u00e1 llevaba trenzas&#8217;<\/strong> u <strong>&#8216;Hora de so\u00f1ar&#8217;<\/strong>; la ilustradora <strong>Mar\u00eda Pascual de la Torre<\/strong>, reconocida por su sensibilidad visual y sonora; el ilustrador italiano <strong>Andrea Antinori,<\/strong> Premio Internacional de Ilustraci\u00f3n BCBF\u2013Fundaci\u00f3n SM; la <strong>Compa\u00f1\u00eda Planas y Ardila<\/strong> que deleitar\u00e1 al p\u00fablico de 3 a\u00f1os y el <strong>Colectivo Esc\u00e9nico L\u00e9golas<\/strong>, que desde hace m\u00e1s de tres d\u00e9cadas transforma los cuentos en puro juego teatral. Junto a ellos, otras creadoras como <strong>Susanna Isern<\/strong>, <strong>Gema Sirvent<\/strong>, <strong>Cristina Peregrina,<\/strong><strong>Raquel D\u00edaz Reguera<\/strong> y <strong>Mar\u00eda Asuero<\/strong> completan una programaci\u00f3n que tiende puentes entre la literatura, la ilustraci\u00f3n, la emoci\u00f3n y la educaci\u00f3n.<\/p>\n<p>\nLeer, jugar, so\u00f1ar y crecer\n<\/p>\n<p class=\"voc-p\" style=\"\">Los talleres de &#8216;Literatura de altura creciente&#8217; son una invitaci\u00f3n a crear, a descubrir y a dejarse llevar por la fantas\u00eda. Una amplia variedad que incluye: <strong>Talleres de ilustraci\u00f3n en familia<\/strong> (en el espacio \u00c9rase y con inscripci\u00f3n previa en el mismo espacio), el programa infantil de radio en abierto <strong>&#8216;Menudo Castillo&#8217;<\/strong>, actividades Fan de Libros, espect\u00e1culos de narraci\u00f3n oral para p\u00fabico familiar, presentaciones contadas, espect\u00e1culos de cuentos para beb\u00e9s, <strong>Conversatorios LIgeros<\/strong> (para especialistas y educadores), talleres Mundo Lectura, entre otros.<\/p>\n<p class=\"voc-p\" style=\"\">&#8216;Literatura de altura creciente&#8217; es mucho m\u00e1s que un lema:<strong> es una declaraci\u00f3n de amor a la infancia y a los libros<\/strong>. Un recordatorio de que cada historia le\u00edda es una semilla que germina, que cada cuento contado al o\u00eddo se convierte en ra\u00edz de futuro. Ese el caso de talleres que convierten a los ni\u00f1os y ni\u00f1as en autores de su propia aventura. Entre ellos destacan: <strong>&#8216;Hacemos un libro-bosque&#8217;<\/strong> (a partir de 6 a\u00f1os). Con la participaci\u00f3n de la autora Concha Pasamar, el bosque se plantea como refugio, como escenario y como personaje. A partir de los libros Tiempo de oto\u00f1o, Caperucita Roja y Plantar el mundo, los ni\u00f1os crear\u00e1n su propio libro m\u00ednimo, un bosque hecho de palabras e ilustraciones donde anidar sus historias.<\/p>\n<p class=\"voc-p\" style=\"\">Otra actividad ser\u00e1<strong> &#8216;Animatopeyas&#8217;<\/strong>. Se trata de una aventura sonora para crear criaturas asombrosas (a partir de 4 a\u00f1os). De la mano de <strong>Mar\u00eda Pascual de la Torre<\/strong>, este taller est\u00e1 pensado para jugar con los sonidos como punto de partida de la imaginaci\u00f3n. Los peque\u00f1os explorar\u00e1n el lenguaje onomatop\u00e9yico para inventar animales \u00fanicos -reales o imaginarios- y darles vida a trav\u00e9s del color, el trazo y la palabra.<\/p>\n<p class=\"voc-p\" style=\"\">Tambi\u00e9n destaca<strong> &#8216;La monta\u00f1a&#8217;<\/strong> (a partir de 6 a\u00f1os). Con <strong>Andrea Antinori<\/strong> e inspirado en su libro La Monta\u00f1a, este taller propone una obra colectiva donde cada participante dibuja lo que desea encontrar en ese paisaje elevado. Una monta\u00f1a que no es solo naturaleza, sino una cumbre de imaginaci\u00f3n compartida.<\/p>\n<p class=\"voc-p\" style=\"\"><strong>&#8216;Bebecuentos: los primeros pasos hacia la palabra&#8217;<\/strong> est\u00e1 pensado para  que los m\u00e1s peque\u00f1os tengan su cita con el asombro y la ternura a trav\u00e9s de los bebecuentos con propuestas como el taller &#8216;Tras Tras Cuc\u00fa Tras&#8217; con Margarita del Mazo, y &#8216;Pon Gallinita Pon&#8217;, con L\u00e9golas Colectivo Esc\u00e9nico. Ambos una invitaci\u00f3n a entrar en el universo c\u00e1lido y sensorial de la narraci\u00f3n temprana. <\/p>\n<p class=\"voc-p\" style=\"\"><strong>Las actividades protagonistas de esta propuesta le dan protagonismo a la palabra<\/strong>. As\u00ed, Los cuentos de Mar\u00eda Sarmiento, L\u00e9golas Colectivo Esc\u00e9nico se convierten en un espect\u00e1culo de narraci\u00f3n oral lleno de retah\u00edlas, canciones, adivinanzas y cuentos de nunca acabar. Tradici\u00f3n y humor para disfrutar en familia.<\/p>\n<p class=\"voc-p\" style=\"\">Por su parte, <strong>&#8216;Los cuentos de la flor&#8217;<\/strong> con Margarita del Mazo, se sumerge en historias de brujos malolientes, ovejas rebeldes o princesas imparables contadas por una narradora con alma de flor, que hace de cada cuento una fiesta de imaginaci\u00f3n y cercan\u00eda.<\/p>\n<p class=\"voc-p\" style=\"\">Finalmente, <strong>&#8216;Vamos a buscar un oso&#8217;<\/strong> (a partir de 3 a\u00f1os) con la Compa\u00f1\u00eda Planas y Ardila se inspira en el libro interactivo del mismo nombre, y que invita a ni\u00f1os y ni\u00f1as a acompa\u00f1ar a dos viajeros en su b\u00fasqueda a trav\u00e9s del libro, el canto y el movimiento. Un viaje compartido entre risas, emociones y sorpresas.<\/p>\n<p class=\"voc-p\" style=\"\">Y no pod\u00eda faltar el magac\u00edn de radio infantil m\u00e1s veterano y querido del panorama nacional, emitir\u00e1 desde la Feria una edici\u00f3n especial,<strong> &#8216;Menudo castillo&#8217;<\/strong>. Su creador, Javier Fern\u00e1ndez Jim\u00e9nez, transformar\u00e1 el recinto en un estudio en directo donde los ni\u00f1os ser\u00e1n reporteros, entrevistadores y comunicadores por un d\u00eda. Porque la literatura tambi\u00e9n suena cuando se cuenta con ilusi\u00f3n.<\/p>\n","protected":false},"excerpt":{"rendered":"La Feria del Libro de Sevilla, FELISE 2025, cuenta con una programaci\u00f3n infantil que, bajo el lema &#8216;Literatura&hellip;\n","protected":false},"author":2,"featured_media":167258,"comment_status":"","ping_status":"","sticky":false,"template":"","format":"standard","meta":{"footnotes":""},"categories":[172],"tags":[2513,7569,224,1169,49024,21503,146,147,25,24,599,3132,28746,1496,225,671,1421,1171,23],"class_list":{"0":"post-167257","1":"post","2":"type-post","3":"status-publish","4":"format-standard","5":"has-post-thumbnail","7":"category-libros","8":"tag-altura","9":"tag-bajo","10":"tag-books","11":"tag-ciclo","12":"tag-creciente","13":"tag-dedicara","14":"tag-entertainment","15":"tag-entretenimiento","16":"tag-es","17":"tag-espana","18":"tag-feria","19":"tag-infantil","20":"tag-lema","21":"tag-libro","22":"tag-libros","23":"tag-literatura","24":"tag-publico","25":"tag-sevilla","26":"tag-spain"},"share_on_mastodon":{"url":"","error":""},"_links":{"self":[{"href":"https:\/\/www.europesays.com\/es\/wp-json\/wp\/v2\/posts\/167257","targetHints":{"allow":["GET"]}}],"collection":[{"href":"https:\/\/www.europesays.com\/es\/wp-json\/wp\/v2\/posts"}],"about":[{"href":"https:\/\/www.europesays.com\/es\/wp-json\/wp\/v2\/types\/post"}],"author":[{"embeddable":true,"href":"https:\/\/www.europesays.com\/es\/wp-json\/wp\/v2\/users\/2"}],"replies":[{"embeddable":true,"href":"https:\/\/www.europesays.com\/es\/wp-json\/wp\/v2\/comments?post=167257"}],"version-history":[{"count":0,"href":"https:\/\/www.europesays.com\/es\/wp-json\/wp\/v2\/posts\/167257\/revisions"}],"wp:featuredmedia":[{"embeddable":true,"href":"https:\/\/www.europesays.com\/es\/wp-json\/wp\/v2\/media\/167258"}],"wp:attachment":[{"href":"https:\/\/www.europesays.com\/es\/wp-json\/wp\/v2\/media?parent=167257"}],"wp:term":[{"taxonomy":"category","embeddable":true,"href":"https:\/\/www.europesays.com\/es\/wp-json\/wp\/v2\/categories?post=167257"},{"taxonomy":"post_tag","embeddable":true,"href":"https:\/\/www.europesays.com\/es\/wp-json\/wp\/v2\/tags?post=167257"}],"curies":[{"name":"wp","href":"https:\/\/api.w.org\/{rel}","templated":true}]}}