{"id":167323,"date":"2025-10-10T11:23:11","date_gmt":"2025-10-10T11:23:11","guid":{"rendered":"https:\/\/www.europesays.com\/es\/167323\/"},"modified":"2025-10-10T11:23:11","modified_gmt":"2025-10-10T11:23:11","slug":"el-balonmano-servigroup-benidorm-visita-ibiza-en-busca-de-su-segunda-victoria-consecutiva","status":"publish","type":"post","link":"https:\/\/www.europesays.com\/es\/167323\/","title":{"rendered":"El Balonmano Servigroup Benidorm\u00a0\u00a0visita Ibiza en busca de su segunda victoria consecutiva\u00a0"},"content":{"rendered":"<p>El Balonmano Servigroup Benidorm se desplaza hasta Ibiza con el objetivo de encadenar su segunda victoria consecutiva. Los benidormenses afrontan este s\u00e1bado, 11 de octubre, a las 20:00 h, un complicado duelo ante uno de los equipos revelaci\u00f3n de la temporada, el <strong>Trasmapi <\/strong><strong>Gobycar Citubo H.C.<\/strong><strong>\u00a0Eivissa<\/strong>.<\/p>\n<p><img loading=\"lazy\" decoding=\"async\" src=\"https:\/\/www.europesays.com\/es\/wp-content\/uploads\/2025\/08\/Comunitat-de-lesport_4x1-292x108-1.jpg\" alt=\"\" width=\"292\" height=\"104\" style=\"display: inline-block;\"\/><\/p>\n<p>El conjunto ibicenco ha firmado un gran inicio de liga con <strong>tres victorias y una sola derrota<\/strong>, precisamente ante el \u00fanico equipo invicto hasta el momento en la Divisi\u00f3n de Honor Plata, el <strong>Fundaci\u00f3n Agustinos Alicante<\/strong>. Sus triunfos han llegado frente a <strong>Soria, Bar\u00e7a Atl\u00e8tic y Sinf\u00edn<\/strong>.<\/p>\n<p>Por su parte, los de <strong>Marko <\/strong><strong>Krivokapic<\/strong>\u00a0suman <strong>dos victorias y dos derrotas<\/strong>, ambas a domicilio, y buscar\u00e1n en esta ocasi\u00f3n <strong>sus primeros puntos lejos del Palau d\u2019Esports<\/strong>. Para lograrlo, deber\u00e1n cuajar un partido pr\u00e1cticamente perfecto.<\/p>\n<p>El t\u00e9cnico serbio va recuperando efectivos poco a poco, algo que ya se not\u00f3 en el \u00faltimo encuentro ante Soria, donde el equipo pudo contar nuevamente con sus dos centrales, piezas clave en la direcci\u00f3n del juego.<\/p>\n<p>Ambos equipos ya se vieron las caras en pretemporada en tierras alicantinas, en un duelo muy igualado que termin\u00f3 con victoria por la m\u00ednima para los ibicencos.<\/p>\n<p>El encuentro se disputar\u00e1 en el <strong>Polideportivo Insular de Blancadona<\/strong>.\u00a0<strong>(Ibiza)<\/strong><\/p>\n<p><a href=\"https:\/\/www.servigroup.es\/es\/\" target=\"_blank\" aria-label=\"logo servigroup grueso H\" rel=\"nofollow noopener\"><img loading=\"lazy\" decoding=\"async\" src=\"https:\/\/www.europesays.com\/es\/wp-content\/uploads\/2025\/09\/logo-servigroup-grueso-H.jpg\" alt=\"\"   width=\"700\" height=\"233\" style=\"display: inline-block;\"\/><\/a><\/p>\n","protected":false},"excerpt":{"rendered":"El Balonmano Servigroup Benidorm se desplaza hasta Ibiza con el objetivo de encadenar su segunda victoria consecutiva. Los&hellip;\n","protected":false},"author":2,"featured_media":167324,"comment_status":"","ping_status":"","sticky":false,"template":"","format":"standard","meta":{"footnotes":""},"categories":[278],"tags":[376,168,25,24,375,6079,49026,23,167],"class_list":{"0":"post-167323","1":"post","2":"type-post","3":"status-publish","4":"format-standard","5":"has-post-thumbnail","7":"category-balonmano","8":"tag-balonmano","9":"tag-deportes","10":"tag-es","11":"tag-espana","12":"tag-handball","13":"tag-ibiza","14":"tag-previ","15":"tag-spain","16":"tag-sports"},"share_on_mastodon":{"url":"","error":""},"_links":{"self":[{"href":"https:\/\/www.europesays.com\/es\/wp-json\/wp\/v2\/posts\/167323","targetHints":{"allow":["GET"]}}],"collection":[{"href":"https:\/\/www.europesays.com\/es\/wp-json\/wp\/v2\/posts"}],"about":[{"href":"https:\/\/www.europesays.com\/es\/wp-json\/wp\/v2\/types\/post"}],"author":[{"embeddable":true,"href":"https:\/\/www.europesays.com\/es\/wp-json\/wp\/v2\/users\/2"}],"replies":[{"embeddable":true,"href":"https:\/\/www.europesays.com\/es\/wp-json\/wp\/v2\/comments?post=167323"}],"version-history":[{"count":0,"href":"https:\/\/www.europesays.com\/es\/wp-json\/wp\/v2\/posts\/167323\/revisions"}],"wp:featuredmedia":[{"embeddable":true,"href":"https:\/\/www.europesays.com\/es\/wp-json\/wp\/v2\/media\/167324"}],"wp:attachment":[{"href":"https:\/\/www.europesays.com\/es\/wp-json\/wp\/v2\/media?parent=167323"}],"wp:term":[{"taxonomy":"category","embeddable":true,"href":"https:\/\/www.europesays.com\/es\/wp-json\/wp\/v2\/categories?post=167323"},{"taxonomy":"post_tag","embeddable":true,"href":"https:\/\/www.europesays.com\/es\/wp-json\/wp\/v2\/tags?post=167323"}],"curies":[{"name":"wp","href":"https:\/\/api.w.org\/{rel}","templated":true}]}}