{"id":167333,"date":"2025-10-10T11:29:07","date_gmt":"2025-10-10T11:29:07","guid":{"rendered":"https:\/\/www.europesays.com\/es\/167333\/"},"modified":"2025-10-10T11:29:07","modified_gmt":"2025-10-10T11:29:07","slug":"en-vez-de-tener-el-dinero-invertido-en-un-banco-prefiero-tenerlo-en-cosas","status":"publish","type":"post","link":"https:\/\/www.europesays.com\/es\/167333\/","title":{"rendered":"En vez de tener el dinero invertido en un banco, prefiero tenerlo en cosas"},"content":{"rendered":"<p class=\"c-paragraph\">Carlos Sainz, que es piloto de Williams desde esta temporada, con los cuales ha conseguido ya su primer podio en el GP de Azerbaiy\u00e1n con una meritoria tercera posici\u00f3n,<b> guarda muy buenos recuerdos de su etapa en Ferrari, donde ha estado cuatro a\u00f1os.<\/b> Y no solo eso, ya que el madrile\u00f1o cuenta con varios coches de la escuder\u00eda italiana.<\/p>\n<p class=\"c-paragraph\">El piloto madrile\u00f1o ha desvelado en una entrevista con &#8216;El Partidazo&#8217; de COPE que est\u00e1 haciendo \u00abcolecci\u00f3n de Ferraris&#8217;, sobre todo por un motivo econ\u00f3mico. \u00abAhora mismo creo que tengo 4. Me llega el quinto en un a\u00f1o o a\u00f1o y medio. <b>Aunque, sinceramente, no soy un gran fan de los coches de calle\u00bb, <\/b>comienza diciendo a Juanma Casta\u00f1o al ser preguntado por cu\u00e1ntos tiene.\u00a0<\/p>\n<p class=\"c-paragraph\">\u00abEl primero que me compr\u00e9 fue hace tres a\u00f1os y es el primer coche que me compr\u00e9 en mi vida. <b>No soy un loco de los coches de calle<\/b>, pero es que <b>me dijeron que era muy buen negocio, inversi\u00f3n<\/b>, sobre todo las ediciones limitadas que saca Ferrari, ya que suben mucho de valor\u00bb.\u00a0<\/p>\n<p class=\"c-paragraph\">\u00abEn vez de tener el dinero invertido en un banco, <b>prefiero tenerlo invertido en cosas <\/b>que creo que les voy a a\u00f1adir valor\u00bb, ha continuado explicando Sainz.\u00a0<\/p>\n<p class=\"c-paragraph\">El piloto de Williams tambi\u00e9n rememor\u00f3 su viaje junto a Charles Leclerc en furgoneta a la vuelta del GP de Azerbaiy\u00e1n, cuando compartieron un v\u00eddeo en la misma explicando lo que les hab\u00eda sucedido. \u00ab\u00cdbamos a aterrizar en el aeropuerto de Niza, pero hab\u00eda una tormenta el\u00e9ctrica. Leclerc le dijo al piloto que no se la jugase, que fu\u00e9semos a G\u00e9nova, que son dos horas de coche. <b>Charles estuvo muy precavido, que lo respeto\u00bb,<\/b> comienza contando.\u00a0\u00a0<\/p>\n<p class=\"c-paragraph\">\u00abCuando llegamos a G\u00e9nova, le pedimos un coche a una se\u00f1ora de 50 a\u00f1os que no nos conoc\u00eda, nos dijo que solo hab\u00eda una furgoneta. Estaba intentando hacernos<b> todos los descuentos posibles, y tard\u00f3 25 minutos en darnos el coche\u00bb, concluy\u00f3.\u00a0<\/b><\/p>\n","protected":false},"excerpt":{"rendered":"Carlos Sainz, que es piloto de Williams desde esta temporada, con los cuales ha conseguido ya su primer&hellip;\n","protected":false},"author":2,"featured_media":167334,"comment_status":"","ping_status":"","sticky":false,"template":"","format":"standard","meta":{"footnotes":""},"categories":[270],"tags":[415,168,25,24,306,2091,271,272,3731,57,23,167],"class_list":{"0":"post-167333","1":"post","2":"type-post","3":"status-publish","4":"format-standard","5":"has-post-thumbnail","7":"category-formula-1","8":"tag-carlos","9":"tag-deportes","10":"tag-es","11":"tag-espana","12":"tag-f1","13":"tag-ferrari","14":"tag-formula-1","15":"tag-formula1","16":"tag-sainz","17":"tag-sobre","18":"tag-spain","19":"tag-sports"},"share_on_mastodon":{"url":"","error":""},"_links":{"self":[{"href":"https:\/\/www.europesays.com\/es\/wp-json\/wp\/v2\/posts\/167333","targetHints":{"allow":["GET"]}}],"collection":[{"href":"https:\/\/www.europesays.com\/es\/wp-json\/wp\/v2\/posts"}],"about":[{"href":"https:\/\/www.europesays.com\/es\/wp-json\/wp\/v2\/types\/post"}],"author":[{"embeddable":true,"href":"https:\/\/www.europesays.com\/es\/wp-json\/wp\/v2\/users\/2"}],"replies":[{"embeddable":true,"href":"https:\/\/www.europesays.com\/es\/wp-json\/wp\/v2\/comments?post=167333"}],"version-history":[{"count":0,"href":"https:\/\/www.europesays.com\/es\/wp-json\/wp\/v2\/posts\/167333\/revisions"}],"wp:featuredmedia":[{"embeddable":true,"href":"https:\/\/www.europesays.com\/es\/wp-json\/wp\/v2\/media\/167334"}],"wp:attachment":[{"href":"https:\/\/www.europesays.com\/es\/wp-json\/wp\/v2\/media?parent=167333"}],"wp:term":[{"taxonomy":"category","embeddable":true,"href":"https:\/\/www.europesays.com\/es\/wp-json\/wp\/v2\/categories?post=167333"},{"taxonomy":"post_tag","embeddable":true,"href":"https:\/\/www.europesays.com\/es\/wp-json\/wp\/v2\/tags?post=167333"}],"curies":[{"name":"wp","href":"https:\/\/api.w.org\/{rel}","templated":true}]}}