{"id":167349,"date":"2025-10-10T11:40:14","date_gmt":"2025-10-10T11:40:14","guid":{"rendered":"https:\/\/www.europesays.com\/es\/167349\/"},"modified":"2025-10-10T11:40:14","modified_gmt":"2025-10-10T11:40:14","slug":"me-ha-unido-muchisimo-a-el","status":"publish","type":"post","link":"https:\/\/www.europesays.com\/es\/167349\/","title":{"rendered":"Me ha unido much\u00edsimo a \u00e9l"},"content":{"rendered":"<p>Anabel Pantoja empez\u00f3 este 2025 de la peor de las maneras. Su hija estuvo dos semanas ingresada en la\u00a0Unidad de Medicina Intensiva del hospital materno infantil de Gran Canaria. Aunque el diagn\u00f3stico m\u00e9dico de la peque\u00f1a permaneci\u00f3 (como debe ser) privado, s\u00ed que trascendi\u00f3 que era una dolencia de bastante gravedad.\u00a0 A esto, se sumo que una investigaci\u00f3n por presunto maltrato contra ella y su pareja, David Rodr\u00edguez.<\/p>\n<p>Afortunadamente, poco a poco, todos los problemas han ido resolvi\u00e9ndose. \u00abHace 11 d\u00edas que se par\u00f3 mi vida. Pero aqu\u00ed seguimos, luchando con amor y fe, avanzando paso a paso, Alma est\u00e1 bien, gracias a Dios\u00bb, <a href=\"https:\/\/www.lecturas.com\/actualidad\/comunicado-oficial-anabel-pantoja-tras-11-dias-ingreso-su-hija-alma_169068\" target=\"_self\" rel=\"nofollow noopener\">dec\u00eda en un comunicado la joven.<\/a>\u00a0La mejora de salud de su peque\u00f1a, permiti\u00f3 que la joven retomara su vida.\u00a0Y no solo eso.<\/p>\n<p>La sobrina de Isabel Pantoja ha dado un paso m\u00e1s all\u00e1 y ha decidido abrir sus horizontes profesionales. \u00bfC\u00f3mo? <strong>Volviendo a la televisi\u00f3n con &#8216;Bailando con las estrellas&#8217;,<\/strong><a href=\"https:\/\/www.lecturas.com\/actualidad\/emocion-anabel-pantoja-hablar-alma-estreno-estreno-bailando-estrellas-es-cancion-mia-mi-hija-alma_181193\" target=\"_self\" rel=\"nofollow noopener\">donde ha vivido momentos muy emocionantes.\u00a0<\/a>Esta oportunidad ha supuesto que tanto ella como su pareja, David Rodr\u00edguez, y su madre, Merchi, se hayan trasladado hasta Madrid para facilitar todo el proceso.\u00a0<\/p>\n<p><img loading=\"lazy\" decoding=\"async\"   src=\"https:\/\/www.europesays.com\/es\/wp-content\/uploads\/2025\/10\/anabel-pantoja_36926e5b_58_251009190242_1200x616.webp.webp\" alt=\"Anabel Pantoja\" class=\"lazyload\" width=\"1200\" height=\"616\" data-aspectratio=\"1200\/616\"\/><\/p>\n<p>Anabel Pantoja est\u00e1 participando en &#8216;Bailando con las estrellas&#8217;, su gran vuelta a la televisi\u00f3n.<\/p>\n<p>&#13;Telecinco<\/p>\n<p>Ahora, despu\u00e9s de varios meses guardando silencio, la influencer <strong>ha realizado un nuevo movimiento<\/strong>: realizar una sincera entrevista con su amigo, Abel Planelles. En ella, Anabel ha hablado de muchos temas, entre los cuales ha destacado su relaci\u00f3n con su novio. Durante meses, especialmente cuando sali\u00f3 a la luz la investigaci\u00f3n, se rumore\u00f3 que la pareja no estaba pasando por un buen momento.\u00a0<\/p>\n<p><img decoding=\"async\" src=\"https:\/\/www.europesays.com\/es\/wp-content\/uploads\/2025\/10\/letizia_fb382c89_251010111100_800x800.webp.webp\" alt=\"Letizia\" class=\"image lazyload\"\/>&#13;<img loading=\"lazy\" decoding=\"async\" src=\"https:\/\/www.europesays.com\/es\/wp-content\/uploads\/2025\/10\/letizia_fb382c89_251010111117_1280x720.webp.webp\" alt=\"El minimalismo de impacto de la reina Letizia con un precioso vestido rojo de manga capa y zapatos preppy en el D\u00eda Mundial de la Salud Mental\" class=\"image lazyload\" width=\"1280\" height=\"720\" data-aspectratio=\"1280\/720\"\/>La relaci\u00f3n de Anabel y David<\/p>\n<p>Aunque ninguno de ellos ha confirmado o desmentido nada al respecto, Anabel s\u00ed que ha dejado claro c\u00f3mo la maternidad hab\u00eda cambiado su noviazgo. Todo comenzaba cuando Abel y Daniela Macarena, su compa\u00f1era de p\u00f3dcast, <strong>le preguntaban c\u00f3mo se ve\u00eda ahora que era madre.\u00a0<\/strong><\/p>\n<p><img loading=\"lazy\" decoding=\"async\"   src=\"https:\/\/www.europesays.com\/es\/wp-content\/uploads\/2025\/10\/anabel-pantoja_046d5b82_251009190154_1200x669.webp.webp\" alt=\"Anabel Pantoja\" class=\"lazyload\" width=\"1200\" height=\"669\" data-aspectratio=\"1200\/669\"\/><\/p>\n<p>Abel Planelles y Daniela Macarena han hablado de la entrevista a Anabel Pantoja en su p\u00f3dcast, &#8216;Ac2ality&#8217;.<\/p>\n<p>&#13;Atresmedia<\/p>\n<p>\u00ab<strong>Sonar\u00e1 un poco a lo que dicen todas las madres<\/strong>, pero cuando ves a un beb\u00e9 que es tuyo y depende de ti, ves la vida de otra forma\u00bb, ha empezado. \u00abLos dramas de antes te parecen una chorrada. Le puede pasar algo, que tenga de todo&#8230;Ahora me r\u00edo un poco de la Anabel de hace a\u00f1os\u00bb, continuaba, dejando claro como relativiza todo mucho m\u00e1s.<\/p>\n<p>En este proceso, Anabel ha se\u00f1alado que ha sido clave tener a su pareja a su lado. \u00abP<strong>ara m\u00ed David es muy importante, somos un 50-50. <\/strong>A m\u00ed, en mi caso, me ha unido much\u00edsimo a \u00e9l. Estamos experimentando la prioridad a ella\u00bb, ha explicado. As\u00ed, la llegada de su hija les ha transformado a ambos, pero hacia una relaci\u00f3n muy positiva y de gran confianza.<\/p>\n<p>De una relaci\u00f3n abierta a vivir fuera de Espa\u00f1a<\/p>\n<p>Con la honestidad que la caracteriza, Anabel ha hablado de otros temas con Abel y Macarena. Uno de ellos era muy interesante y estaba vinculado a su noviazgo con David: \u00bfSer\u00eda capaz de tener una relaci\u00f3n abierta? \u00ab<strong>Yo en eso no estoy de acuerdo. <\/strong>Hay gente que le funciona el vivir as\u00ed durante una etapa, pero yo pienso que tiene que estar mareada perdida\u00bb, ha afirmado, rotunda.<\/p>\n<p><img loading=\"lazy\" decoding=\"async\"   src=\"https:\/\/www.europesays.com\/es\/wp-content\/uploads\/2025\/10\/anabel-pantoja_8b54f3a4_251009190014_1200x669.webp.webp\" alt=\"Anabel Pantoja\" class=\"lazyload\" width=\"1200\" height=\"669\" data-aspectratio=\"1200\/669\"\/><\/p>\n<p>En &#8216;Y ahora Sonsoles&#8217; han hablado de la entrevista de Anabel Pantoja en el p\u00f3dcast de Abel Planelles y Daniela Macarena.<\/p>\n<p>&#13;Atresmedia<\/p>\n<p>No solo eso, sino que Anabel aseguraba haber querido comprobar que no hab\u00eda enga\u00f1os, ni medias tintas con alguna pareja.<strong> \u00abYo he visto una actitud sospechosa y lo he cogido [el m\u00f3vil]. <\/strong>Si hay conversaciones de grupos, donde se juntan 25 chicos heterosexuales, ah\u00ed hay de fotos de t\u00edas, de no s\u00e9 qu\u00e9&#8230; Digo para qu\u00e9 voy a leer. Cuando se juntan hablar\u00e1n de temas interesantes, pero seguro dicen &#8216;mira esta que buena est\u00e1'\u00bb, ha manifestado.<\/p>\n<p>Por \u00faltimo, han hablado de su mudanza a Madrid y, de paso, si estar\u00eda dispuesta a dejar su pa\u00eds. <strong>\u00abMe encantar\u00eda irme fuera de Espa\u00f1a si pudiera. Miami he estado muchas veces<\/strong> pero es super caro. Si me llevasen de presentadora o algo&#8230; Yo Canarias quiero que sea una etapa. Estoy super a gusto pero Sevilla siempre ha sido mi ciudad, donde he nacido, tengo mi casa. A David le encanta Sevilla, entonces no descarto\u00bb, ha reflexionado. Unos cambios que demuestran que Anabel est\u00e1 abierta a hacer lo mejor tanto para ella como para su familia.<br \/>\u00a0<\/p>\n","protected":false},"excerpt":{"rendered":"Anabel Pantoja empez\u00f3 este 2025 de la peor de las maneras. Su hija estuvo dos semanas ingresada en&hellip;\n","protected":false},"author":2,"featured_media":167350,"comment_status":"","ping_status":"","sticky":false,"template":"","format":"standard","meta":{"footnotes":""},"categories":[91],"tags":[146,147,25,24,23],"class_list":{"0":"post-167349","1":"post","2":"type-post","3":"status-publish","4":"format-standard","5":"has-post-thumbnail","7":"category-entretenimiento","8":"tag-entertainment","9":"tag-entretenimiento","10":"tag-es","11":"tag-espana","12":"tag-spain"},"share_on_mastodon":{"url":"","error":""},"_links":{"self":[{"href":"https:\/\/www.europesays.com\/es\/wp-json\/wp\/v2\/posts\/167349","targetHints":{"allow":["GET"]}}],"collection":[{"href":"https:\/\/www.europesays.com\/es\/wp-json\/wp\/v2\/posts"}],"about":[{"href":"https:\/\/www.europesays.com\/es\/wp-json\/wp\/v2\/types\/post"}],"author":[{"embeddable":true,"href":"https:\/\/www.europesays.com\/es\/wp-json\/wp\/v2\/users\/2"}],"replies":[{"embeddable":true,"href":"https:\/\/www.europesays.com\/es\/wp-json\/wp\/v2\/comments?post=167349"}],"version-history":[{"count":0,"href":"https:\/\/www.europesays.com\/es\/wp-json\/wp\/v2\/posts\/167349\/revisions"}],"wp:featuredmedia":[{"embeddable":true,"href":"https:\/\/www.europesays.com\/es\/wp-json\/wp\/v2\/media\/167350"}],"wp:attachment":[{"href":"https:\/\/www.europesays.com\/es\/wp-json\/wp\/v2\/media?parent=167349"}],"wp:term":[{"taxonomy":"category","embeddable":true,"href":"https:\/\/www.europesays.com\/es\/wp-json\/wp\/v2\/categories?post=167349"},{"taxonomy":"post_tag","embeddable":true,"href":"https:\/\/www.europesays.com\/es\/wp-json\/wp\/v2\/tags?post=167349"}],"curies":[{"name":"wp","href":"https:\/\/api.w.org\/{rel}","templated":true}]}}