{"id":167363,"date":"2025-10-10T11:49:10","date_gmt":"2025-10-10T11:49:10","guid":{"rendered":"https:\/\/www.europesays.com\/es\/167363\/"},"modified":"2025-10-10T11:49:10","modified_gmt":"2025-10-10T11:49:10","slug":"el-golfista-britanico-con-mas-titulos-hasta-la-fecha-adquiere-esta-casa-en-marbella-por-solo-un-millon","status":"publish","type":"post","link":"https:\/\/www.europesays.com\/es\/167363\/","title":{"rendered":"El golfista brit\u00e1nico con m\u00e1s t\u00edtulos hasta la fecha adquiere esta casa en Marbella por (s\u00f3lo) un mill\u00f3n"},"content":{"rendered":"<p>Nos ha llegado una informaci\u00f3n que promete dar que hablar en el mundo del golf y el real estate: El golfista brit\u00e1nico con m\u00e1s t\u00edtulos adquiere una villa en Marbella por un mill\u00f3n de euros. Una operaci\u00f3n discreta pero significativa que, adem\u00e1s, llega en plena ebullici\u00f3n deportiva, <a href=\"https:\/\/okdiario.com\/coolthelifestyle\/lifestyle\/vicente-dalmau-cebrian-sagarriaga-nuestros-vinos-estan-pensados-acompanar-experiencias-lujo-como-open-espana-del-golf-882653\" rel=\"nofollow noopener\" target=\"_blank\"><strong>coincidiendo con la celebraci\u00f3n del Open de Espa\u00f1a de golf<\/strong><\/a>.<\/p>\n<p>De momento, no hay un nombre confirmado, pero las pistas son demasiado precisas como para pasar desapercibidas: <strong>es brit\u00e1nico y ostenta el mayor n\u00famero de t\u00edtulos de la historia del golf de su pa\u00eds<\/strong>. Con esa descripci\u00f3n, s\u00f3lo un nombre encaja a la perfecci\u00f3n: <strong>Nick Faldo. Seis veces campe\u00f3n de majors y n\u00famero uno del mundo durante casi dos a\u00f1os, Faldo es una aut\u00e9ntica leyenda viva del golf brit\u00e1nico<\/strong>.<\/p>\n<p><img decoding=\"async\" loading=\"lazy\" class=\"size-full wp-image-883805\" src=\"https:\/\/www.europesays.com\/es\/wp-content\/uploads\/2025\/10\/gettyimages-1862757577_easy-resize.com_.jpg\" alt=\"Nick Faldo, golf\" width=\"731\" height=\"1024\"  \/>(Foto: Getty)<\/p>\n<p>Su palmar\u00e9s lo sit\u00faa por encima de figuras como <strong>Rory McIlroy, quien podr\u00eda superarlo en el futuro, pero que a\u00fan no ha alcanzado su r\u00e9cord hist\u00f3rico<\/strong>.<\/p>\n<p><img decoding=\"async\" loading=\"lazy\" class=\"size-full wp-image-883806\" src=\"https:\/\/www.europesays.com\/es\/wp-content\/uploads\/2025\/10\/gettyimages-2091933385_easy-resize.com_.jpg\" alt=\"Rory McIlroy, golf\" width=\"1024\" height=\"683\"  \/>(Foto: Getty)<\/p>\n<p>El enclave elegido no es casual. <strong>La villa se encuentra en Golden Hill, dentro de El Campanario, a tan solo un kil\u00f3metro del campo de golf<\/strong>. Este residencial exclusivo contaba originalmente con 18 villas y, en los \u00faltimos meses, <strong><a href=\"https:\/\/okdiario.com\/coolthelifestyle\/arquitectura\/villas-mas-millon-euros-golden-hills-nuevo-paraiso-actores-futbolistas-marbella-828267\" rel=\"nofollow noopener\" target=\"_blank\">varias de ellas han sido adquiridas por futbolistas y actores internacionales<\/a><\/strong>. Hoy, s\u00f3lo quedan once disponibles. Sus precios<strong>, que oscilan entre 890.000 y 1,2 millones de euros, resultan moderados en comparaci\u00f3n con otras propiedades de la zona<\/strong>, como las <strong><a href=\"https:\/\/okdiario.com\/coolthelifestyle\/arquitectura\/primeras-viviendas-dolce-gabbana-marbella-vendidas-250-millones-euros-696795\" rel=\"nofollow noopener\" target=\"_blank\">casas dise\u00f1adas por Dolce &amp; Gabbana, que alcanzan cifras muy superiores.<\/a><\/strong><\/p>\n<p>Una villa en Marbella con vistas al mar y la monta\u00f1a<\/p>\n<p>La propiedad adquirida por el golfista es una vivienda de 290 metros cuadrados, cuenta con una piscina privada, una amplia terraza, cuatro dormitorios y cuatro ba\u00f1os. <strong>Un estilo de vivienda elegante, funcional y muy en sinton\u00eda con el estilo de vida de un deportista de \u00e9lite.<\/strong><\/p>\n<p>Adem\u00e1s, no hay que ir muy lejos para encontrar el para\u00edso de cualquier golfista: <strong>a pocos minutos de la villa se encuentran El Campanario Golf &amp; Country House <\/strong>y <strong>El Para\u00edso Golf Club, uno de los campos m\u00e1s emblem\u00e1ticos de la Costa del Sol<\/strong>. Vivir aqu\u00ed significa tener el green a la vuelta de la esquina, algo que no pasa desapercibido para un jugador acostumbrado a pasar gran parte del a\u00f1o entre torneos.<\/p>\n<p><img decoding=\"async\" loading=\"lazy\" class=\"size-full wp-image-883811\" src=\"https:\/\/www.europesays.com\/es\/wp-content\/uploads\/2025\/10\/homecontac-1_easy-resize.com_.jpg\" alt=\"Villa Marbella\" width=\"1024\" height=\"576\"  \/>(Foto: Golden Hills)<\/p>\n<p>La elecci\u00f3n de Marbella como refugio o inversi\u00f3n tampoco sorprende. <strong>La Costa del Sol lleva d\u00e9cadas atrayendo a personalidades del golf, el deporte y el arte por su clima, su oferta gastron\u00f3mica y cultural,<\/strong> y, sobre todo, por la discreci\u00f3n que ofrece. Lo que s\u00ed convierte esta compra en algo especial es el perfil de quien est\u00e1 detr\u00e1s de la operaci\u00f3n.<\/p>\n<p><img decoding=\"async\" loading=\"lazy\" class=\"size-full wp-image-883808\" src=\"https:\/\/www.europesays.com\/es\/wp-content\/uploads\/2025\/10\/captura-de-pantalla-2025-10-10-a-las-10.46.29_easy-resize.com-1.jpg\" alt=\"Villa Marbella\" width=\"1024\" height=\"440\"  \/>(Foto: Golden Hills)<\/p>\n<p>\u00a0<\/p>\n","protected":false},"excerpt":{"rendered":"Nos ha llegado una informaci\u00f3n que promete dar que hablar en el mundo del golf y el real&hellip;\n","protected":false},"author":2,"featured_media":167364,"comment_status":"","ping_status":"","sticky":false,"template":"","format":"standard","meta":{"footnotes":""},"categories":[275],"tags":[168,25,24,329,23,167],"class_list":{"0":"post-167363","1":"post","2":"type-post","3":"status-publish","4":"format-standard","5":"has-post-thumbnail","7":"category-golf","8":"tag-deportes","9":"tag-es","10":"tag-espana","11":"tag-golf","12":"tag-spain","13":"tag-sports"},"share_on_mastodon":{"url":"","error":""},"_links":{"self":[{"href":"https:\/\/www.europesays.com\/es\/wp-json\/wp\/v2\/posts\/167363","targetHints":{"allow":["GET"]}}],"collection":[{"href":"https:\/\/www.europesays.com\/es\/wp-json\/wp\/v2\/posts"}],"about":[{"href":"https:\/\/www.europesays.com\/es\/wp-json\/wp\/v2\/types\/post"}],"author":[{"embeddable":true,"href":"https:\/\/www.europesays.com\/es\/wp-json\/wp\/v2\/users\/2"}],"replies":[{"embeddable":true,"href":"https:\/\/www.europesays.com\/es\/wp-json\/wp\/v2\/comments?post=167363"}],"version-history":[{"count":0,"href":"https:\/\/www.europesays.com\/es\/wp-json\/wp\/v2\/posts\/167363\/revisions"}],"wp:featuredmedia":[{"embeddable":true,"href":"https:\/\/www.europesays.com\/es\/wp-json\/wp\/v2\/media\/167364"}],"wp:attachment":[{"href":"https:\/\/www.europesays.com\/es\/wp-json\/wp\/v2\/media?parent=167363"}],"wp:term":[{"taxonomy":"category","embeddable":true,"href":"https:\/\/www.europesays.com\/es\/wp-json\/wp\/v2\/categories?post=167363"},{"taxonomy":"post_tag","embeddable":true,"href":"https:\/\/www.europesays.com\/es\/wp-json\/wp\/v2\/tags?post=167363"}],"curies":[{"name":"wp","href":"https:\/\/api.w.org\/{rel}","templated":true}]}}