{"id":167377,"date":"2025-10-10T11:57:10","date_gmt":"2025-10-10T11:57:10","guid":{"rendered":"https:\/\/www.europesays.com\/es\/167377\/"},"modified":"2025-10-10T11:57:10","modified_gmt":"2025-10-10T11:57:10","slug":"mil-cosas-sobre-la-vida-dominada-por-las-agendas-la-velocidad-y-las-pequenas-tragedias-de-la-ciudad-ocio-y-cultura","status":"publish","type":"post","link":"https:\/\/www.europesays.com\/es\/167377\/","title":{"rendered":"\u201cMil cosas\u201d, sobre la vida dominada por las agendas, la velocidad y las peque\u00f1as tragedias de la ciudad | Ocio y cultura"},"content":{"rendered":"<p>Como todos los viernes, en el Hoy por Hoy Ourense hablamos de libros de la mano del Espazo do Lector Nobel, situado en la calle Santo Domingo de la ciudad. Celia Fern\u00e1ndez, su responsable y la cara visible de nuestra secci\u00f3n O Faiado dos libros, nos ofrece tres nuevas propuestas de lectura. La primera es Mil cosas (Anagrama) de Juan Tall\u00f3n, un retrato generacional, una reflexi\u00f3n sobre c\u00f3mo seguimos adelante cuando todo nos sobrepasa.<\/p>\n<p>Un d\u00eda en la vida de Travis y Anne no empieza y acaba para dar paso a una nueva jornada. No. Su existencia hiperactiva se levanta m\u00e1s bien sobre un d\u00eda perpetuo, extenuante, que impide desconectar un segundo de la realidad. La velocidad endiablada de la gran ciudad, el ir y venir de un sitio a otro, las infinitas tareas que la pareja encadena sin descanso, los sobresaltos, la prisa, el estr\u00e9s, la crianza de un hijo peque\u00f1o, la dispersi\u00f3n, lo que queda siempre por hacer, conforman un estilo de vida trepidante que el lector puede llegar a reconocer como propio.<\/p>\n<p>Travis trabaja en una revista y es d\u00eda de cierre. Mientras le ronda la pavorosa idea de que van a despedirlo, no dejan de sucederse a su alrededor imprevistos de toda clase. Anne, por su parte, se siente harta del departamento de atenci\u00f3n al cliente en el que est\u00e1 destinada, donde la relaci\u00f3n con algunos de sus compa\u00f1eros amenaza con hacer saltar la oficina por los aires. No va a ser f\u00e1cil llegar al final del d\u00eda.<\/p>\n<p>La segunda propuesta es Mulleres que viven xuntas, de Abril Camino, XLII Premio Xerais de Novela 2025.Una obra conmovedora tejida con los hilos de colores del amor y la pasi\u00f3n, pero tambi\u00e9n con muchas puntadas oscuras de frustraci\u00f3n. En 1955, despu\u00e9s de la muerte de su padre, Isabel, que a\u00fan no ha cumplido diez a\u00f1os, se ve en el deber de marchar para Londres, donde ser\u00e1 acogida por sus t\u00edos. Cuando en 1968 regresa a su aldea, cerca de Compostela, conoce a Chus, una maestra que cuid\u00f3 de su madre mientras ella no estaba y con quien va a iniciar una relaci\u00f3n de amor que durar\u00e1 toda la vida. <\/p>\n<p>El miedo a lo que dir\u00e1n y a manifestar su situaci\u00f3n sentimental durante la represi\u00f3n franquista, provoca que mantengan un secreto que les afectar\u00e1 profundamente. Con un estilo sobrio y con una magn\u00edfica construcci\u00f3n de los personajes, que van creciendo a trav\u00e9s de la intercalaci\u00f3n de distintos tiempos y voces narrativas, Mulleres que viven xuntas interpela a lectoras y lectores para reflexionar sobre las dificultades y repercusiones que la orientaci\u00f3n sexual puede suponer para algunas personas. <\/p>\n<p>En literatura infantil y juvenil, Celia Fern\u00e1ndez nos recomienda Super Fiz, de Luis Amavisca e ilustraciones de Gusti. SuperFiz est\u00e1 muy atareado ayudando a todo el mundo y vigilando las calles para que no ocurra nada malo. Pero su supertraje se rompe, tiene que llevarlo a arreglar y se ve forzado a tomarse el d\u00eda libre. Entonces descubre que le encantan las flores, jugar en el parque con outros ni\u00f1os y ni\u00f1as, dibujar y bailar. No quiere renunciar a hacer todo lo que le gusta solo porque no es lo que hacen los superh\u00e9roes. \u00bfPor qu\u00e9 no pueden los superh\u00e9roes ser supervalientes y tambi\u00e9n supersensibles?<\/p>\n","protected":false},"excerpt":{"rendered":"Como todos los viernes, en el Hoy por Hoy Ourense hablamos de libros de la mano del Espazo&hellip;\n","protected":false},"author":2,"featured_media":167378,"comment_status":"","ping_status":"","sticky":false,"template":"","format":"standard","meta":{"footnotes":""},"categories":[172],"tags":[224,146,147,25,24,225,23],"class_list":{"0":"post-167377","1":"post","2":"type-post","3":"status-publish","4":"format-standard","5":"has-post-thumbnail","7":"category-libros","8":"tag-books","9":"tag-entertainment","10":"tag-entretenimiento","11":"tag-es","12":"tag-espana","13":"tag-libros","14":"tag-spain"},"share_on_mastodon":{"url":"","error":""},"_links":{"self":[{"href":"https:\/\/www.europesays.com\/es\/wp-json\/wp\/v2\/posts\/167377","targetHints":{"allow":["GET"]}}],"collection":[{"href":"https:\/\/www.europesays.com\/es\/wp-json\/wp\/v2\/posts"}],"about":[{"href":"https:\/\/www.europesays.com\/es\/wp-json\/wp\/v2\/types\/post"}],"author":[{"embeddable":true,"href":"https:\/\/www.europesays.com\/es\/wp-json\/wp\/v2\/users\/2"}],"replies":[{"embeddable":true,"href":"https:\/\/www.europesays.com\/es\/wp-json\/wp\/v2\/comments?post=167377"}],"version-history":[{"count":0,"href":"https:\/\/www.europesays.com\/es\/wp-json\/wp\/v2\/posts\/167377\/revisions"}],"wp:featuredmedia":[{"embeddable":true,"href":"https:\/\/www.europesays.com\/es\/wp-json\/wp\/v2\/media\/167378"}],"wp:attachment":[{"href":"https:\/\/www.europesays.com\/es\/wp-json\/wp\/v2\/media?parent=167377"}],"wp:term":[{"taxonomy":"category","embeddable":true,"href":"https:\/\/www.europesays.com\/es\/wp-json\/wp\/v2\/categories?post=167377"},{"taxonomy":"post_tag","embeddable":true,"href":"https:\/\/www.europesays.com\/es\/wp-json\/wp\/v2\/tags?post=167377"}],"curies":[{"name":"wp","href":"https:\/\/api.w.org\/{rel}","templated":true}]}}