{"id":167381,"date":"2025-10-10T11:59:07","date_gmt":"2025-10-10T11:59:07","guid":{"rendered":"https:\/\/www.europesays.com\/es\/167381\/"},"modified":"2025-10-10T11:59:07","modified_gmt":"2025-10-10T11:59:07","slug":"la-cumbia-colombiana-presente-en-los-latin-grammy-2025-con-todo-el-sabor-de-los-cumbia-stars","status":"publish","type":"post","link":"https:\/\/www.europesays.com\/es\/167381\/","title":{"rendered":"La cumbia colombiana, presente en los Latin Grammy 2025 con todo el sabor de Los Cumbia Stars"},"content":{"rendered":"<p>En un continente donde la cumbia une a millones de personas, la agrupaci\u00f3n colombiana <b>Los Cumbia Stars se consolida como referente del g\u00e9nero gracias a su nominaci\u00f3n en la categor\u00eda Mejor \u00c1lbum Cumbia\/Vallenato en los Latin Grammy 2025<\/b>. Su producci\u00f3n Baila Kolombia, justamente, celebra la riqueza sonora de la cumbia y la vive como ese ritmo que hace gozar las caderas de Latinoam\u00e9rica entera.<\/p>\n<p>Fundados bajo el sello Discos Fuentes, casa de artistas que han marcado a generaciones como Fruko, Joe Arroyo y La Sonora Dinamita, <b>Los Cumbia Stars representan una nueva generaci\u00f3n de m\u00fasicos que renuevan la tradici\u00f3n tropical colombiana<\/b> con arreglos modernos y colaboraciones transfronterizas. Su sonido, aunque con un toque innovador, ha conseguido mantener vigente este ritmo colombiano y llegar a los o\u00eddos de nuevos p\u00fablicos.\u00a0<\/p>\n<p class=\"c-cuerpo__media__txt\">Desde su formaci\u00f3n en 2018 Los Cumbia Stars han realizado cinco trabajos discogr\u00e1ficos. Foto:Los Cumbia Stars<\/p>\n<p><b>Todo esto gracias a combinaci\u00f3n perfecta de la voz de su cantante principal, Cristina Escamilla, con el indudable talento de sus compa\u00f1eros<\/b>, ocho m\u00fasicos de amplia trayectoria, entre ellos el director y compositor Juan Pablo Acosta.<\/p>\n<p>Baila Kolombia, el disco nominado a los Latin Grammy, es su quinto \u00e1lbum de estudio y una declaraci\u00f3n de identidad musical. El sencillo hom\u00f3nimo, realizado junto a la banda argentina La Delio Valdez y Yeison Landero, nieto del rey de la cumbia Andr\u00e9s Landero, <b>rinde homenaje a las ra\u00edces de este g\u00e9nero mientras lo proyecta hacia nuevas generaciones. <\/b>Adem\u00e1s, el concepto de \u201cKolombia\u201d con K busca evocar un espacio simb\u00f3lico donde los tambores, gaitas y acordeones narran las historias de todo un continente.<\/p>\n<p>La agrupaci\u00f3n ha sido reconocida por su capacidad de tejer puentes culturales a trav\u00e9s de colaboraciones con artistas de M\u00e9xico, Guatemala, Ecuador, Per\u00fa, Chile, Venezuela, Uruguay, Paraguay y Estados Unidos. <b>Cada canci\u00f3n es una muestra de c\u00f3mo la cumbia puede ser lenguaje com\u00fan<\/b>, desde Llora Mi Acorde\u00f3n \u2014\u00e9xito entre los sonideros de Monterrey\u2014 hasta Amapola, tema que lider\u00f3 listas en Ecuador.<\/p>\n<p>Con m\u00e1s de 120 presentaciones en vivo en escenarios como el Festival Internacional de Jazz de New Orleans, el Auditorio Nacional de M\u00e9xico, el Teatro Col\u00f3n de Bogot\u00e1 y el Antel Arena de Montevideo, <b>Los Cumbia Stars han demostrado que la cumbia no solo es vigente, sino universal.<\/b> Sus videos acumulan millones de reproducciones y sus temas figuran en listas de todas las plataformas digitales, conectando con p\u00fablicos j\u00f3venes que redescubren el g\u00e9nero.<\/p>\n<p><b>La nominaci\u00f3n al Latin Grammy 2025, cuya ceremonia se celebrar\u00e1 en Las Vegas, marca un hito para la agrupaci\u00f3n y para la m\u00fasica tropical colombiana.<\/b> Los Cumbia Stars no solo representan una propuesta art\u00edstica s\u00f3lida, sino tambi\u00e9n la continuidad de un legado que ha hecho de la cumbia un s\u00edmbolo de identidad continental.<\/p>\n<p>M\u00e1s noticias&#8230;<\/p>\n","protected":false},"excerpt":{"rendered":"En un continente donde la cumbia une a millones de personas, la agrupaci\u00f3n colombiana Los Cumbia Stars se&hellip;\n","protected":false},"author":2,"featured_media":167382,"comment_status":"","ping_status":"","sticky":false,"template":"","format":"standard","meta":{"footnotes":""},"categories":[170],"tags":[11107,49030,420,146,147,25,24,1783,184,185,9249,23],"class_list":{"0":"post-167381","1":"post","2":"type-post","3":"status-publish","4":"format-standard","5":"has-post-thumbnail","7":"category-musica","8":"tag-colombiana","9":"tag-cumbia","10":"tag-en","11":"tag-entertainment","12":"tag-entretenimiento","13":"tag-es","14":"tag-espana","15":"tag-la","16":"tag-music","17":"tag-musica","18":"tag-presente","19":"tag-spain"},"share_on_mastodon":{"url":"","error":""},"_links":{"self":[{"href":"https:\/\/www.europesays.com\/es\/wp-json\/wp\/v2\/posts\/167381","targetHints":{"allow":["GET"]}}],"collection":[{"href":"https:\/\/www.europesays.com\/es\/wp-json\/wp\/v2\/posts"}],"about":[{"href":"https:\/\/www.europesays.com\/es\/wp-json\/wp\/v2\/types\/post"}],"author":[{"embeddable":true,"href":"https:\/\/www.europesays.com\/es\/wp-json\/wp\/v2\/users\/2"}],"replies":[{"embeddable":true,"href":"https:\/\/www.europesays.com\/es\/wp-json\/wp\/v2\/comments?post=167381"}],"version-history":[{"count":0,"href":"https:\/\/www.europesays.com\/es\/wp-json\/wp\/v2\/posts\/167381\/revisions"}],"wp:featuredmedia":[{"embeddable":true,"href":"https:\/\/www.europesays.com\/es\/wp-json\/wp\/v2\/media\/167382"}],"wp:attachment":[{"href":"https:\/\/www.europesays.com\/es\/wp-json\/wp\/v2\/media?parent=167381"}],"wp:term":[{"taxonomy":"category","embeddable":true,"href":"https:\/\/www.europesays.com\/es\/wp-json\/wp\/v2\/categories?post=167381"},{"taxonomy":"post_tag","embeddable":true,"href":"https:\/\/www.europesays.com\/es\/wp-json\/wp\/v2\/tags?post=167381"}],"curies":[{"name":"wp","href":"https:\/\/api.w.org\/{rel}","templated":true}]}}