{"id":167383,"date":"2025-10-10T12:00:09","date_gmt":"2025-10-10T12:00:09","guid":{"rendered":"https:\/\/www.europesays.com\/es\/167383\/"},"modified":"2025-10-10T12:00:09","modified_gmt":"2025-10-10T12:00:09","slug":"el-miedo-nuclear-en-eeuu-jared-leto-en-la-nueva-tron-el-thriller-fallido-de-austin-butler-y-otros-estrenos-el-cine-en-la-ser","status":"publish","type":"post","link":"https:\/\/www.europesays.com\/es\/167383\/","title":{"rendered":"El miedo nuclear en EEUU, Jared Leto en la nueva &#8216;Tron&#8217;, el thriller fallido de Austin Butler y otros estrenos | El cine en la SER"},"content":{"rendered":"<p class=\"loc\">Madrid<\/p>\n<p>Viernes loco en la cartelera con much\u00edsimos estrenos. Hay para todos los gustos. Kathryn Bigelow, la primera directora en ganar el Oscar, regresa con &#8216;Una casa llena de dinamita&#8217;, un thriller en el que imagina un ataque en suelo americano. La pel\u00edcula ya est\u00e1 en salas y en unas semanas llegar\u00e1 a Netflix. M\u00e1s thriller con &#8216;Bala perdida&#8217;, lo nuevo de Aronofsky, y con &#8216;Tron: Ares&#8217;, la secuela de la saga con Jared Leto. Adem\u00e1s, &#8216;Downton Abbey&#8217; se despide para siempre, hay terror con Carmen Maura en &#8216;Vieja loca&#8217; y una reivindicaci\u00f3n de la memoria hist\u00f3rica con &#8216;Karmele&#8217;, drama que protagonizan Eneko Sagardoy y Jone Laspiur. En televisi\u00f3n, comentamos la nueva entrega de &#8216;Monstruo&#8217;, la pol\u00e9mica antolog\u00eda de Ryan Murphy, y nos metemos en el mundo de los esp\u00edas espa\u00f1oles de &#8216;El centro&#8217;.<\/p>\n<p>\ud83c\udfa7 YA disponible en <a href=\"https:\/\/linktr.ee\/ElCineEnLaSER\" target=\"_blank\" rel=\"nofollow noopener\" title=\"https:\/\/linktr.ee\/ElCineEnLaSER\"><b>SER Podcast y todas las plataformas de audio<\/b><\/a> (Spotify, Apple Podcast, iVoox, Amazon Music, Google Podcast&#8230;)<\/p>\n","protected":false},"excerpt":{"rendered":"Madrid Viernes loco en la cartelera con much\u00edsimos estrenos. Hay para todos los gustos. Kathryn Bigelow, la primera&hellip;\n","protected":false},"author":2,"featured_media":167384,"comment_status":"","ping_status":"","sticky":false,"template":"","format":"standard","meta":{"footnotes":""},"categories":[169],"tags":[177,146,147,25,24,176,175,23],"class_list":{"0":"post-167383","1":"post","2":"type-post","3":"status-publish","4":"format-standard","5":"has-post-thumbnail","7":"category-cine","8":"tag-cine","9":"tag-entertainment","10":"tag-entretenimiento","11":"tag-es","12":"tag-espana","13":"tag-film","14":"tag-movies","15":"tag-spain"},"share_on_mastodon":{"url":"","error":""},"_links":{"self":[{"href":"https:\/\/www.europesays.com\/es\/wp-json\/wp\/v2\/posts\/167383","targetHints":{"allow":["GET"]}}],"collection":[{"href":"https:\/\/www.europesays.com\/es\/wp-json\/wp\/v2\/posts"}],"about":[{"href":"https:\/\/www.europesays.com\/es\/wp-json\/wp\/v2\/types\/post"}],"author":[{"embeddable":true,"href":"https:\/\/www.europesays.com\/es\/wp-json\/wp\/v2\/users\/2"}],"replies":[{"embeddable":true,"href":"https:\/\/www.europesays.com\/es\/wp-json\/wp\/v2\/comments?post=167383"}],"version-history":[{"count":0,"href":"https:\/\/www.europesays.com\/es\/wp-json\/wp\/v2\/posts\/167383\/revisions"}],"wp:featuredmedia":[{"embeddable":true,"href":"https:\/\/www.europesays.com\/es\/wp-json\/wp\/v2\/media\/167384"}],"wp:attachment":[{"href":"https:\/\/www.europesays.com\/es\/wp-json\/wp\/v2\/media?parent=167383"}],"wp:term":[{"taxonomy":"category","embeddable":true,"href":"https:\/\/www.europesays.com\/es\/wp-json\/wp\/v2\/categories?post=167383"},{"taxonomy":"post_tag","embeddable":true,"href":"https:\/\/www.europesays.com\/es\/wp-json\/wp\/v2\/tags?post=167383"}],"curies":[{"name":"wp","href":"https:\/\/api.w.org\/{rel}","templated":true}]}}