{"id":167414,"date":"2025-10-10T12:17:12","date_gmt":"2025-10-10T12:17:12","guid":{"rendered":"https:\/\/www.europesays.com\/es\/167414\/"},"modified":"2025-10-10T12:17:12","modified_gmt":"2025-10-10T12:17:12","slug":"espana-se-situa-entre-las-tres-selecciones-mas-valiosas-de-europa","status":"publish","type":"post","link":"https:\/\/www.europesays.com\/es\/167414\/","title":{"rendered":"Espa\u00f1a se sit\u00faa entre las tres selecciones m\u00e1s valiosas de Europa"},"content":{"rendered":"<p>Pedri, el MVP\u00a0<\/p>\n<p>                                    <img decoding=\"async\" src=\"https:\/\/www.europesays.com\/es\/wp-content\/uploads\/2025\/10\/pedri-spain-2025-1760002966-179866.jpg\" title=\"Espa\u00f1a se sit\u00faa entre las tres selecciones m\u00e1s valiosas de Europa\" alt=\"Espa\u00f1a se sit\u00faa entre las tres selecciones m\u00e1s valiosas de Europa\"\/><\/p>\n<p>\n                                       \u00a9IMAGO\n                                    <\/p>\n<p>Con la \u00faltima incorporaci\u00f3n de <a title=\"Aymeric Laporte\" href=\"https:\/\/www.transfermarkt.es\/aymeric-laporte\/profil\/spieler\/176553\" target=\"_blank\" rel=\"nofollow noopener\">Aymeric Laporte<\/a> a la selecci\u00f3n tras la baja por lesi\u00f3n del madridista <a title=\"Dean Huijsen\" href=\"https:\/\/www.transfermarkt.es\/dean-huijsen\/profil\/spieler\/890290\" target=\"_blank\" rel=\"nofollow noopener\">Dean Huijsen<\/a>, el <a title=\"Espa\u00f1a\" href=\"https:\/\/www.transfermarkt.es\/espa-a\/startseite\/verein\/3375\" target=\"_blank\" rel=\"nofollow noopener\">combinado nacional<\/a> cuenta con la tercera plantilla m\u00e1s valiosa de la <a title=\"Clasificaci\u00f3n Mundial Europa\" href=\"https:\/\/www.transfermarkt.es\/clasificaci-n-mundial-europa\/startseite\/wettbewerb\/WMQ6\" target=\"_blank\" rel=\"nofollow noopener\">fase europea de la clasificaci\u00f3n<\/a> para el Mundial de 2026, con 996 millones de euros.<\/p>\n<p><\/p>\n<p>Espa\u00f1a afronta sus dos choques como local ante <a title=\"Georgia\" href=\"https:\/\/www.transfermarkt.es\/georgia\/startseite\/verein\/3669\" target=\"_blank\" rel=\"nofollow noopener\">Georgia<\/a> y <a title=\"Bulgaria\" href=\"https:\/\/www.transfermarkt.es\/bulgaria\/startseite\/verein\/3394\" target=\"_blank\" rel=\"nofollow noopener\">Bulgaria<\/a>\u00a0con <a href=\"https:\/\/www.transfermarkt.es\/pedri\/profil\/spieler\/683840\" rel=\"nofollow noopener\" target=\"_blank\">Pedri <\/a>como el jugador m\u00e1s cotizado. El canario est\u00e1 tasado en 140 millones de euros y es <a href=\"https:\/\/www.transfermarkt.es\/spanien\/startseite\/verein\/3375\/sort\/marketValueRaw.desc\" target=\"_blank\" rel=\"nofollow noopener\">el MVP de la Roja en estos momentos<\/a> debido a la ausencia del <a href=\"https:\/\/www.transfermarkt.es\/spieler-statistik\/wertvollstespieler\/marktwertetop\/mw\" target=\"_blank\" rel=\"nofollow noopener\">futbolista m\u00e1s valioso del planeta<\/a>, el extremo del FC Barcelona <a title=\"Lamine Yamal\" href=\"https:\/\/www.transfermarkt.es\/lamine-yamal\/profil\/spieler\/937958\" target=\"_blank\" rel=\"nofollow noopener\">Lamine Yamal<\/a>, valorado en 200 millones.<\/p>\n<p><a title=\"Pau Cubars\u00ed\" href=\"https:\/\/www.transfermarkt.es\/pau-cubars-\/profil\/spieler\/962110\" target=\"_blank\" rel=\"nofollow noopener\">Pau Cubars\u00ed<\/a>, <a title=\"Dani Olmo\" href=\"https:\/\/www.transfermarkt.es\/dani-olmo\/profil\/spieler\/293385\" target=\"_blank\" rel=\"nofollow noopener\">Dani Olmo<\/a> y <a title=\"Mart\u00edn Zubimendi\" href=\"https:\/\/www.transfermarkt.es\/mart-n-zubimendi\/profil\/spieler\/423440\" target=\"_blank\" rel=\"nofollow noopener\">Mart\u00edn Zubimendi<\/a> son los siguientes profesionales m\u00e1s valiosos con 80 millones el central, y 60 de los dos \u00faltimos.<\/p>\n<p>\nFrancia e Inglaterra, adelantan a Espa\u00f1a<\/p>\n<p>Solo <a title=\"Francia\" href=\"https:\/\/www.transfermarkt.es\/francia\/startseite\/verein\/3377\" target=\"_blank\" rel=\"nofollow noopener\">Francia<\/a> e <a title=\"Inglaterra\" href=\"https:\/\/www.transfermarkt.es\/inglaterra\/startseite\/verein\/3299\" target=\"_blank\" rel=\"nofollow noopener\">Inglaterra <\/a>ostentan <a href=\"https:\/\/www.transfermarkt.es\/wm-qualifikation-europa\/teilnehmer\/pokalwettbewerb\/WMQ6\" target=\"_blank\" rel=\"nofollow noopener\">planteles m\u00e1s cotizados que el de Luis de la Fuente<\/a>, ambos con poco m\u00e1s de 1.000 millones de euros. Por detr\u00e1s de la selecci\u00f3n aparecen Portugal e Italia. En cuanto a la valoraci\u00f3n de sus dos pr\u00f3ximos rivales, la Georgia de <a title=\"Giorgi Mamardashvili\" href=\"https:\/\/www.transfermarkt.es\/giorgi-mamardashvili\/profil\/spieler\/502676\" target=\"_blank\" rel=\"nofollow noopener\">Giorgi Mamardashvili<\/a>, <a title=\"Khvicha Kvaratskhelia\" href=\"https:\/\/www.transfermarkt.es\/khvicha-kvaratskhelia\/profil\/spieler\/502670\" target=\"_blank\" rel=\"nofollow noopener\">Khvicha Kvaratskhelia<\/a> y <a title=\"Georges Mikautadze\" href=\"https:\/\/www.transfermarkt.es\/georges-mikautadze\/profil\/spieler\/729814\" target=\"_blank\" rel=\"nofollow noopener\">Georges Mikautadze<\/a> como grandes estrellas, est\u00e1 tasada en 204,15 millones de euros y se sit\u00faa en la 20\u00aa posici\u00f3n de la fase de clasificaci\u00f3n continental.<\/p>\n<p>En cuanto a Bulgaria, el combinado alcanza un valor mucho m\u00e1s modesto de 44,25 millones de euros, con lo que se ubica como la selecci\u00f3n n\u00famero 36 del f\u00fatbol europeo. El extremo del PAOK <a href=\"https:\/\/www.transfermarkt.es\/kiril-despodov\/profil\/spieler\/221540\" rel=\"nofollow noopener\" target=\"_blank\">Kiril Despodov <\/a>es el MVP b\u00falgaro con 8 millones.<\/p>\n<p><\/p>\n","protected":false},"excerpt":{"rendered":"Pedri, el MVP\u00a0 \u00a9IMAGO Con la \u00faltima incorporaci\u00f3n de Aymeric Laporte a la selecci\u00f3n tras la baja por&hellip;\n","protected":false},"author":2,"featured_media":167415,"comment_status":"","ping_status":"","sticky":false,"template":"","format":"standard","meta":{"footnotes":""},"categories":[268],"tags":[2204,32255,49037,23812,33709,168,25,24,280,317,282,33710,11560,14508,332,40252,49038,8138,23585,47493,16809,281,23,167],"class_list":{"0":"post-167414","1":"post","2":"type-post","3":"status-publish","4":"format-standard","5":"has-post-thumbnail","7":"category-futbol","8":"tag-aymeric-laporte","9":"tag-bulgaria","10":"tag-clasificacion-mundial-europa","11":"tag-dani-olmo","12":"tag-dean-huijsen","13":"tag-deportes","14":"tag-es","15":"tag-espana","16":"tag-football","17":"tag-francia","18":"tag-futbol","19":"tag-georges-mikautadze","20":"tag-georgia","21":"tag-giorgi-mamardashvili","22":"tag-inglaterra","23":"tag-khvicha-kvaratskhelia","24":"tag-kiril-despodov","25":"tag-lamine-yamal","26":"tag-martin-zubimendi","27":"tag-pau-cubarsi","28":"tag-pedri","29":"tag-soccer","30":"tag-spain","31":"tag-sports"},"share_on_mastodon":{"url":"","error":""},"_links":{"self":[{"href":"https:\/\/www.europesays.com\/es\/wp-json\/wp\/v2\/posts\/167414","targetHints":{"allow":["GET"]}}],"collection":[{"href":"https:\/\/www.europesays.com\/es\/wp-json\/wp\/v2\/posts"}],"about":[{"href":"https:\/\/www.europesays.com\/es\/wp-json\/wp\/v2\/types\/post"}],"author":[{"embeddable":true,"href":"https:\/\/www.europesays.com\/es\/wp-json\/wp\/v2\/users\/2"}],"replies":[{"embeddable":true,"href":"https:\/\/www.europesays.com\/es\/wp-json\/wp\/v2\/comments?post=167414"}],"version-history":[{"count":0,"href":"https:\/\/www.europesays.com\/es\/wp-json\/wp\/v2\/posts\/167414\/revisions"}],"wp:featuredmedia":[{"embeddable":true,"href":"https:\/\/www.europesays.com\/es\/wp-json\/wp\/v2\/media\/167415"}],"wp:attachment":[{"href":"https:\/\/www.europesays.com\/es\/wp-json\/wp\/v2\/media?parent=167414"}],"wp:term":[{"taxonomy":"category","embeddable":true,"href":"https:\/\/www.europesays.com\/es\/wp-json\/wp\/v2\/categories?post=167414"},{"taxonomy":"post_tag","embeddable":true,"href":"https:\/\/www.europesays.com\/es\/wp-json\/wp\/v2\/tags?post=167414"}],"curies":[{"name":"wp","href":"https:\/\/api.w.org\/{rel}","templated":true}]}}