{"id":167444,"date":"2025-10-10T12:33:09","date_gmt":"2025-10-10T12:33:09","guid":{"rendered":"https:\/\/www.europesays.com\/es\/167444\/"},"modified":"2025-10-10T12:33:09","modified_gmt":"2025-10-10T12:33:09","slug":"lo-que-sienten-delante-de-un-animal-no-se-vive-con-nada-mas","status":"publish","type":"post","link":"https:\/\/www.europesays.com\/es\/167444\/","title":{"rendered":"Lo que sienten delante de un animal no se vive con nada m\u00e1s"},"content":{"rendered":"<p class=\"paragraph\" id=\"paragraph_1\">Contin\u00faan los festejos y las vaquillas en estas Fiestas del Pilar. Este viernes decenas de ni\u00f1os han protagonizado un<strong> San Ferm\u00edn &#8216;chiqui&#8217; para acercar la tauromaquia<\/strong> a los m\u00e1s peque\u00f1os. Con ellos ha estado el joven torero Aar\u00f3n Palacio.<\/p>\n<p class=\"paragraph\" id=\"paragraph_2\">Con la calle llena de ni\u00f1os y padres, y la expresi\u00f3n de ilusi\u00f3n de todos ellos, se puede decir que ha <strong>sido un todo un \u00ab\u00e9xito\u00bb.<\/strong> Sentimiento que ha compartido Aar\u00f3n Palacio, quien ha explicado que se trata de \u00abuna actividad educativa y un festejo popular\u00bb.<\/p>\n<p class=\"paragraph\" id=\"paragraph_3\">As\u00ed, los m\u00e1s j\u00f3venes no solo empiezan a aficionarse al mundo del toro, sino que puede llevarse una experiencia \u00abinolvidable\u00bb: \u00abLo que sienten delante de un animal no se vive con nada m\u00e1s\u00bb, ha confesado el torero. <strong>Ese mismo sentimiento es el que \u00e9l ten\u00eda de peque\u00f1o cuando empez\u00f3 a correr detr\u00e1s de las becerras en las fiestas de los pueblos.<\/strong><\/p>\n<p><img loading=\"lazy\" decoding=\"async\" alt=\"Un grupo de mujeres en la Ofrenda de Flores de Zaragoza\" height=\"180\" src=\"https:\/\/www.europesays.com\/es\/wp-content\/uploads\/2025\/10\/1003743962790_259277183_320x180.jpg\" width=\"320\" data-lazy-status=\"processed\" data-lazy-info=\"remove loading item 1\"\/><\/p>\n<p class=\"paragraph\" id=\"paragraph_4\">Por eso, recuerda y entiende las ganas que desprenden cada ni\u00f1o y ni\u00f1a y la importancia de celebrar<strong> este tipo de festejos para ellos.<\/strong> \u00abSe hacen muchas actividades infantiles sin carretones de verdad, sino con cartones, dibujos o juegos, lo que fomenta mucho la tauromaquia\u00bb, ha afirmado.<\/p>\n<p class=\"paragraph\" id=\"paragraph_5\">Con una mirada puesta en el futuro, Palacio es optimista al pensar en el mundo taurino para los j\u00f3venes, un p\u00fablico que como cuenta <strong>es cada vez mayor.<\/strong> Adem\u00e1s, explica que la tauromaquia est\u00e1 mejor que nunca: \u00abLa tauromaquia ahora mismo <strong>goza de una salud incre\u00edble\u00bb,<\/strong> ha explicado.<\/p>\n<p><img decoding=\"async\" alt=\"El torero Aar\u00f3n Palacios (20 a\u00f1os) durante la actividad taurina.\" data-imgm=\"true\" height=\"180\" loading=\"lazy\"  src=\"https:\/\/www.europesays.com\/es\/wp-content\/uploads\/2025\/10\/1003743963965_259293222_1024x576.jpg\"  width=\"320\"\/><\/p>\n<p>                                                            El torero Aar\u00f3n Palacios (20 a\u00f1os) durante la actividad taurina.<\/p>\n<p class=\"paragraph\" id=\"paragraph_6\">En cuanto a sus planes, contin\u00faa enfocado en entrenar, seguir mejorando y preparar la temporada siguiente en la que tiene que \u00abapretarse mucho\u00bb <strong>para llegar a donde quiere estar: \u00ab<\/strong>Tiene que ser muy importante para m\u00ed\u00bb, ha dicho.<\/p>\n","protected":false},"excerpt":{"rendered":"Contin\u00faan los festejos y las vaquillas en estas Fiestas del Pilar. Este viernes decenas de ni\u00f1os han protagonizado&hellip;\n","protected":false},"author":2,"featured_media":167445,"comment_status":"","ping_status":"","sticky":false,"template":"","format":"standard","meta":{"footnotes":""},"categories":[277],"tags":[373,168,25,24,2932,10048,23,167,374,491],"class_list":{"0":"post-167444","1":"post","2":"type-post","3":"status-publish","4":"format-standard","5":"has-post-thumbnail","7":"category-toreo","8":"tag-bullfighting","9":"tag-deportes","10":"tag-es","11":"tag-espana","12":"tag-ninos","13":"tag-plazas-de-toros","14":"tag-spain","15":"tag-sports","16":"tag-toreo","17":"tag-zaragoza"},"share_on_mastodon":{"url":"","error":""},"_links":{"self":[{"href":"https:\/\/www.europesays.com\/es\/wp-json\/wp\/v2\/posts\/167444","targetHints":{"allow":["GET"]}}],"collection":[{"href":"https:\/\/www.europesays.com\/es\/wp-json\/wp\/v2\/posts"}],"about":[{"href":"https:\/\/www.europesays.com\/es\/wp-json\/wp\/v2\/types\/post"}],"author":[{"embeddable":true,"href":"https:\/\/www.europesays.com\/es\/wp-json\/wp\/v2\/users\/2"}],"replies":[{"embeddable":true,"href":"https:\/\/www.europesays.com\/es\/wp-json\/wp\/v2\/comments?post=167444"}],"version-history":[{"count":0,"href":"https:\/\/www.europesays.com\/es\/wp-json\/wp\/v2\/posts\/167444\/revisions"}],"wp:featuredmedia":[{"embeddable":true,"href":"https:\/\/www.europesays.com\/es\/wp-json\/wp\/v2\/media\/167445"}],"wp:attachment":[{"href":"https:\/\/www.europesays.com\/es\/wp-json\/wp\/v2\/media?parent=167444"}],"wp:term":[{"taxonomy":"category","embeddable":true,"href":"https:\/\/www.europesays.com\/es\/wp-json\/wp\/v2\/categories?post=167444"},{"taxonomy":"post_tag","embeddable":true,"href":"https:\/\/www.europesays.com\/es\/wp-json\/wp\/v2\/tags?post=167444"}],"curies":[{"name":"wp","href":"https:\/\/api.w.org\/{rel}","templated":true}]}}