{"id":167454,"date":"2025-10-10T12:40:08","date_gmt":"2025-10-10T12:40:08","guid":{"rendered":"https:\/\/www.europesays.com\/es\/167454\/"},"modified":"2025-10-10T12:40:08","modified_gmt":"2025-10-10T12:40:08","slug":"el-betis-cierra-la-semana-con-muchos-canteranos-bartra-llorente-y-deossa","status":"publish","type":"post","link":"https:\/\/www.europesays.com\/es\/167454\/","title":{"rendered":"El Betis cierra la semana con muchos canteranos, Bartra, Llorente y Deossa"},"content":{"rendered":"<p>10\/10\/2025<br \/>\n<br \/><strong><br \/>\nActualizado a las 10:57h.<br \/>\n<\/strong><\/p>\n<p class=\"voc-p\" style=\"\">Se ha ejercitado la primera plantilla del Real Betis en las instalaciones de la ciudad deportiva Luis del Sol por \u00faltima vez en esta semana en la que no hay competici\u00f3n oficial por el par\u00f3n FIFA de octubre destinado a los compromisos de las selecciones  &#8230; nacionales. Manuel Pellegrini y su cuerpo t\u00e9cnico han dado de descanso a la plantilla el s\u00e1bado y el domingo y no volver\u00e1n a ejercitarse, con la mente puesta en la visita al Villarreal del s\u00e1bado 18 de octubre a las 18.30 horas, hasta el pr\u00f3ximo lunes 13 en horario vespertino.<\/p>\n<p class=\"voc-p\" style=\"\">Ha sido un entrenamiento el de este viernes en el que ha vuelto a haber mucha presencia de futbolistas de varios equipos de los escalafones inferiores del conjunto verdiblanco, no tantos del Betis Deportivo dado que el cuadro de Javi Medina juega ma\u00f1ana en la ciudad deportiva del Villarreal el duelo de filiales correspondiente a la 7\u00aa jornada del Grupo II de la Primera RFEF.<\/p>\n<p class=\"voc-p\" style=\"\">Han vuelto a iniciar con normalidad la sesi\u00f3n Nelson Deossa, Marc Bartra y Diego Llorente, el centrocampista colombiano s\u00ed la ha podido completar, mientras que los centrales han continuado con su trabajo y su incorporaci\u00f3n paulatina al grupo, que a partir del lunes debe ser total para estar a disposici\u00f3n de Pellegrini de cara al duelo directo de la 9\u00aa jornada ante el cuadro de Marcelino.<\/p>\n<p class=\"voc-p\" style=\"\">La pr\u00f3xima semana tambi\u00e9n se ir\u00e1n incorporando paulatinamente los ocho internacionales que el Betis tiene repartidos por el mundo en este par\u00f3n de octubre, con la vista puesta en Amrabat, que se ha quedado con Marruecos sin jugar ante Bar\u00e9in y siguiendo el plan de recuperaci\u00f3n marcado por el Betis por la lesi\u00f3n miofascial que el internacional magreb\u00ed sufri\u00f3 ante el Ludogorets y que le impidi\u00f3 estar en el duelo ante el Espanyol.<\/p>\n<p>\nArt\u00edculo solo para suscriptores\n<\/p>\n<p>Reportar un error<\/p>\n","protected":false},"excerpt":{"rendered":"10\/10\/2025 Actualizado a las 10:57h. Se ha ejercitado la primera plantilla del Real Betis en las instalaciones de&hellip;\n","protected":false},"author":2,"featured_media":167455,"comment_status":"","ping_status":"","sticky":false,"template":"","format":"standard","meta":{"footnotes":""},"categories":[268],"tags":[37167,291,29263,500,8856,168,25,24,280,282,37166,773,281,23,167],"class_list":{"0":"post-167454","1":"post","2":"type-post","3":"status-publish","4":"format-standard","5":"has-post-thumbnail","7":"category-futbol","8":"tag-bartra","9":"tag-betis","10":"tag-canteranos","11":"tag-cierra","12":"tag-deossa","13":"tag-deportes","14":"tag-es","15":"tag-espana","16":"tag-football","17":"tag-futbol","18":"tag-llorente","19":"tag-semana","20":"tag-soccer","21":"tag-spain","22":"tag-sports"},"share_on_mastodon":{"url":"","error":""},"_links":{"self":[{"href":"https:\/\/www.europesays.com\/es\/wp-json\/wp\/v2\/posts\/167454","targetHints":{"allow":["GET"]}}],"collection":[{"href":"https:\/\/www.europesays.com\/es\/wp-json\/wp\/v2\/posts"}],"about":[{"href":"https:\/\/www.europesays.com\/es\/wp-json\/wp\/v2\/types\/post"}],"author":[{"embeddable":true,"href":"https:\/\/www.europesays.com\/es\/wp-json\/wp\/v2\/users\/2"}],"replies":[{"embeddable":true,"href":"https:\/\/www.europesays.com\/es\/wp-json\/wp\/v2\/comments?post=167454"}],"version-history":[{"count":0,"href":"https:\/\/www.europesays.com\/es\/wp-json\/wp\/v2\/posts\/167454\/revisions"}],"wp:featuredmedia":[{"embeddable":true,"href":"https:\/\/www.europesays.com\/es\/wp-json\/wp\/v2\/media\/167455"}],"wp:attachment":[{"href":"https:\/\/www.europesays.com\/es\/wp-json\/wp\/v2\/media?parent=167454"}],"wp:term":[{"taxonomy":"category","embeddable":true,"href":"https:\/\/www.europesays.com\/es\/wp-json\/wp\/v2\/categories?post=167454"},{"taxonomy":"post_tag","embeddable":true,"href":"https:\/\/www.europesays.com\/es\/wp-json\/wp\/v2\/tags?post=167454"}],"curies":[{"name":"wp","href":"https:\/\/api.w.org\/{rel}","templated":true}]}}