{"id":167460,"date":"2025-10-10T12:43:08","date_gmt":"2025-10-10T12:43:08","guid":{"rendered":"https:\/\/www.europesays.com\/es\/167460\/"},"modified":"2025-10-10T12:43:08","modified_gmt":"2025-10-10T12:43:08","slug":"latinoamerica-la-aepv-abre-camino-en-la-internacionalizacion-del-sector-editorial-valenciano-en-la-43a-edicion-de-liber","status":"publish","type":"post","link":"https:\/\/www.europesays.com\/es\/167460\/","title":{"rendered":"Latinoam\u00e9rica: la AEPV abre camino en la internacionalizaci\u00f3n del sector editorial valenciano en la 43\u00aa edici\u00f3n de LIBER"},"content":{"rendered":"<p class=\"com-paragraph  --capital --s\">VAL\u00c8NCIA, 10 Oct. 2025 (Europa Press) &#8211;<\/p>\n<p class=\"com-paragraph   --s\">La Associaci\u00f3 d&#8217;Editorials del Pa\u00eds Valenci\u00e0 (AEPV) ha expresado su \u00absatisfacci\u00f3n\u00bb despu\u00e9s de los resultados obtenidos en la 43\u00aa edici\u00f3n de la Feria Internacional del Libro LIBER, que, con el apoyo de la Generalitat Valenciana, \u00ababren camino en la internacionalizaci\u00f3n del sector del libro valenciano\u00bb: \u00abEvidencian una incorporaci\u00f3n gradual en la exportaci\u00f3n, principalmente a trav\u00e9s del mercado latinoamericano\u00bb.<\/p>\n<p class=\"com-paragraph   --s\">Del 7 al 9 de octubre, la AEPV ha estado presente en el estand de la Conselleria de Educaci\u00f3n, Cultura, Universidades y Empleo en LIBER, que se ha celebrado en IFEMA Madrid, con el objetivo de impulsar la presencia de la industria editorial valenciana en los mercados nacionales e internacionales, seg\u00fan ha indicado la asociaci\u00f3n en un comunicado.<\/p>\n<p class=\"com-paragraph   --s\">En concreto, han participado 13 editoriales valencianas: Algar Editorial, Andana Editorial, Editorial Gusanillo, Grupo Ediciones Kiwi, Grupo Sargantana, Lisermed, Litera Libros, Postdata Ediciones, Publicacions de la Universitat de Val\u00e8ncia, Publicacions Universitat d&#8217;Alacant, Rubio, Savanna Books y Tu cuento y t\u00fa.<\/p>\n<p class=\"com-paragraph   --s\">La AEPV ha afirmado que, \u00aba pesar de las nuevas tecnolog\u00edas, las ferias comerciales del libro contin\u00faan teniendo sentido porque el contacto personal es indispensable para generar las confianzas y las complicidades que llevan a la firma de contratos\u00bb. \u00abDe hecho, en esta Feria Internacional del Libro se contrata un 30% de la facturaci\u00f3n de la exportaci\u00f3n de libros de las editoriales espa\u00f1olas, especialmente de las medias y peque\u00f1as empresas\u00bb, ha destacado.<\/p>\n<p class=\"com-paragraph   --s\">El presidente de la asociaci\u00f3n, Pedro F. Medina, ha remarcado que \u00abla presencia de editoriales valencianas a LIBER ha sido, como siempre, muy provechosa\u00bb y ha mostrado su \u00abagradecimiento\u00bb con la Generalitat \u00abpor la cesi\u00f3n del espacio que han hecho para poder continuar con la comercializaci\u00f3n e internalizaci\u00f3n de nuestros cat\u00e1logos, muy especialmente en Latinoam\u00e9rica\u00bb.<\/p>\n<p class=\"com-paragraph   --s\">\u00abEste es un proyecto de continuidad que para nuestras empresas es crucial, fundamental para mantener el nivel y ampliar las perspectivas de nuestros cat\u00e1logos y el crecimiento empresarial\u00bb, ha sostenido.<\/p>\n<p class=\"com-paragraph   --s\">PREMIO A \u00c0FRICA RAM\u00cdREZ<\/p>\n<p class=\"com-paragraph   --s\">La Junta Directiva de la Federaci\u00f3n de Gremios de Editores de Espa\u00f1a (FGEE) ha homenajeado en los Premios LIBER 2025 a las editoriales valencianas en la persona de la expresidenta de la Associaci\u00f3 d&#8217;Editorials del Pa\u00eds Valenci\u00e0, \u00c0frica Ram\u00edrez, por su \u00abliderazgo\u00bb y \u00abcompromiso\u00bb en momentos \u00abespecialmente dif\u00edciles\u00bb, como por ejemplo la dana y la pandemia.<\/p>\n<p class=\"com-paragraph   --s\">Este premio, entregado por el ministro de Cultura, Ernest Urtasun, es tambi\u00e9n \u00abun reconocimiento al trabajo y la resiliencia del sector editorial valenciano\u00bb.<\/p>\n<p class=\"com-paragraph   --s\">En su discurso, Ram\u00edrez ha resaltado que el sector editorial \u00abse sostiene gracias a la riqueza de miradas distintas y al compromiso que lo mantiene vivo, resistente y necesario\u00bb.<\/p>\n<p class=\"com-paragraph   --s\">\u201cRecibo este homenaje, no solo en mi nombre, sino en el de todas las<br \/>\npersonas que en el Pa\u00eds Valenci\u00e0 compartimos el oficio de editar y la<br \/>\nfirme obstinaci\u00f3n de tejer juntos una asociaci\u00f3n. Y de manera<br \/>\npersonal, con la satisfacci\u00f3n de haber trabajado, seguramente con<br \/>\nerrores, pero con responsabilidad, en el servicio de una causa<br \/>\ncom\u00fan\u201d, ha manifestado. Igualmente, ha mostrado su \u00abgratitud\u00bb a \u00abtodas aquellas personas que,<br \/>\nen los d\u00edas m\u00e1s oscuros de la dana, tendieron la mano\u00bb: \u00abAquellos<br \/>\nd\u00edas aprendimos que la cultura no es un lujo, sino una forma de<br \/>\nvivir, una forma de resistir y una necesidad. Por eso, este<br \/>\nreconocimiento es tambi\u00e9n para todas las personas que, a\u00fan en la<br \/>\nadversidad, siguieron creyendo en el poder de las palabras, para<br \/>\nquienes han perdido a sus seres queridos y para aquellos que<br \/>\nreconstruyen casas, librer\u00edas, bibliotecas y escuelas\u201d.<\/p>\n<p class=\"com-paragraph   --s\">VALORACI\u00d3N DE LAS EDITORIALES<br \/>\nDesde Grupo Editorial Sargantana, Enrique Olmos ha aseverado que esta<br \/>\nedici\u00f3n \u00abha sido una muy buena feria\u00bb, a la que la gente ha llegado<br \/>\n\u00abcon mucha predisposici\u00f3n de comprar y con m\u00e1s alegr\u00eda\u00bb.<\/p>\n<p class=\"com-paragraph   --s\">\u201cLiber<br \/>\nvuelve a ser un acontecimiento esencial para nosotros, puesto que en<br \/>\nsolo tres d\u00edas hemos podido reunirnos con distribuidores nacionales,<br \/>\npero sobre todo con compradores internacionales, como son cadenas de<br \/>\nlibrer\u00edas, distribuidoras, bibliotecas e instituciones de todos los<br \/>\npa\u00edses de Latinoam\u00e9rica que vienen en disposici\u00f3n de comprar nuevos<br \/>\nlibros y para hacer llegar nuestras obras a la otra parte del<br \/>\noc\u00e9ano\u201d, ha apuntado. Por su parte, Sandra Capsir, de Grup Edicions Bromera &#8211; Algar, ha<br \/>\nresaltado que la participaci\u00f3n en Liber \u00abes una cita imprescindible<br \/>\ndesde hace m\u00e1s de 15 a\u00f1os\u00bb.<\/p>\n<p class=\"com-paragraph   --s\">Para Capsir, esta feria internacional es \u00abun espacio donde poder<br \/>\nconsolidar e incluso ampliar las relaciones con determinados pa\u00edses<br \/>\ncon los que tenemos intereses comunes\u00bb. \u00abEs realmente un elemento<br \/>\nclave de la estrategia de internalizaci\u00f3n\u00bb, ha subrayado, al tiempo<br \/>\nque ha se\u00f1alado que la 43\u00aa edici\u00f3n ha sido \u00abmuy especial\u00bb porque han<br \/>\ncelebrado los cuarenta a\u00f1os de la editorial.<\/p>\n","protected":false},"excerpt":{"rendered":"VAL\u00c8NCIA, 10 Oct. 2025 (Europa Press) &#8211; La Associaci\u00f3 d&#8217;Editorials del Pa\u00eds Valenci\u00e0 (AEPV) ha expresado su \u00absatisfacci\u00f3n\u00bb&hellip;\n","protected":false},"author":2,"featured_media":167461,"comment_status":"","ping_status":"","sticky":false,"template":"","format":"standard","meta":{"footnotes":""},"categories":[172],"tags":[224,146,147,25,24,225,23],"class_list":{"0":"post-167460","1":"post","2":"type-post","3":"status-publish","4":"format-standard","5":"has-post-thumbnail","7":"category-libros","8":"tag-books","9":"tag-entertainment","10":"tag-entretenimiento","11":"tag-es","12":"tag-espana","13":"tag-libros","14":"tag-spain"},"share_on_mastodon":{"url":"","error":""},"_links":{"self":[{"href":"https:\/\/www.europesays.com\/es\/wp-json\/wp\/v2\/posts\/167460","targetHints":{"allow":["GET"]}}],"collection":[{"href":"https:\/\/www.europesays.com\/es\/wp-json\/wp\/v2\/posts"}],"about":[{"href":"https:\/\/www.europesays.com\/es\/wp-json\/wp\/v2\/types\/post"}],"author":[{"embeddable":true,"href":"https:\/\/www.europesays.com\/es\/wp-json\/wp\/v2\/users\/2"}],"replies":[{"embeddable":true,"href":"https:\/\/www.europesays.com\/es\/wp-json\/wp\/v2\/comments?post=167460"}],"version-history":[{"count":0,"href":"https:\/\/www.europesays.com\/es\/wp-json\/wp\/v2\/posts\/167460\/revisions"}],"wp:featuredmedia":[{"embeddable":true,"href":"https:\/\/www.europesays.com\/es\/wp-json\/wp\/v2\/media\/167461"}],"wp:attachment":[{"href":"https:\/\/www.europesays.com\/es\/wp-json\/wp\/v2\/media?parent=167460"}],"wp:term":[{"taxonomy":"category","embeddable":true,"href":"https:\/\/www.europesays.com\/es\/wp-json\/wp\/v2\/categories?post=167460"},{"taxonomy":"post_tag","embeddable":true,"href":"https:\/\/www.europesays.com\/es\/wp-json\/wp\/v2\/tags?post=167460"}],"curies":[{"name":"wp","href":"https:\/\/api.w.org\/{rel}","templated":true}]}}