{"id":167471,"date":"2025-10-10T12:49:09","date_gmt":"2025-10-10T12:49:09","guid":{"rendered":"https:\/\/www.europesays.com\/es\/167471\/"},"modified":"2025-10-10T12:49:09","modified_gmt":"2025-10-10T12:49:09","slug":"el-principe-enrique-y-meghan-markle-brillan-en-nueva-york-como-abanderados-de-la-salud-mental-gente","status":"publish","type":"post","link":"https:\/\/www.europesays.com\/es\/167471\/","title":{"rendered":"El pr\u00edncipe Enrique y Meghan Markle brillan en Nueva York como abanderados de la salud mental | Gente"},"content":{"rendered":"<p class=\"\">Hac\u00eda seis meses que el matrimonio formado por el pr\u00edncipe Enrique de Inglaterra y Meghan Markle no visitaba Nueva York. Residentes en Los \u00c1ngeles desde que <a href=\"https:\/\/elpais.com\/gente\/2022-02-02\/isabel-ii-despoja-a-meghan-markle-y-enrique-de-inglaterra-de-los-ultimos-honores-que-les-quedaban.html\" target=\"_blank\" rel=\"noreferrer nofollow noopener\" title=\"https:\/\/elpais.com\/gente\/2022-02-02\/isabel-ii-despoja-a-meghan-markle-y-enrique-de-inglaterra-de-los-ultimos-honores-que-les-quedaban.html\">decidieron marcharse de Reino Unido en 2020<\/a>, los duques de Sussex estuvieron en La Gran Manzana el pasado mes de abril, con motivo de la presencia de Markle en la Cumbre TIME100 y para asistir a una vigilia en el monumento Lost Screen Memorial de la Fundaci\u00f3n Archewell, el proyecto ben\u00e9fico que crearon en 2020. Precisamente esta organizaci\u00f3n,<a href=\"https:\/\/elpais.com\/gente\/2020-04-07\/enrique-de-inglaterra-y-meghan-markle-lanzan-archewell-su-nueva-fundacion-con-un-guino-a-su-hijo.html\" target=\"_blank\" rel=\"noreferrer nofollow noopener\" title=\"https:\/\/elpais.com\/gente\/2020-04-07\/enrique-de-inglaterra-y-meghan-markle-lanzan-archewell-su-nueva-fundacion-con-un-guino-a-su-hijo.html\"> cuyo nombre se inspira en el de su hijo Archie<\/a> y que tiene la salud mental como uno de sus focos de atenci\u00f3n, fue la que les ha citado de nuevo en Nueva York esta semana.<\/p>\n<p class=\"\">La pasada noche del 9 de octubre, en una elegante gala celebrada en los Spring Studios, en Tribeca, la pareja fue protagonista del cuarto Festival del D\u00eda Mundial de la Salud Mental, organizado por la organizaci\u00f3n sin \u00e1nimo de lucro Project Healthy Minds, con la que los duques comparten su preocupaci\u00f3n por el bienestar emocional y psicol\u00f3gico. Durante la ceremonia, que seg\u00fan los organizadores \u201cre\u00fane a l\u00edderes culturales, art\u00edsticos, empresariales y c\u00edvicos para promover la concienciaci\u00f3n sobre la salud mental\u201d, Enrique de Inglaterra y <a href=\"https:\/\/elpais.com\/gente\/2024-08-05\/meghan-markle-habla-de-nuevo-de-sus-pensamientos-suicidas-si-salva-a-alguien-vale-la-pena-contarlo.html\" target=\"_blank\" rel=\"noreferrer nofollow noopener\" title=\"https:\/\/elpais.com\/gente\/2024-08-05\/meghan-markle-habla-de-nuevo-de-sus-pensamientos-suicidas-si-salva-a-alguien-vale-la-pena-contarlo.html\">Meghan Markle<\/a> fueron nombrados Humanitarios del A\u00f1o, un reconocimiento que quiere premiar el programa The Parents\u2019 Network, desarrollado dentro de la Fundaci\u00f3n Archewell y que re\u00fane a padres y cuidadores con hijos afectados por los da\u00f1os causados desde las redes sociales. <\/p>\n<p>M\u00e1s informaci\u00f3n<\/p>\n<p class=\"\">El duque y la duquesa de Sussex acudieron a la gala en la que se les homenajeaba visiblemente c\u00f3mplices, sobre todo mientras posaban en la alfombra roja, a la que llegaron algo tarde y en la que ambos se presentaron de negro, ella con un traje de chaqueta de Armani. All\u00ed, en la ceremonia en la que tambi\u00e9n estuvieron, entre otros, el propietario del equipo Indianapolis Colts de la NFL Kalen Jackson, el presentador de televisi\u00f3n Carson Daly y los artistas Lukas Graham y Alexander Stewart, el matrimonio fue el \u00faltimo en recoger su galard\u00f3n. Durante su emotivo discurso, la duquesa hizo una menci\u00f3n a sus hijos: \u201cNuestros hijos Archie y Lili tienen solo seis y cuatro a\u00f1os. \u00bfPod\u00e9is creerlo? Por suerte, a\u00fan son demasiado peque\u00f1os para las redes sociales, pero sabemos que ese d\u00eda llegar\u00e1. Como tantos otros padres, pensamos constantemente en c\u00f3mo aprovechar los beneficios de la tecnolog\u00eda y, al mismo tiempo, protegernos de sus peligros. Y es algo que se est\u00e1 volviendo cada vez m\u00e1s imposible\u00bb, reflexion\u00f3. <\/p>\n<p class=\"\">\u201cNos reunimos con un grupo de familias estadounidenses cuyas vidas cambiaron para siempre debido a los riesgos digitales que marcaron el tr\u00e1gico destino de sus hijos. En ese primer encuentro qued\u00f3 claro que, para todas estas familias, conocer a otras que hab\u00edan pasado por una experiencia similar fue reconfortante, pero m\u00e1s que eso, unificador\u201d, contin\u00fao <a href=\"https:\/\/elpais.com\/gente\/2025-08-26\/el-chef-jose-andres-domina-el-plato-cocina-de-meghan-markle-queso-azul-y-jamon-iberico-paella-un-porron-y-la-hora-de-las-tapas.html\" target=\"_blank\" rel=\"noreferrer nofollow noopener\" title=\"https:\/\/elpais.com\/gente\/2025-08-26\/el-chef-jose-andres-domina-el-plato-cocina-de-meghan-markle-queso-azul-y-jamon-iberico-paella-un-porron-y-la-hora-de-las-tapas.html\">Markle<\/a> su intervenci\u00f3n para finalizar con una promesa: \u201cSabemos que cuando los padres se unen, cuando las comunidades se unen, se crea un gran impacto. Lo hemos visto suceder y lo estamos viendo crecer. Y, con vuestro apoyo, seguiremos construyendo un mundo digital m\u00e1s seguro para todos nuestros hijos\u201d. <\/p>\n<p class=\"\">Por su parte, <a href=\"https:\/\/elpais.com\/gente\/2025-10-08\/chad-corta-lazos-con-una-ong-asociada-al-principe-enrique-por-no-frenar-la-caza-furtiva-y-graves-irregularidades-financieras.html\" target=\"_blank\" rel=\"noreferrer nofollow noopener\" title=\"https:\/\/elpais.com\/gente\/2025-10-08\/chad-corta-lazos-con-una-ong-asociada-al-principe-enrique-por-no-frenar-la-caza-furtiva-y-graves-irregularidades-financieras.html\">Enrique de Inglaterra<\/a> intervino para concienciar sobre los peligros de los avances tecnol\u00f3gicos: \u201cEste es un momento crucial en nuestra misi\u00f3n colectiva de proteger a los ni\u00f1os y apoyar a las familias en la era digital\u201c, dijo sobre el escenario en el que los duques recibieron una gran ovaci\u00f3n y donde aprovecharon para anunciar que Parents\u2019 Network unir\u00e1 fuerzas con otra fundaci\u00f3n, ParentsTogether, en la b\u00fasqueda de \u201cuna evoluci\u00f3n para que la comunidad siga creciendo y tenga un mayor impacto junto con el r\u00e1pido avance de la tecnolog\u00eda\u201d, seg\u00fan el duque. Este viernes 10 de octubre, en el que se celebra el D\u00eda Mundial de la Salud Mental, la agenda de los duques de Sussex continuar\u00e1 durante el festival, ya que su fundaci\u00f3n colabora con Project Healthy Minds coproduciendo una serie de debates centrados en los creadores de cambios en el \u00e1mbito de la salud mental. All\u00ed tambi\u00e9n se exhibir\u00e1 el Lost Screen Memorial de Archewell, que rinde homenaje a los ni\u00f1os que perdieron la vida como consecuencia del da\u00f1o sufrido en las redes sociales.<\/p>\n<p class=\"\">Antes del festival, el pasado 8 de octubre y tambi\u00e9n en el marco de su <a href=\"https:\/\/elpais.com\/eps\/2025-10-09\/todo-lo-que-las-mitocondrias-revelan-sobre-tu-salud-mental.html\" target=\"_blank\" rel=\"noreferrer nofollow noopener\" title=\"https:\/\/elpais.com\/eps\/2025-10-09\/todo-lo-que-las-mitocondrias-revelan-sobre-tu-salud-mental.html\">compromiso con la salud mental<\/a>, el pr\u00edncipe Enrique asisti\u00f3 a la presentaci\u00f3n del informe El verdadero rostro de la salud masculina: EE. UU, del Movember Institute of Men\u2019s Health, que profundiza en lo que est\u00e1 matando a los hombres y en por qu\u00e9 el 53% muere prematuramente. En un llamamiento para hacer la terapia m\u00e1s accesible para los hombres, Enrique explic\u00f3 sus experiencias con los veteranos de guerra, conversaciones en las que asegur\u00f3 haberse dado cuenta \u201cde que el silencio est\u00e1 matando gente\u201d. \u201cHemos avanzado mucho en la erradicaci\u00f3n del estigma a nivel mundial. El acceso a la terapia sigue siendo un problema grave\u201d, afirm\u00f3 durante su aparici\u00f3n, que fue inesperada, en el evento de Movember, la organizaci\u00f3n ben\u00e9fica de salud masculina m\u00e1s grande del mundo. El pasado en el ej\u00e9rcito brit\u00e1nico del duque de Sussex le ha convertido en un firme defensor de la salud mental, lo que le inspir\u00f3 a crear los Juegos Invictus.<\/p>\n","protected":false},"excerpt":{"rendered":"Hac\u00eda seis meses que el matrimonio formado por el pr\u00edncipe Enrique de Inglaterra y Meghan Markle no visitaba&hellip;\n","protected":false},"author":2,"featured_media":167472,"comment_status":"","ping_status":"","sticky":false,"template":"","format":"standard","meta":{"footnotes":""},"categories":[91],"tags":[49045,3065,146,147,25,24,629,43161,260,3066,896,1027,4474,23],"class_list":{"0":"post-167471","1":"post","2":"type-post","3":"status-publish","4":"format-standard","5":"has-post-thumbnail","7":"category-entretenimiento","8":"tag-asociaciones-beneficas","9":"tag-enrique-de-inglaterra","10":"tag-entertainment","11":"tag-entretenimiento","12":"tag-es","13":"tag-espana","14":"tag-estados-unidos","15":"tag-fundaciones","16":"tag-gente","17":"tag-meghan-markle","18":"tag-nueva-york","19":"tag-realeza","20":"tag-salud-mental","21":"tag-spain"},"share_on_mastodon":{"url":"","error":""},"_links":{"self":[{"href":"https:\/\/www.europesays.com\/es\/wp-json\/wp\/v2\/posts\/167471","targetHints":{"allow":["GET"]}}],"collection":[{"href":"https:\/\/www.europesays.com\/es\/wp-json\/wp\/v2\/posts"}],"about":[{"href":"https:\/\/www.europesays.com\/es\/wp-json\/wp\/v2\/types\/post"}],"author":[{"embeddable":true,"href":"https:\/\/www.europesays.com\/es\/wp-json\/wp\/v2\/users\/2"}],"replies":[{"embeddable":true,"href":"https:\/\/www.europesays.com\/es\/wp-json\/wp\/v2\/comments?post=167471"}],"version-history":[{"count":0,"href":"https:\/\/www.europesays.com\/es\/wp-json\/wp\/v2\/posts\/167471\/revisions"}],"wp:featuredmedia":[{"embeddable":true,"href":"https:\/\/www.europesays.com\/es\/wp-json\/wp\/v2\/media\/167472"}],"wp:attachment":[{"href":"https:\/\/www.europesays.com\/es\/wp-json\/wp\/v2\/media?parent=167471"}],"wp:term":[{"taxonomy":"category","embeddable":true,"href":"https:\/\/www.europesays.com\/es\/wp-json\/wp\/v2\/categories?post=167471"},{"taxonomy":"post_tag","embeddable":true,"href":"https:\/\/www.europesays.com\/es\/wp-json\/wp\/v2\/tags?post=167471"}],"curies":[{"name":"wp","href":"https:\/\/api.w.org\/{rel}","templated":true}]}}