{"id":167483,"date":"2025-10-10T12:55:09","date_gmt":"2025-10-10T12:55:09","guid":{"rendered":"https:\/\/www.europesays.com\/es\/167483\/"},"modified":"2025-10-10T12:55:09","modified_gmt":"2025-10-10T12:55:09","slug":"el-balonmano-soria-recibe-al-attica21-oar-coruna-con-la-ambicion-de-llenar-el-san-andres-y-hacer-sentir-la-presion-soriana-desdesoria","status":"publish","type":"post","link":"https:\/\/www.europesays.com\/es\/167483\/","title":{"rendered":"El Balonmano Soria recibe al Attica21 OAR Coru\u00f1a con la ambici\u00f3n de llenar el San Andr\u00e9s y hacer sentir la presi\u00f3n soriana &#8211; desdeSoria"},"content":{"rendered":"<ol>\n<li><a href=\"https:\/\/news.google.com\/rss\/articles\/CBMi_AFBVV95cUxOY2xGODVzUE5yaVd3Q3U1MkVBUjVkV0w0WHZobHA2czdJZGdKZWlFQmRlSjgzR3Z0dUlXM2hUbTA2ZTV6N191LVBmVklYWFJXSmN4TXpqa2RiY0tVbTNqNFVlMWRoa0dqdXV2SEVPdElaRmNDRkZ2MHFydmRpc2VsQWh0QXlxQS1YbFp4M2M3OEdrSmdaMmFkWlF6ZENzT3pxWWY1dUk2cThzS3E4MXVHRUZ5V1VuV2F3TWdmVVk2QUVwaklERXZWWFAybDBDN2pNWWF4QW9sTmtqX1cwZWNxYm1pem9sOXBVLUxJcDFBYU5udEpDQ2RBSzdSNnbSAYICQVVfeXFMTm1hdWRLT0N6eWMyYThRMUhIMWdESzNQSzBkX1h6X3FKTTlZNDlORnRUNmxKangxRmFTdzhycFZGOV9lX1RkaGRGLTNZc1E1LTJfRXhuMlBTbUdmcEd2UmxhRE9CLTJOdmt1WHJITUN6S0M1eHN1a2phNTYybGl6cGFySWQtOUVzYktCXzUxY0FwcXkxWnEzT2tfaXUzX0lPd0xFeTBoYTBEY2l1bjFYbklzY25Na2dxNXpscnlVSGEwZXRwUXZiejVtN3N0VUVqams1NUt2YUFSeThwdzFaQzFHOFB1aU1Maml0Z1hVTExoTDNiRXhGUFZQMVc5UTBZSW1n?oc=5\" target=\"_blank\" rel=\"nofollow noopener\">El Balonmano Soria recibe al Attica21 OAR Coru\u00f1a con la ambici\u00f3n de llenar el San Andr\u00e9s y hacer sentir la presi\u00f3n soriana<\/a>&nbsp;&nbsp;desdeSoria<\/li>\n<li><a href=\"https:\/\/news.google.com\/rss\/articles\/CBMiqgFBVV95cUxPdEs2cmJCVEd1RmotcFJSNC1lLTc3N0Q3OENQMUhQbFlkdmwxUGRSaEVJdDd2a2swVzBPSVltVFlhdzBRWUVXNXRRYUtGVmJhUk1iclZGeUpnSWprb05haWFpYmNYbU5kNUtvLTdjS01IQmE0Z3FBSzZnZWlzc2JHc2h5c0Y5dTJZTjYwTHVyZnltalZQUmN4UzZ6dVFLdkJJdEg1S2VMRHFqZ9IBrwFBVV95cUxQamN5Um5ra3dSZmt5eFdzbmpheXB2RGR5VlNJNFAwMl95dzA1alJRZy1zM3puMHdOU28xdlFSLW4xQ3VpdEZQLS1xRlozS1dhRG91X0dIN052c2NQWWVFMXltclowbnhHbmtTTDdERkp3bm5yS1pQcGtYajM5eDBBbGtFd1h1SUhROVctS0VUMFZmVFpkcU54U2NCNnkzOFo1bzl6cFRvc1ZvcmYzRDNZ?oc=5\" target=\"_blank\" rel=\"nofollow noopener\">\u00abJugar en el San Andr\u00e9s ante el BM Soria tiene que ser un infierno para los rivales\u00bb<\/a>&nbsp;&nbsp;Heraldo-Diario de Soria<\/li>\n<li><a href=\"https:\/\/news.google.com\/rss\/articles\/CBMivAFBVV95cUxPeE9VQTV2Sl9tOGJsX1VOeFBEMDRURUxqMW5Pbkp5MlJFZVlpanBIcGFVVHVyWFM0N2YtQ3EwNG1sMlltY01PaUNWejRWRVl5WF96TEhieE1ySkZ5dW5VcW9UdVVSd0g3QmR3NWRhLXZyWUQtVEFVT0ZhZDZhQ1R3ODVxOHpaWXJ6clFHQ3QxbldpSjBGTmw0QnZ4V1liQjFkWlNPYXo0SHgwUkhyUkZGTmJfOU5hcHMwNF9YSNIBwgFBVV95cUxNNWw5SXBUekduUjg1U3BuWGdIOXRZR1RmRHRnQUxZWmRaTm1lWDFPSU1FSVRfeFBGWmZOY2oxdklUNjVVdEh1elFnX2JWbDBZamZzOVk3aWxvcGlNM0tsM1IzSWNiVGUzbUMwU2szSFdZYWRqdkkyMG9OdkZkZzhnX2Y2VkNVOTd5aFRudnJVMzhKZnVfTDZRdlZTaFFOaTFTb1JscDNsTUJEOWNDOExsWF9aTHYwODJSN20taFBIUl9Xdw?oc=5\" target=\"_blank\" rel=\"nofollow noopener\">Marquinhos contra Chan, duelo de artilleros en el Soria-OAR<\/a>&nbsp;&nbsp;La Opini\u00f3n A Coru\u00f1a<\/li>\n<li><a href=\"https:\/\/news.google.com\/rss\/articles\/CBMizwFBVV95cUxQTW5tTm1zMEtJRVBrd3NvMVBWSHVZdjZZV1JraDg3VmF1RDR2cS1WQWtCOG16UDNvdEJFQlE1eEF0a3hXQ3FVSDk3TUVULTVKRUZsSi1fYmRoT0FfcFVDRFBUc1hWelFLV0FFUzZDV1k5Y3VLOXd3ZHdNY1FNc25VQXprMi1jWDJvV3lLUjd3bXlKMS1lMXJCTjBtMnpjLTR0U2doYUNaOXdXZU8zZm9GNUhwTGR1azRCdHFhMUJhY0NHUU01Z3ZXcjl5RDZQSEnSAdQBQVVfeXFMUE5sYzhfUUc0bGJqRG9lVWZDbkxxUVlXWUFGMlVnWGdGYVQ0V2tINFZlRmhoMXBhVlJmMTU5eFRhamVwaU93cHVvUlVlanUzWXVDay15a3lvS1M1MnU4a3MxWVdGOHg0WktrbDFSLTVzYS15dzBIT0pzbk1EcTZoRExjcXJJaWVuQ29iTWM0VUl3OXZDNU9MOTFsNExmd2VCSjNxV0ZOc3ptRDlWaDdreFhVdjZuTVFCZnpMWnp4c2dBQzNKYm9KWWlFa1l5eE1fRVA0em8?oc=5\" target=\"_blank\" rel=\"nofollow noopener\">Balonmano Soria busca llenar el San Andr\u00e9s ante el OAR Coru\u00f1a<\/a>&nbsp;&nbsp;SoriaNoticias<\/li>\n<\/ol>\n","protected":false},"excerpt":{"rendered":"El Balonmano Soria recibe al Attica21 OAR Coru\u00f1a con la ambici\u00f3n de llenar el San Andr\u00e9s y hacer&hellip;\n","protected":false},"author":2,"featured_media":166474,"comment_status":"","ping_status":"","sticky":false,"template":"","format":"standard","meta":{"footnotes":""},"categories":[278],"tags":[376,168,25,24,375,23,167],"class_list":{"0":"post-167483","1":"post","2":"type-post","3":"status-publish","4":"format-standard","5":"has-post-thumbnail","7":"category-balonmano","8":"tag-balonmano","9":"tag-deportes","10":"tag-es","11":"tag-espana","12":"tag-handball","13":"tag-spain","14":"tag-sports"},"share_on_mastodon":{"url":"","error":""},"_links":{"self":[{"href":"https:\/\/www.europesays.com\/es\/wp-json\/wp\/v2\/posts\/167483","targetHints":{"allow":["GET"]}}],"collection":[{"href":"https:\/\/www.europesays.com\/es\/wp-json\/wp\/v2\/posts"}],"about":[{"href":"https:\/\/www.europesays.com\/es\/wp-json\/wp\/v2\/types\/post"}],"author":[{"embeddable":true,"href":"https:\/\/www.europesays.com\/es\/wp-json\/wp\/v2\/users\/2"}],"replies":[{"embeddable":true,"href":"https:\/\/www.europesays.com\/es\/wp-json\/wp\/v2\/comments?post=167483"}],"version-history":[{"count":0,"href":"https:\/\/www.europesays.com\/es\/wp-json\/wp\/v2\/posts\/167483\/revisions"}],"wp:featuredmedia":[{"embeddable":true,"href":"https:\/\/www.europesays.com\/es\/wp-json\/wp\/v2\/media\/166474"}],"wp:attachment":[{"href":"https:\/\/www.europesays.com\/es\/wp-json\/wp\/v2\/media?parent=167483"}],"wp:term":[{"taxonomy":"category","embeddable":true,"href":"https:\/\/www.europesays.com\/es\/wp-json\/wp\/v2\/categories?post=167483"},{"taxonomy":"post_tag","embeddable":true,"href":"https:\/\/www.europesays.com\/es\/wp-json\/wp\/v2\/tags?post=167483"}],"curies":[{"name":"wp","href":"https:\/\/api.w.org\/{rel}","templated":true}]}}