{"id":167498,"date":"2025-10-10T13:05:23","date_gmt":"2025-10-10T13:05:23","guid":{"rendered":"https:\/\/www.europesays.com\/es\/167498\/"},"modified":"2025-10-10T13:05:23","modified_gmt":"2025-10-10T13:05:23","slug":"la-galeria-central-del-museo-del-prado-se-tine-de-azul","status":"publish","type":"post","link":"https:\/\/www.europesays.com\/es\/167498\/","title":{"rendered":"La Galer\u00eda Central del Museo del Prado se ti\u00f1e de azul"},"content":{"rendered":"<p class=\"v-mdl-ath__p v-mdl-ath__p--6\">\nMi\u00e9rcoles, 8 de octubre 2025, 16:31<\/p>\n<p>| Actualizado 17:14h.<\/p>\n<p class=\"v-p\">El Museo Nacional del Prado ha reabierto hoy, 8 de octubre de 2025, su Galer\u00eda Central tras una renovaci\u00f3n crom\u00e1tica que marca una nueva etapa en la historia del espacio m\u00e1s representativo del edificio de Villanueva. El cambio m\u00e1s visible: las paredes lucen ahora un profundo tono azul, pensado para resaltar la arquitectura neocl\u00e1sica y realzar el colorido de los grandes lienzos de Tiziano, Veron\u00e9s, Tintoretto y Rubens.<\/p>\n<p class=\"v-p\">La intervenci\u00f3n, desarrollada entre septiembre y octubre, tambi\u00e9n ha incluido la incorporaci\u00f3n de esculturas de los Leoni, con las figuras de Carlos V e Isabel de Portugal, y una revisi\u00f3n completa de la museograf\u00eda, con nuevas cartelas, peanas y sistemas de iluminaci\u00f3n. Todo ello, seg\u00fan ha explicado Reyes Carrasco, coordinadora general de Conservaci\u00f3n del Museo, responde a una \u00abevoluci\u00f3n natural dentro del plan de actuaci\u00f3n del Prado\u00bb, que busca \u00abrenovar el modo en que los visitantes experimentan las obras y estimular su percepci\u00f3n\u00bb.<\/p>\n<p class=\"v-p\">El color elegido no es casual. Carrasco explica que el azul \u00abayuda a comprender mejor la pintura\u00bb y guarda relaci\u00f3n con el entorno original de muchas de las obras, que en su tiempo decoraron palacios con paredes azules. Adem\u00e1s, el tono tiene una fuerte carga simb\u00f3lica en la historia del arte, vinculada al mundo de los sentidos y las emociones. El equipo de conservaci\u00f3n realiz\u00f3 diversas pruebas con distintas gamas de azul y bajo diferentes condiciones de luz antes de decidir el tono definitivo, siempre respetando los criterios de conservaci\u00f3n preventiva.<\/p>\n<p class=\"v-p\">La pintura empleada, a\u00f1ade Carrasco, es sostenible, libre de t\u00f3xicos y f\u00e1cilmente reversible, lo que permitir\u00e1 futuros cambios sin da\u00f1ar los muros ni las obras. \u00abAl final, es una sala con muchos visitantes por lo que tiene que ser tambi\u00e9n una pintura f\u00e1cil de limpiar\u00bb, afirma.<\/p>\n<p class=\"v-p\">Con esta intervenci\u00f3n, el Prado suma un nuevo cap\u00edtulo a la extensa historia de transformaciones de su Galer\u00eda Central, abierta al p\u00fablico en 1821 y considerada la columna vertebral del museo. Desde entonces, el espacio ha sido escenario de m\u00faltiples reformas que reflejan la evoluci\u00f3n est\u00e9tica y t\u00e9cnica de la instituci\u00f3n: desde la reorganizaci\u00f3n de las colecciones en 1826, cuando se introdujo la pintura italiana en el eje expositivo, hasta la remodelaci\u00f3n de 1899 que dio lugar a la Sala de la Reina dedicada a Vel\u00e1zquez. En el siglo XX, la reforma arquitect\u00f3nica dirigida por Pedro Muguruza entre 1924 y 1926 aport\u00f3 una nueva b\u00f3veda de hormig\u00f3n armado y enfatiz\u00f3 la monumentalidad del eje central, mientras que en los a\u00f1os ochenta se acometieron obras de climatizaci\u00f3n para garantizar la conservaci\u00f3n de las piezas. Ya en el siglo XXI, la intervenci\u00f3n de 2011 recuper\u00f3 ventanales y puertas hist\u00f3ricas, y la exposici\u00f3n Reencuentro de 2020 reorganiz\u00f3 la colecci\u00f3n tras la pandemia. <\/p>\n<p class=\"v-p\">La nueva pared azul, inspirada en la tradici\u00f3n pict\u00f3rica europea y en exposiciones recientes como &#8216;El Greco. Santo Domingo el Antiguo&#8217;, consolida al museo en su apuesta por una museograf\u00eda viva, capaz de dialogar con el pasado sin renunciar a la innovaci\u00f3n.<\/p>\n<p>Reporta un error<\/p>\n","protected":false},"excerpt":{"rendered":"Mi\u00e9rcoles, 8 de octubre 2025, 16:31 | Actualizado 17:14h. El Museo Nacional del Prado ha reabierto hoy, 8&hellip;\n","protected":false},"author":2,"featured_media":167499,"comment_status":"","ping_status":"","sticky":false,"template":"","format":"standard","meta":{"footnotes":""},"categories":[173],"tags":[229,233,231,230,7564,1512,232,234,146,147,25,24,9192,470,16126,23,23710],"class_list":{"0":"post-167498","1":"post","2":"type-post","3":"status-publish","4":"format-standard","5":"has-post-thumbnail","7":"category-arte-y-diseno","8":"tag-arte","9":"tag-arte-y-diseno","10":"tag-arts","11":"tag-arts-and-design","12":"tag-azul","13":"tag-central","14":"tag-design","15":"tag-diseno","16":"tag-entertainment","17":"tag-entretenimiento","18":"tag-es","19":"tag-espana","20":"tag-galeria","21":"tag-museo","22":"tag-prado","23":"tag-spain","24":"tag-tine"},"share_on_mastodon":{"url":"","error":""},"_links":{"self":[{"href":"https:\/\/www.europesays.com\/es\/wp-json\/wp\/v2\/posts\/167498","targetHints":{"allow":["GET"]}}],"collection":[{"href":"https:\/\/www.europesays.com\/es\/wp-json\/wp\/v2\/posts"}],"about":[{"href":"https:\/\/www.europesays.com\/es\/wp-json\/wp\/v2\/types\/post"}],"author":[{"embeddable":true,"href":"https:\/\/www.europesays.com\/es\/wp-json\/wp\/v2\/users\/2"}],"replies":[{"embeddable":true,"href":"https:\/\/www.europesays.com\/es\/wp-json\/wp\/v2\/comments?post=167498"}],"version-history":[{"count":0,"href":"https:\/\/www.europesays.com\/es\/wp-json\/wp\/v2\/posts\/167498\/revisions"}],"wp:featuredmedia":[{"embeddable":true,"href":"https:\/\/www.europesays.com\/es\/wp-json\/wp\/v2\/media\/167499"}],"wp:attachment":[{"href":"https:\/\/www.europesays.com\/es\/wp-json\/wp\/v2\/media?parent=167498"}],"wp:term":[{"taxonomy":"category","embeddable":true,"href":"https:\/\/www.europesays.com\/es\/wp-json\/wp\/v2\/categories?post=167498"},{"taxonomy":"post_tag","embeddable":true,"href":"https:\/\/www.europesays.com\/es\/wp-json\/wp\/v2\/tags?post=167498"}],"curies":[{"name":"wp","href":"https:\/\/api.w.org\/{rel}","templated":true}]}}