{"id":167504,"date":"2025-10-10T13:08:16","date_gmt":"2025-10-10T13:08:16","guid":{"rendered":"https:\/\/www.europesays.com\/es\/167504\/"},"modified":"2025-10-10T13:08:16","modified_gmt":"2025-10-10T13:08:16","slug":"megadeth-regresa-a-sudamerica-por-ultima-vez","status":"publish","type":"post","link":"https:\/\/www.europesays.com\/es\/167504\/","title":{"rendered":"Megadeth regresa a Sudam\u00e9rica por \u00faltima vez"},"content":{"rendered":"<p>Anoche, durante el show de <strong>Guns N\u2019 Roses<\/strong> en Colombia, el p\u00fablico fue testigo de una sorpresa que desat\u00f3 la euforia entre los fan\u00e1ticos del rock y el metal. En un momento determinado, una proyecci\u00f3n en las pantallas del estadio anunci\u00f3 el <strong>regreso de Megadeth a Sudam\u00e9rica<\/strong>.<\/p>\n<p>Bajo el nombre <strong>\u201cThis Was Our\u2026 Life Tour\u201d<\/strong>, el grupo liderado por <strong>Dave Mustaine<\/strong> se despedir\u00e1 del p\u00fablico sudamericano con una serie de shows que marcar\u00e1n <strong>su \u00faltima visita a la regi\u00f3n<\/strong>. \u00abPrep\u00e1rense. \u00daltima chance para verlos en vivo. Una de las bandas metaleras m\u00e1s ic\u00f3nicas del planeta en su gira de despedida. &#8216;Megadeth: This Was Our Life Tour&#8217;. Pr\u00f3ximamente\u201d, se le\u00eda en el anuncio proyectado.<\/p>\n<blockquote class=\"twitter-tweet\" data-width=\"550\" data-dnt=\"true\">\n<p lang=\"es\" dir=\"ltr\">Megadeth estar\u00e1 en Colombia para su gira de despedida el pr\u00f3ximo a\u00f1o, este video previo en Guns N\u2019 Roses ya nos confirma la noticia \u00bfd\u00f3nde har\u00edan este evento? <a href=\"https:\/\/t.co\/fPdE8V0YxZ\" rel=\"nofollow\">pic.twitter.com\/fPdE8V0YxZ<\/a><\/p>\n<p>\u2014 Juanjo Guerrero (@Juanjo_guerrero) <a href=\"https:\/\/twitter.com\/Juanjo_guerrero\/status\/1975706354213134807?ref_src=twsrc%5Etfw\" rel=\"nofollow noopener\" target=\"_blank\">October 7, 2025<\/a><\/p><\/blockquote>\n<p>Aunque las <strong>fechas oficiales todav\u00eda no fueron reveladas<\/strong>, la confirmaci\u00f3n de esta gira desat\u00f3 una ola de expectativa en redes sociales, donde los seguidores especulan con posibles paradas en <strong>Argentina, Brasil, Chile y M\u00e9xico<\/strong>, destinos habituales en los recorridos de la banda.<\/p>\n<p>De confirmarse, la despedida sudamericana de Megadeth llegar\u00e1 en 2026 coronando m\u00e1s de cuatro d\u00e9cadas de legado y una influencia decisiva en la historia del metal. Desde su formaci\u00f3n en 1983, el grupo logr\u00f3 trascender como uno de los pilares del thrash con discos fundamentales como Peace Sells&#8230; But Who\u2019s Buying? (1986), Rust in Peace (1990) y Countdown to Extinction (1992).<\/p>\n<p>\t<script async src=\"https:\/\/platform.twitter.com\/widgets.js\" charset=\"utf-8\"><\/script><\/p>\n","protected":false},"excerpt":{"rendered":"Anoche, durante el show de Guns N\u2019 Roses en Colombia, el p\u00fablico fue testigo de una sorpresa que&hellip;\n","protected":false},"author":2,"featured_media":167505,"comment_status":"","ping_status":"","sticky":false,"template":"","format":"standard","meta":{"footnotes":""},"categories":[170],"tags":[146,147,25,24,13321,184,185,23],"class_list":{"0":"post-167504","1":"post","2":"type-post","3":"status-publish","4":"format-standard","5":"has-post-thumbnail","7":"category-musica","8":"tag-entertainment","9":"tag-entretenimiento","10":"tag-es","11":"tag-espana","12":"tag-megadeth","13":"tag-music","14":"tag-musica","15":"tag-spain"},"share_on_mastodon":{"url":"","error":""},"_links":{"self":[{"href":"https:\/\/www.europesays.com\/es\/wp-json\/wp\/v2\/posts\/167504","targetHints":{"allow":["GET"]}}],"collection":[{"href":"https:\/\/www.europesays.com\/es\/wp-json\/wp\/v2\/posts"}],"about":[{"href":"https:\/\/www.europesays.com\/es\/wp-json\/wp\/v2\/types\/post"}],"author":[{"embeddable":true,"href":"https:\/\/www.europesays.com\/es\/wp-json\/wp\/v2\/users\/2"}],"replies":[{"embeddable":true,"href":"https:\/\/www.europesays.com\/es\/wp-json\/wp\/v2\/comments?post=167504"}],"version-history":[{"count":0,"href":"https:\/\/www.europesays.com\/es\/wp-json\/wp\/v2\/posts\/167504\/revisions"}],"wp:featuredmedia":[{"embeddable":true,"href":"https:\/\/www.europesays.com\/es\/wp-json\/wp\/v2\/media\/167505"}],"wp:attachment":[{"href":"https:\/\/www.europesays.com\/es\/wp-json\/wp\/v2\/media?parent=167504"}],"wp:term":[{"taxonomy":"category","embeddable":true,"href":"https:\/\/www.europesays.com\/es\/wp-json\/wp\/v2\/categories?post=167504"},{"taxonomy":"post_tag","embeddable":true,"href":"https:\/\/www.europesays.com\/es\/wp-json\/wp\/v2\/tags?post=167504"}],"curies":[{"name":"wp","href":"https:\/\/api.w.org\/{rel}","templated":true}]}}