{"id":167508,"date":"2025-10-10T13:10:15","date_gmt":"2025-10-10T13:10:15","guid":{"rendered":"https:\/\/www.europesays.com\/es\/167508\/"},"modified":"2025-10-10T13:10:15","modified_gmt":"2025-10-10T13:10:15","slug":"medvedev-renace-en-shanghai-y-se-viste-de-candidato-a-turin-atp-tour","status":"publish","type":"post","link":"https:\/\/www.europesays.com\/es\/167508\/","title":{"rendered":"Medvedev renace en Shangh\u00e1i y se viste de candidato a Tur\u00edn | ATP Tour"},"content":{"rendered":"<p>        Shangh\u00e1i<br \/>\n    Medvedev renace en Shangh\u00e1i y se viste de candidato a Tur\u00edn<\/p>\n<p>El antiguo No. 1 mundial vence a De Mi\u00f1aur en cuartos de final<\/p>\n<p>October 10, 2025<\/p>\n<p>            <img decoding=\"async\" src=\"https:\/\/www.europesays.com\/es\/wp-content\/uploads\/2025\/10\/medvedev-shanghai-2025-friday.jpg\" alt=\"\"\/><\/p>\n<p><a href=\"https:\/\/www.atptour.com\/es\/players\/daniil-medvedev\/mm58\/overview\" rel=\"nofollow noopener\" target=\"_blank\">Daniil Medvedev<\/a> busca una resurrecci\u00f3n y ha encontrado un escenario ideal.<\/p>\n<p>El antiguo No. 1 mundial avanz\u00f3 este viernes hasta las semifinales del <a href=\"https:\/\/www.atptour.com\/es\/tournaments\/shanghai\/5014\/overview\" rel=\"nofollow noopener\" target=\"_blank\">Rolex Shanghai Masters<\/a>, superando al australiano Alex de Mi\u00f1aur 6-4, 6-4 en un duelo entre dos aspirantes a las Nitto ATP FInals. El evento cumbre de la gira asi\u00e1tica asisti\u00f3 a un partido de grandes figuras, decididas a imponer autoridad en un cuadro donde la l\u00f3gica salt\u00f3 por los aires en las rondas definitivas.<\/p>\n<p>Para llegar a las semifinales en el Qizong Forest Sports City Arena el esfuerzo fue inmenso. Medvedev necesit\u00f3 atravesar un partido de alt\u00edsima carga f\u00edsica, repleto de intercambios eternos desde el fondo de pista. Con la solidez como bandera a ambos lados de la red, De Mi\u00f1aur represent\u00f3 un muro a derribar a base de perseverancia y transiciones al ataque. El rev\u00e9s de Daniil fue clave para superar la resistencia de un jugador impenetrable, al que derrot\u00f3 con apenas una rotura por manga.<\/p>\n<p>Despu\u00e9s de alcanzar hace apenas unos d\u00edas las semifinales en Pek\u00edn, donde los calambres forzaron su retirada, Medvedev contin\u00faa escribiendo una gira asi\u00e1tica notable. En un tramo del calendario que ha dominado a lo largo de su carrera, Daniil busca la inspiraci\u00f3n que le permiti\u00f3 levantar el trofeo de Shangh\u00e1i en 2021.<\/p>\n<p>Con el objetivo de volver a postularse al trono, Medvedev disputar\u00e1 las semifinales ante el No. 54 mundial <a href=\"https:\/\/www.atptour.com\/es\/players\/arthur-rinderknech\/rc91\/overview\" rel=\"nofollow noopener\" target=\"_blank\">Arthur Rinderknech<\/a>, en un partido de evidente peligro programado para este s\u00e1bado. El franc\u00e9s, extendiendo una participaci\u00f3n de ensue\u00f1o en Shangh\u00e1i, avanz\u00f3 a la primera semifinal ATP Masters 1000 de su carrera tras batir 6-3, 6-4 al canadiense <a href=\"https:\/\/www.atptour.com\/es\/players\/felix-auger-aliassime\/ag37\/overview\" rel=\"nofollow noopener\" target=\"_blank\">Felix Auger-Aliassime<\/a>.<\/p>\n<p>Medvedev sigue acumulando horas de vuelo en una nueva etapa de su carrera, tras cerrar ocho a\u00f1os de relaci\u00f3n deportiva junto al entrenador <a href=\"https:\/\/www.atptour.com\/es\/players\/gilles-cervara\/c691\/overview\" rel=\"nofollow noopener\" target=\"_blank\">Gilles Cervara<\/a>. El antiguo No. 1 mundial busca recuperar el nivel que le llev\u00f3 a tomar la cima del ATP Tour y convertirse en uno de los jugadores m\u00e1s respetados sobre superficie dura en la era actual. A dos partidos de la copa, Daniil quiere cortar una sequ\u00eda de t\u00edtulos superior a los dos a\u00f1os, vigente desde que coronara el ATP Masters 1000 de Roma en 2023.<\/p>\n<p>Medvedev asciende al No. 15 en la PIF ATP Live Race To Turin y fortalece sus opciones de clasificaci\u00f3n a las <a href=\"https:\/\/www.atptour.com\/es\/tournaments\/nitto-atp-finals\/605\/overview\" rel=\"nofollow noopener\" target=\"_blank\">Nitto ATP Finals<\/a> por s\u00e9ptimo a\u00f1o consecutivo. El campe\u00f3n de la copa de maestros 2021 se sit\u00faa a 1.075 puntos del No. 8 italiano <a href=\"https:\/\/www.atptour.com\/es\/players\/lorenzo-musetti\/m0ej\/overview\" rel=\"nofollow noopener\" target=\"_blank\">Lorenzo Musetti<\/a>, el hombre que ocupa la \u00faltima plaza de acceso directo al prestigioso evento broche de temporada. En caso de levantar el trofeo en Shangh\u00e1i, Daniil podr\u00eda ascender hasta la d\u00e9cima posici\u00f3n en la Carrera a Tur\u00edn.<\/p>\n<p>Por su parte, De Mi\u00f1aur termina la gira asi\u00e1tica como No. 7 en la PIF ATP Race To Turin. El australiano, que aspira a participar en las <a href=\"https:\/\/www.atptour.com\/es\/tournaments\/nitto-atp-finals\/605\/overview\" rel=\"nofollow noopener\" target=\"_blank\">Nitto ATP Finals<\/a> por segunda vez en su carrera, mantiene una ventaja de 640 puntos sobre el corte de clasificaci\u00f3n que marca el No. 10 <a href=\"https:\/\/www.atptour.com\/es\/players\/felix-auger-aliassime\/ag37\/overview\" rel=\"nofollow noopener\" target=\"_blank\">Felix Auger-Aliassime<\/a>.<\/p>\n<p><a rel=\"noopener noreferrer nofollow\" href=\"https:\/\/www.atptour.com\/es\/news\/it-all-adds-up-hub\/\" target=\"_blank\"><img decoding=\"async\" alt=\"\" style=\"height:90px; width:728px;\" src=\"https:\/\/www.europesays.com\/es\/wp-content\/uploads\/2025\/09\/1758546732_354_it-all-adds-up-banner.jpg\"\/><\/a><\/p>\n","protected":false},"excerpt":{"rendered":"Shangh\u00e1i Medvedev renace en Shangh\u00e1i y se viste de candidato a Tur\u00edn El antiguo No. 1 mundial vence&hellip;\n","protected":false},"author":2,"featured_media":167509,"comment_status":"","ping_status":"","sticky":false,"template":"","format":"standard","meta":{"footnotes":""},"categories":[93],"tags":[168,25,24,23,167],"class_list":{"0":"post-167508","1":"post","2":"type-post","3":"status-publish","4":"format-standard","5":"has-post-thumbnail","7":"category-deportes","8":"tag-deportes","9":"tag-es","10":"tag-espana","11":"tag-spain","12":"tag-sports"},"share_on_mastodon":{"url":"","error":""},"_links":{"self":[{"href":"https:\/\/www.europesays.com\/es\/wp-json\/wp\/v2\/posts\/167508","targetHints":{"allow":["GET"]}}],"collection":[{"href":"https:\/\/www.europesays.com\/es\/wp-json\/wp\/v2\/posts"}],"about":[{"href":"https:\/\/www.europesays.com\/es\/wp-json\/wp\/v2\/types\/post"}],"author":[{"embeddable":true,"href":"https:\/\/www.europesays.com\/es\/wp-json\/wp\/v2\/users\/2"}],"replies":[{"embeddable":true,"href":"https:\/\/www.europesays.com\/es\/wp-json\/wp\/v2\/comments?post=167508"}],"version-history":[{"count":0,"href":"https:\/\/www.europesays.com\/es\/wp-json\/wp\/v2\/posts\/167508\/revisions"}],"wp:featuredmedia":[{"embeddable":true,"href":"https:\/\/www.europesays.com\/es\/wp-json\/wp\/v2\/media\/167509"}],"wp:attachment":[{"href":"https:\/\/www.europesays.com\/es\/wp-json\/wp\/v2\/media?parent=167508"}],"wp:term":[{"taxonomy":"category","embeddable":true,"href":"https:\/\/www.europesays.com\/es\/wp-json\/wp\/v2\/categories?post=167508"},{"taxonomy":"post_tag","embeddable":true,"href":"https:\/\/www.europesays.com\/es\/wp-json\/wp\/v2\/tags?post=167508"}],"curies":[{"name":"wp","href":"https:\/\/api.w.org\/{rel}","templated":true}]}}