{"id":167528,"date":"2025-10-10T13:22:07","date_gmt":"2025-10-10T13:22:07","guid":{"rendered":"https:\/\/www.europesays.com\/es\/167528\/"},"modified":"2025-10-10T13:22:07","modified_gmt":"2025-10-10T13:22:07","slug":"medvedev-regresa-en-silencio-a-las-semifinales-de-shanghai-y-suena-con-turin","status":"publish","type":"post","link":"https:\/\/www.europesays.com\/es\/167528\/","title":{"rendered":"Medvedev regresa en silencio a las semifinales de Shangh\u00e1i y sue\u00f1a con Tur\u00edn"},"content":{"rendered":"<p data-mrf-recirculation=\"Links P\u00e1rrafos\" class=\"ue-c-article__paragraph paragraph ue-c-article--first-letter-highlighted\">La sociedad entre <strong>Daniil Medvedev y Thomas Johansson est\u00e1 empezando a dar sus frutos<\/strong>. El tenista ruso, que se uni\u00f3 al sueco tras romper su relaci\u00f3n profesional con Gilles Cervara, <strong>ha encadenado su segunda semifinal consecutiva en la gira asi\u00e1tica<\/strong>. Semifinalista en el Open 500 de Pek\u00edn se ha clasificado este viernes <strong>para la pen\u00faltima ronda del Masters 1000 de Shangh\u00e1i<\/strong>. Su \u00faltima v\u00edctima ha sido <strong>Alex De Mi\u00f1aur, con un tanteo de 6-4 y 6-4<\/strong>. Le espera este s\u00e1bado Arthur Rinderknech.\u00a0<\/p>\n<p data-mrf-recirculation=\"Links P\u00e1rrafos\" class=\"ue-c-article__paragraph paragraph\">Esta vez no hubo show por parte de Medvedev, <strong><a href=\"https:\/\/www.marca.com\/tenis\/masters-1000-shangai\/2025\/10\/08\/medvedev-acuerda-nadal-he-toda-mi-vida-esperandole-55-segundos-sacar.html\" target=\"_blank\" rel=\"nofollow noopener\">como en los octavos ante Learner Tien<\/a><\/strong>, quiz\u00e1s porque siempre fue por delante en el marcador. El moscovita, casi sin quererlo, <strong>se ha reenganchado en la pelea por una de las seis plazas restantes en las ATP Finals de Tur\u00edn (9 al 16 de noviembre)<\/strong>. Ya est\u00e1 el decimoquinto de la Race 2025, <strong>dejando atr\u00e1s a Karen Khachanov y Alejandro Davidovich<\/strong>.\u00a0<\/p>\n<p data-mrf-recirculation=\"Links P\u00e1rrafos\" class=\"ue-c-article__paragraph paragraph\"><strong>De Mi\u00f1aur se mantiene s\u00e9ptimo en el ranking anual<\/strong>, con sus opciones intactas de estar en la cita que re\u00fane a los ocho mejores. El australiano, con 3.545 puntos, tiene pie y medio en el &#8216;round robin&#8217;. <strong>Es el jugador con m\u00e1s partidos ganados esta campa\u00f1a sobre superficie dura (37), tres m\u00e1s que Carlos Alcaraz<\/strong>.\u00a0<\/p>\n<p>Campe\u00f3n en 2019<br \/>\u200b<\/p>\n<p data-mrf-recirculation=\"Links P\u00e1rrafos\" class=\"ue-c-article__paragraph paragraph\">La \u00fanica vez que Daniil se hab\u00eda plantado entre los cuatro mejores de Shangh\u00e1i fue en la edici\u00f3n de 2019. <strong>El trofeo acab\u00f3 en sus vitrinas<\/strong>. El ruso no gana un t\u00edtulo desde Roma, en 2023. <strong>Ya son 61 semifinales en el circuito, 50 de ellas en dura<\/strong>.\u00a0<\/p>\n","protected":false},"excerpt":{"rendered":"La sociedad entre Daniil Medvedev y Thomas Johansson est\u00e1 empezando a dar sus frutos. El tenista ruso, que&hellip;\n","protected":false},"author":2,"featured_media":167529,"comment_status":"","ping_status":"","sticky":false,"template":"","format":"standard","meta":{"footnotes":""},"categories":[274],"tags":[168,25,24,23,167,327,326],"class_list":{"0":"post-167528","1":"post","2":"type-post","3":"status-publish","4":"format-standard","5":"has-post-thumbnail","7":"category-tenis","8":"tag-deportes","9":"tag-es","10":"tag-espana","11":"tag-spain","12":"tag-sports","13":"tag-tenis","14":"tag-tennis"},"share_on_mastodon":{"url":"","error":""},"_links":{"self":[{"href":"https:\/\/www.europesays.com\/es\/wp-json\/wp\/v2\/posts\/167528","targetHints":{"allow":["GET"]}}],"collection":[{"href":"https:\/\/www.europesays.com\/es\/wp-json\/wp\/v2\/posts"}],"about":[{"href":"https:\/\/www.europesays.com\/es\/wp-json\/wp\/v2\/types\/post"}],"author":[{"embeddable":true,"href":"https:\/\/www.europesays.com\/es\/wp-json\/wp\/v2\/users\/2"}],"replies":[{"embeddable":true,"href":"https:\/\/www.europesays.com\/es\/wp-json\/wp\/v2\/comments?post=167528"}],"version-history":[{"count":0,"href":"https:\/\/www.europesays.com\/es\/wp-json\/wp\/v2\/posts\/167528\/revisions"}],"wp:featuredmedia":[{"embeddable":true,"href":"https:\/\/www.europesays.com\/es\/wp-json\/wp\/v2\/media\/167529"}],"wp:attachment":[{"href":"https:\/\/www.europesays.com\/es\/wp-json\/wp\/v2\/media?parent=167528"}],"wp:term":[{"taxonomy":"category","embeddable":true,"href":"https:\/\/www.europesays.com\/es\/wp-json\/wp\/v2\/categories?post=167528"},{"taxonomy":"post_tag","embeddable":true,"href":"https:\/\/www.europesays.com\/es\/wp-json\/wp\/v2\/tags?post=167528"}],"curies":[{"name":"wp","href":"https:\/\/api.w.org\/{rel}","templated":true}]}}