{"id":167548,"date":"2025-10-10T13:33:14","date_gmt":"2025-10-10T13:33:14","guid":{"rendered":"https:\/\/www.europesays.com\/es\/167548\/"},"modified":"2025-10-10T13:33:14","modified_gmt":"2025-10-10T13:33:14","slug":"dani-olmo-se-lesiona-y-dice-adios-a-la-concentracion-con-espana","status":"publish","type":"post","link":"https:\/\/www.europesays.com\/es\/167548\/","title":{"rendered":"Dani Olmo se lesiona y dice adi\u00f3s a la concentraci\u00f3n con Espa\u00f1a"},"content":{"rendered":"<p>Dani Olmo, el jugador del Barcelona, dice adi\u00f3s a la concentraci\u00f3n con Espa\u00f1a para disputar los dos partidos de fase de clasificaci\u00f3n al Mundial 2026, ante Georgia y Bulgaria, tras retirarse del entrenamiento de este viernes a los 15 minutos de salir al c\u00e9sped, seg\u00fan ha confirmado la propia Federaci\u00f3n a trav\u00e9s de un comunicado.<\/p>\n<p>La baja del mediapunta se suma a la del tambi\u00e9n barcelonista<strong> Lamine Yamal<\/strong>, a la del central del Real Madrid, <strong>Dean Huijsen<\/strong>, y a la del mediocentro del Manchester City, <strong>Rodrigo Hern\u00e1ndez<\/strong>. Ya son cuatro futbolistas importantes con los que Luis de la Fuente no podr\u00e1 contar para esta ventana internacional. <\/p>\n<p>Precisamente, <a href=\"https:\/\/www.rtve.es\/deportes\/20251010\/luis-fuente-directo-espana-georgia-clasificacion-mundial\/16760304.shtml\" target=\"_blank\" rel=\"nofollow noopener\">el m\u00edster revelaba en la rueda de prensa<\/a>, previa al partido ante Georgia, que el futbolista se hab\u00eda retirado del entreno por molestias y que estaban pendiente de las pruebas para ver si segu\u00eda con el equipo.<\/p>\n<p>\u00abHoy no se encontraban c\u00f3modo y le hemos dicho que dejara de entrenar&#8230; Veremos en qu\u00e9 queda lo de Dani, esperemos al informe m\u00e9dico\u00bb, aseguraba ante los medios, sin saber, que poco despu\u00e9s se iba a quedar sin otro futbolista de los importantes.<\/p>\n<p>Durante esa rueda de prensa, tambi\u00e9n <strong>fue cuestionado por Ansu Fati<\/strong>, en un gran momento de forma, y que podr\u00eda ser el llamado para suplir la baja de Olmo, aunque el m\u00edster no quiso decir si ser\u00e1 as\u00ed o no.<\/p>\n","protected":false},"excerpt":{"rendered":"Dani Olmo, el jugador del Barcelona, dice adi\u00f3s a la concentraci\u00f3n con Espa\u00f1a para disputar los dos partidos&hellip;\n","protected":false},"author":2,"featured_media":167549,"comment_status":"","ping_status":"","sticky":false,"template":"","format":"standard","meta":{"footnotes":""},"categories":[93],"tags":[168,25,24,23,167],"class_list":{"0":"post-167548","1":"post","2":"type-post","3":"status-publish","4":"format-standard","5":"has-post-thumbnail","7":"category-deportes","8":"tag-deportes","9":"tag-es","10":"tag-espana","11":"tag-spain","12":"tag-sports"},"share_on_mastodon":{"url":"","error":""},"_links":{"self":[{"href":"https:\/\/www.europesays.com\/es\/wp-json\/wp\/v2\/posts\/167548","targetHints":{"allow":["GET"]}}],"collection":[{"href":"https:\/\/www.europesays.com\/es\/wp-json\/wp\/v2\/posts"}],"about":[{"href":"https:\/\/www.europesays.com\/es\/wp-json\/wp\/v2\/types\/post"}],"author":[{"embeddable":true,"href":"https:\/\/www.europesays.com\/es\/wp-json\/wp\/v2\/users\/2"}],"replies":[{"embeddable":true,"href":"https:\/\/www.europesays.com\/es\/wp-json\/wp\/v2\/comments?post=167548"}],"version-history":[{"count":0,"href":"https:\/\/www.europesays.com\/es\/wp-json\/wp\/v2\/posts\/167548\/revisions"}],"wp:featuredmedia":[{"embeddable":true,"href":"https:\/\/www.europesays.com\/es\/wp-json\/wp\/v2\/media\/167549"}],"wp:attachment":[{"href":"https:\/\/www.europesays.com\/es\/wp-json\/wp\/v2\/media?parent=167548"}],"wp:term":[{"taxonomy":"category","embeddable":true,"href":"https:\/\/www.europesays.com\/es\/wp-json\/wp\/v2\/categories?post=167548"},{"taxonomy":"post_tag","embeddable":true,"href":"https:\/\/www.europesays.com\/es\/wp-json\/wp\/v2\/tags?post=167548"}],"curies":[{"name":"wp","href":"https:\/\/api.w.org\/{rel}","templated":true}]}}