{"id":167567,"date":"2025-10-10T13:43:12","date_gmt":"2025-10-10T13:43:12","guid":{"rendered":"https:\/\/www.europesays.com\/es\/167567\/"},"modified":"2025-10-10T13:43:12","modified_gmt":"2025-10-10T13:43:12","slug":"rompen-cristobal-reyes-y-alfredo-rios-el-conde","status":"publish","type":"post","link":"https:\/\/www.europesays.com\/es\/167567\/","title":{"rendered":"Rompen Crist\u00f3bal Reyes y Alfredo R\u00edos \u00abEl Conde\u00bb"},"content":{"rendered":"<p>El matador de toros <strong>Crist\u00f3bal Reyes<\/strong> y la empresa taurina <strong>Taurojal S.L<\/strong>.cuya cabeza visible es el tambi\u00e9n matador de toros <strong>Alfredo R\u00edos \u201cEl Conde\u201d<\/strong> han dado por terminada su relaci\u00f3n de apoderamiento que les manten\u00eda unidos solo esta temporada 2025.<\/p>\n<p>\u00a0<\/p>\n<p>Una temporada esta en la cual lo m\u00e1s destacable de <strong>Reyes<\/strong> ha sido la confirmaci\u00f3n de alternativa en la Plaza de toros de Las Ventas de Madrid con una corrida de las llamadas duras, toros de Saltillo.<\/p>\n<p>\u00a0<\/p>\n<p>La ruptura al parecer ha sido amistosa y ambos, torero y apoderado, se han deseado lo mejor para sus respectivas carreras, que los dos seguir\u00e1n dentro de este bonito mundo del toro.<\/p>\n<p>\u00a0<\/p>\n<p>Esperamos y deseamos que el torero pueda demostrar su val\u00eda en muchas plazas de toros tanto de Espa\u00f1a como de Francia y de Am\u00e9rica, donde todo parece indicar que partir\u00e1 muy pronto para hacer campa\u00f1a all\u00ed.<\/p>\n<p>\u00a0<\/p>\n<p>Inform\u00f3 : ROGELIO BURNAO.Granada.<\/p>\n","protected":false},"excerpt":{"rendered":"El matador de toros Crist\u00f3bal Reyes y la empresa taurina Taurojal S.L.cuya cabeza visible es el tambi\u00e9n matador&hellip;\n","protected":false},"author":2,"featured_media":167568,"comment_status":"","ping_status":"","sticky":false,"template":"","format":"standard","meta":{"footnotes":""},"categories":[277],"tags":[373,168,25,24,23,167,374],"class_list":{"0":"post-167567","1":"post","2":"type-post","3":"status-publish","4":"format-standard","5":"has-post-thumbnail","7":"category-toreo","8":"tag-bullfighting","9":"tag-deportes","10":"tag-es","11":"tag-espana","12":"tag-spain","13":"tag-sports","14":"tag-toreo"},"share_on_mastodon":{"url":"","error":""},"_links":{"self":[{"href":"https:\/\/www.europesays.com\/es\/wp-json\/wp\/v2\/posts\/167567","targetHints":{"allow":["GET"]}}],"collection":[{"href":"https:\/\/www.europesays.com\/es\/wp-json\/wp\/v2\/posts"}],"about":[{"href":"https:\/\/www.europesays.com\/es\/wp-json\/wp\/v2\/types\/post"}],"author":[{"embeddable":true,"href":"https:\/\/www.europesays.com\/es\/wp-json\/wp\/v2\/users\/2"}],"replies":[{"embeddable":true,"href":"https:\/\/www.europesays.com\/es\/wp-json\/wp\/v2\/comments?post=167567"}],"version-history":[{"count":0,"href":"https:\/\/www.europesays.com\/es\/wp-json\/wp\/v2\/posts\/167567\/revisions"}],"wp:featuredmedia":[{"embeddable":true,"href":"https:\/\/www.europesays.com\/es\/wp-json\/wp\/v2\/media\/167568"}],"wp:attachment":[{"href":"https:\/\/www.europesays.com\/es\/wp-json\/wp\/v2\/media?parent=167567"}],"wp:term":[{"taxonomy":"category","embeddable":true,"href":"https:\/\/www.europesays.com\/es\/wp-json\/wp\/v2\/categories?post=167567"},{"taxonomy":"post_tag","embeddable":true,"href":"https:\/\/www.europesays.com\/es\/wp-json\/wp\/v2\/tags?post=167567"}],"curies":[{"name":"wp","href":"https:\/\/api.w.org\/{rel}","templated":true}]}}