{"id":167605,"date":"2025-10-10T14:08:08","date_gmt":"2025-10-10T14:08:08","guid":{"rendered":"https:\/\/www.europesays.com\/es\/167605\/"},"modified":"2025-10-10T14:08:08","modified_gmt":"2025-10-10T14:08:08","slug":"sergio-garcia-tengo-golpes-que-no-son-de-profesional","status":"publish","type":"post","link":"https:\/\/www.europesays.com\/es\/167605\/","title":{"rendered":"Sergio Garc\u00eda: \u201cTengo golpes que no son de profesional\u201d"},"content":{"rendered":"<p class=\"\">A veces una vuelta de golf puede contener la vida misma, y la de Sergio Garc\u00eda este viernes en el Real Club de Campo de Madrid tuvo algo de eso. De la frustraci\u00f3n a la sonrisa en 18 hoyos.<b> Otra vez fue un d\u00eda de menos a m\u00e1s para \u00e9l el segundo de este <\/b><a href=\"https:\/\/as.com\/masdeporte\/golf\/\" target=\"_self\" rel=\"nofollow noopener\" title=\"https:\/\/as.com\/masdeporte\/golf\/\"><b>Open de Espa\u00f1a<\/b><\/a><b>, que concluy\u00f3 con 70 impactos (-1 para -1) y sensaciones agridulces. <\/b><\/p>\n<p class=\"\">\u201cNo, no le he pegado bien, he pegado golpes muy malos, <b>golpes que no dan la sensaci\u00f3n de que sean golpes de profesional<\/b>,pero es lo que hay, hay que seguir trabajando. Estoy cabizbajo obviamente porque estoy entrenando, estoy jugando de maravilla, peg\u00e1ndole muy bien a la bola con mucha confianza y tal, <b>y luego llego al torneo y hay varios momentos en los que no s\u00e9 lo que hago, entonces obviamente eso no me satisface<\/b>\u201d, explicaba <a href=\"https:\/\/as.com\/masdeporte\/sergio-garcia-salva-su-open-sobre-la-bocina-lo-hemos-peleado-f202510-n\/\" target=\"_self\" rel=\"nofollow noopener\" title=\"https:\/\/as.com\/masdeporte\/sergio-garcia-salva-su-open-sobre-la-bocina-lo-hemos-peleado-f202510-n\/\">Garc\u00eda<\/a> a los reporteros su deriva entre el 10 (por el que le toc\u00f3 salir esta vez) y el 3. Ese tramo lo cubrir\u00eda en +3, con un birdie, dos bogeys y en el 16 el doble bogey que agot\u00f3 su paciencia. <\/p>\n<p class=\"\">Su bola hab\u00eda aterrizado en el rough de salida y desde all\u00ed viaj\u00f3 al bunker de la izquierda. Le qued\u00f3 un golpe que no ten\u00eda soluci\u00f3n buena, y se cruz\u00f3 el green. De nuevo al rough y de all\u00ed al collar\u00edn. No lleg\u00f3 a la bandera hasta el quinto.<b> Doble bogey. Patada a la bolsa. \u201c\u00bfC\u00f3mo ha sido el golpe del bunker en el 16?\u201c, le preguntar\u00edan despu\u00e9s. \u201dMalo\u00bb, contestar\u00eda.<\/b> \u201cPero&#8230;\u201d, se dispon\u00eda a insistir el reportero. \u201cMalo, malo, lo dejamos ah\u00ed\u201d, zanjaba el de Borriol. <\/p>\n<p class=\"\">El fantasma del corte fallado en el abierto \u2018de casa\u2019 le sobrevolaba cuando, como un d\u00eda antes,<b> le reactiv\u00f3 un eagle, el desfibrilador de los golfistas.<\/b> Si hubiese un tutorial para jugar el 4 del recorrido, ser\u00eda este: <b>bomba al centro de la calle, hierro largo aterrizado a cinco metros de la bandera, dentro el putt<\/b>. Le cambi\u00f3 la inercia, porque despu\u00e9s la meti\u00f3 desde fuera del green en el 6, uno de los pares 4 m\u00e1s exigentes del campo, y sac\u00f3 provecho a un golpazo en el 9 para cerrar por debajo del par. <\/p>\n<p class=\"\">\u201cMe gustar\u00eda intentar tener un poquito m\u00e1s de confianza a la hora de escoger el golpe e ir con ello,pero bueno, si fuera f\u00e1cil pues lo har\u00eda todo el mundo\u201d, <b>se pon\u00eda deberes para un fin de semana al que llegar\u00e1 como m\u00ednimo a siete golpes de la cabeza<\/b>, el list\u00f3n fijado en el turno matutino por el ingl\u00e9s Cockerill, que se coloc\u00f3 en cabeza merced a su segundo 67 consecutivo (-4 para -8), aunque el mayor depredador que campa por la parte alta de la tabla tras 36 hoyos es el campe\u00f3n del Masters de 2018, Patrick Reed (-4 para -7). <\/p>\n<p>La \u2018baby Armada\u2019 luce m\u00fasculo<\/p>\n<p class=\"\">Que Sergio siga vivo no es la \u00fanica buena noticia que dej\u00f3 la primera oleada en el dise\u00f1o de Javier Arana, porque la \u2018baby Armada\u2019 luci\u00f3 m\u00fasculo un d\u00eda m\u00e1s. <b>Si el jueves \u00c1ngel Ayora (21 a\u00f1os) cerraba como el mejor de los 21 espa\u00f1oles presentes, este viernes le cogi\u00f3 el testigo David Puig con un 69 (-2 para -4) que le supo a poco<\/b>, porque en alg\u00fan momento de la vuelta parec\u00eda que se encaminaba hacia n\u00fameros muy bajos. Estaba -3 llegado al 4 (\u00e9l tambi\u00e9n empez\u00f3 por los nueve segundos), fabricando birdies en serie (6 en total), en su estilo, y de repente se atranc\u00f3. Cerr\u00f3 con dos bogeys en los cinco \u00faltimos hoyos. <\/p>\n<p class=\"\">\u201c<b>Bastante agridulce, sin duda. Obviamente muy contento con el juego largo, incluso muy contento con todo en general.<\/b> Al final en esos \u00faltimos hoyos se me han escapado un par de golpes pero bueno, otro corte pasado, otra vuelta bajo par. Otro d\u00eda donde, quieras o no, pienso que he jugado muy bien, me he dado muchas opciones\u201d, lanz\u00f3 optimista uno de los j\u00f3venes valores que tiran del carro nacional (sin olvidar a Cabrera Bello, campe\u00f3n en 2022 y en -2 para -4 este viernes) mientras Rahm y Sergio Garc\u00eda buscan su mejor versi\u00f3n. <\/p>\n<p>Noticias relacionadas<\/p>\n<p class=\"\"><b>\u00a1Tus opiniones importan!<\/b> Comenta en los art\u00edculos y suscr\u00edbete gratis a nuestra <a href=\"https:\/\/asfan.as.com\/newsletters\/\" target=\"_blank\" rel=\"nofollow noopener\" title=\"https:\/\/asfan.as.com\/newsletters\/\">newsletter<\/a> y a las alertas informativas en la <a href=\"https:\/\/as.com\/aplicacion-de-as-n\/\" target=\"_blank\" rel=\"nofollow noopener\" title=\"https:\/\/as.com\/aplicacion-de-as-n\/\">App<\/a> o el canal de <a href=\"https:\/\/www.whatsapp.com\/channel\/0029VaAasdA7j6g745nz9M10\" target=\"_blank\" rel=\"nofollow noopener\" title=\"https:\/\/www.whatsapp.com\/channel\/0029VaAasdA7j6g745nz9M10\">WhatsApp<\/a>.<\/p>\n<p class=\"\">\u00bfBuscas licenciar contenido? Haz clic <a href=\"https:\/\/profesional.elpais.com\/soluciones-sindicacion?utm_medium=interno&amp;utm_source=crosslinking&amp;utm_campaign=sindicacion_as_pie_articulos\" target=\"_blank\" rel=\"nofollow noopener\" title=\"https:\/\/profesional.elpais.com\/soluciones-sindicacion?utm_medium=interno&amp;utm_source=crosslinking&amp;utm_campaign=sindicacion_as_pie_articulos\">aqu\u00ed<\/a><\/p>\n","protected":false},"excerpt":{"rendered":"A veces una vuelta de golf puede contener la vida misma, y la de Sergio Garc\u00eda este viernes&hellip;\n","protected":false},"author":2,"featured_media":167606,"comment_status":"","ping_status":"","sticky":false,"template":"","format":"standard","meta":{"footnotes":""},"categories":[275],"tags":[168,25,24,329,23,167],"class_list":{"0":"post-167605","1":"post","2":"type-post","3":"status-publish","4":"format-standard","5":"has-post-thumbnail","7":"category-golf","8":"tag-deportes","9":"tag-es","10":"tag-espana","11":"tag-golf","12":"tag-spain","13":"tag-sports"},"share_on_mastodon":{"url":"","error":""},"_links":{"self":[{"href":"https:\/\/www.europesays.com\/es\/wp-json\/wp\/v2\/posts\/167605","targetHints":{"allow":["GET"]}}],"collection":[{"href":"https:\/\/www.europesays.com\/es\/wp-json\/wp\/v2\/posts"}],"about":[{"href":"https:\/\/www.europesays.com\/es\/wp-json\/wp\/v2\/types\/post"}],"author":[{"embeddable":true,"href":"https:\/\/www.europesays.com\/es\/wp-json\/wp\/v2\/users\/2"}],"replies":[{"embeddable":true,"href":"https:\/\/www.europesays.com\/es\/wp-json\/wp\/v2\/comments?post=167605"}],"version-history":[{"count":0,"href":"https:\/\/www.europesays.com\/es\/wp-json\/wp\/v2\/posts\/167605\/revisions"}],"wp:featuredmedia":[{"embeddable":true,"href":"https:\/\/www.europesays.com\/es\/wp-json\/wp\/v2\/media\/167606"}],"wp:attachment":[{"href":"https:\/\/www.europesays.com\/es\/wp-json\/wp\/v2\/media?parent=167605"}],"wp:term":[{"taxonomy":"category","embeddable":true,"href":"https:\/\/www.europesays.com\/es\/wp-json\/wp\/v2\/categories?post=167605"},{"taxonomy":"post_tag","embeddable":true,"href":"https:\/\/www.europesays.com\/es\/wp-json\/wp\/v2\/tags?post=167605"}],"curies":[{"name":"wp","href":"https:\/\/api.w.org\/{rel}","templated":true}]}}