{"id":167619,"date":"2025-10-10T14:16:08","date_gmt":"2025-10-10T14:16:08","guid":{"rendered":"https:\/\/www.europesays.com\/es\/167619\/"},"modified":"2025-10-10T14:16:08","modified_gmt":"2025-10-10T14:16:08","slug":"angel-juarez-presenta-su-nuevo-libro-mis-compromisos-delante-de-mas-de-80-personas","status":"publish","type":"post","link":"https:\/\/www.europesays.com\/es\/167619\/","title":{"rendered":"\u00c1ngel Ju\u00e1rez presenta su nuevo libro &#8216;Mis compromisos&#8217; delante de m\u00e1s de 80 personas"},"content":{"rendered":"<p>                                    <img decoding=\"async\" loading=\"lazy\" src=\"https:\/\/www.europesays.com\/es\/wp-content\/uploads\/2025\/10\/6567c1b088cdb.jpeg\" alt=\"Redacci\u00f3 Redacci\u00f3\" width=\"40\" height=\"40\" data-full-src=\"https:\/\/www.europesays.com\/es\/wp-content\/uploads\/2025\/10\/6567c1b088cdb.jpeg\"\/><\/p>\n<p class=\"paragraph\">El presidente de la entidad Mare Terra Fundaci\u00f3 Mediterr\u00e0nia, \u00c1ngel Ju\u00e1rez, <b>present\u00f3, en el d\u00eda de ayer, su nuevo libro \u201cMis compromisos\u201d<\/b>, una recopilaci\u00f3n de art\u00edculos publicados en los \u00faltimos a\u00f1os.\u00a0<\/p>\n<p class=\"paragraph\">El acto tuvo lugar en el Consulado General del Reino de Marruecos en Tarragona y<b> reuni\u00f3 a m\u00e1s de 80 personas<\/b>. Entre los asistentes destacaron Ikram Chahine, c\u00f3nsul de Marruecos en Tarragona, Lleida y Arag\u00f3n; Santiago Castell\u00e0, presidente del Port de Tarragona; Carles Figuerola, representante de la editorial, y el propio autor.<\/p>\n","protected":false},"excerpt":{"rendered":"El presidente de la entidad Mare Terra Fundaci\u00f3 Mediterr\u00e0nia, \u00c1ngel Ju\u00e1rez, present\u00f3, en el d\u00eda de ayer, su&hellip;\n","protected":false},"author":2,"featured_media":167620,"comment_status":"","ping_status":"","sticky":false,"template":"","format":"standard","meta":{"footnotes":""},"categories":[172],"tags":[224,146,147,25,24,225,23],"class_list":{"0":"post-167619","1":"post","2":"type-post","3":"status-publish","4":"format-standard","5":"has-post-thumbnail","7":"category-libros","8":"tag-books","9":"tag-entertainment","10":"tag-entretenimiento","11":"tag-es","12":"tag-espana","13":"tag-libros","14":"tag-spain"},"share_on_mastodon":{"url":"","error":""},"_links":{"self":[{"href":"https:\/\/www.europesays.com\/es\/wp-json\/wp\/v2\/posts\/167619","targetHints":{"allow":["GET"]}}],"collection":[{"href":"https:\/\/www.europesays.com\/es\/wp-json\/wp\/v2\/posts"}],"about":[{"href":"https:\/\/www.europesays.com\/es\/wp-json\/wp\/v2\/types\/post"}],"author":[{"embeddable":true,"href":"https:\/\/www.europesays.com\/es\/wp-json\/wp\/v2\/users\/2"}],"replies":[{"embeddable":true,"href":"https:\/\/www.europesays.com\/es\/wp-json\/wp\/v2\/comments?post=167619"}],"version-history":[{"count":0,"href":"https:\/\/www.europesays.com\/es\/wp-json\/wp\/v2\/posts\/167619\/revisions"}],"wp:featuredmedia":[{"embeddable":true,"href":"https:\/\/www.europesays.com\/es\/wp-json\/wp\/v2\/media\/167620"}],"wp:attachment":[{"href":"https:\/\/www.europesays.com\/es\/wp-json\/wp\/v2\/media?parent=167619"}],"wp:term":[{"taxonomy":"category","embeddable":true,"href":"https:\/\/www.europesays.com\/es\/wp-json\/wp\/v2\/categories?post=167619"},{"taxonomy":"post_tag","embeddable":true,"href":"https:\/\/www.europesays.com\/es\/wp-json\/wp\/v2\/tags?post=167619"}],"curies":[{"name":"wp","href":"https:\/\/api.w.org\/{rel}","templated":true}]}}