{"id":167637,"date":"2025-10-10T14:25:15","date_gmt":"2025-10-10T14:25:15","guid":{"rendered":"https:\/\/www.europesays.com\/es\/167637\/"},"modified":"2025-10-10T14:25:15","modified_gmt":"2025-10-10T14:25:15","slug":"la-dilexi-te-un-icono-de-la-ensenanza-de-la-iglesia","status":"publish","type":"post","link":"https:\/\/www.europesays.com\/es\/167637\/","title":{"rendered":"\u201cLa Dilexi te, un icono de la ense\u00f1anza de la Iglesia\u201d"},"content":{"rendered":"<p>La rueda de prensa para presentar la exhortaci\u00f3n apost\u00f3lica del Papa Le\u00f3n XIV con los cardenales Czerny y Krajewski, junto al hermano franciscano Fr\u00e9d\u00e9ric-Marie y la Hermanita de Jes\u00fas, Cl\u00e9mence.<\/p>\n<p>Benedetta Capelli y Salvatore Cernuzio\u00a0<\/p>\n<p>\u00abTratar a los pobres con dignidad es el primer acto de paz\u00bb. Este es uno de los puntos centrales del discurso del cardenal Michael Czerny, Prefecto del Dicasterio para el Servicio del Desarrollo Humano Integral, en la apertura de la presentaci\u00f3n de la exhortaci\u00f3n apost\u00f3lica de Le\u00f3n XIV,\u00a0<a href=\"https:\/\/www.vatican.va\/content\/leo-xiv\/it\/apost_exhortations\/documents\/20251004-dilexi-te.html\" target=\"_blank\" rel=\"external nofollow noopener\">Dilexi te\u00a0, en la Oficina de Prensa de la Santa Sede .<\/a>\u00a0El cardenal describi\u00f3 el documento como \u00abun icono del magisterio de la Iglesia\u00bb, destacando sus puntos clave y recordando el papel de la Iglesia en la sanaci\u00f3n de heridas \u00abf\u00edsicas, sociales o espirituales\u00bb.<\/p>\n<p>     <a href=\"https:\/\/www.vaticannews.va\/es\/papa\/news\/2025-10\/papa-leon-xiv-publica-dilexi-te-primera-exhortacion-apostolica.html\" title=\"\u201cDilexi te\u201d, Le\u00f3n XIV: no se puede separar la fe del amor por los pobres\" rel=\"nofollow noopener\" target=\"_blank\"><\/p>\n<p>        <img decoding=\"async\" src=\"data:image\/gif;base64,R0lGODlhAQABAIAAAAAAAP\/\/\/yH5BAEAAAAALAAAAAABAAEAAAIBRAA7\" data-original=\"https:\/\/www.vaticannews.va\/content\/dam\/vaticannews\/cem\/2025\/foto.jpg\/_jcr_content\/renditions\/cq5dam.thumbnail.cropped.500.281.jpeg\" alt=\"\u201cDilexi te\u201d, Le\u00f3n XIV: no se puede separar la fe del amor por los pobres\"\/><\/p>\n<p>      <\/a><\/p>\n<p>\n      Se ha publicado la primera exhortaci\u00f3n apost\u00f3lica de Robert Francis Prevost, un trabajo iniciado por Francisco sobre el tema del servicio a los pobres, en cuyo rostro encontramos &#8230;\n     <\/p>\n<p>La pobreza, un tema \u00abteol\u00f3gico\u00bb <\/p>\n<p>La pobreza \u00abes un tema teol\u00f3gico\u00bb porque a trav\u00e9s de los pobres se escucha la voz de Dios, y al servirlos se derriban todas las barreras, afirm\u00f3 el cardenal. Al analizar la actualidad, donde el valor humano se mide \u00aben t\u00e9rminos de productividad, consumo y ganancias\u00bb, habl\u00f3 de una mentalidad dominante que descarta a los d\u00e9biles y \u00abmerece la etiqueta de pecado social\u00bb. \u00abLa justicia proviene de la inclusi\u00f3n\u00bb, enfatiz\u00f3 Czerny. Identific\u00f3 tres pautas para promover el desarrollo integral: la Eucarist\u00eda, que nutre a la comunidad; la educaci\u00f3n, que libera a las personas de la pobreza espiritual; y el servicio, que es amor social. Estos son caminos que la Iglesia ofrece al mundo para promover \u00abuna civilizaci\u00f3n en la que cada persona sea reconocida como imagen de Dios\u00bb. Porque de esta conciencia nace la paz, a\u00f1adi\u00f3 Czerny: \u00abNo habr\u00e1 paz mientras los pobres y el planeta sean desatendidos y maltratados\u00bb.<\/p>\n<p>    <img decoding=\"async\" src=\"data:image\/gif;base64,R0lGODlhAQABAIAAAAAAAP\/\/\/yH5BAEAAAAALAAAAAABAAEAAAIBRAA7\" data-original=\"https:\/\/www.vaticannews.va\/content\/dam\/vaticannews\/multimedia\/2025\/ottobre\/09\/WhatsApp-Image-2025-10-09-at-15.05.48_rsz.jpg\/_jcr_content\/renditions\/cq5dam.thumbnail.cropped.750.422.jpeg\" alt=\" Cardenal Michael Czerny\" title=\" Cardenal Michael Czerny\"\/><\/p>\n<p>\n    Cardenal Michael Czerny\n  <\/p>\n<p>El compromiso de la Caridad Apost\u00f3lica <\/p>\n<p>La met\u00e1fora de los pobres como imagen de Cristo tambi\u00e9n inspir\u00f3 la reflexi\u00f3n del cardenal Konrad Krajewski, prefecto del Dicasterio para el Servicio de la Caridad, quien record\u00f3 sus \u00faltimos 13 a\u00f1os como Limosnero Pontificio, a instancias del Papa Francisco, quien siempre lo inst\u00f3 a \u00abhacer m\u00e1s que hablar\u00bb.\u00a0Dilexi te\u00a0, dijo el cardenal, es un \u00absello\u00bb de lo que la Oficina de Limosner\u00eda Pontificia hace a diario: \u00ablos primeros auxilios del Papa Le\u00f3n\u00bb. El documento papal, enfatiz\u00f3 el cardenal, demuestra el compromiso de la Iglesia a lo largo de los siglos con los necesitados. Y hoy, este compromiso requiere una acci\u00f3n inmediata. Como la de Jes\u00fas, quien \u00absali\u00f3 temprano, busc\u00f3 a la gente, a los necesitados. Los san\u00f3 ese mismo d\u00eda y no envi\u00f3 a otros\u00bb.<\/p>\n<p>    <img decoding=\"async\" src=\"data:image\/gif;base64,R0lGODlhAQABAIAAAAAAAP\/\/\/yH5BAEAAAAALAAAAAABAAEAAAIBRAA7\" data-original=\"https:\/\/www.vaticannews.va\/content\/dam\/vaticannews\/multimedia\/2025\/ottobre\/09\/WhatsApp-Image-2025-10-09-at-15.05.47_rsz.jpg\/_jcr_content\/renditions\/cq5dam.thumbnail.cropped.750.422.jpeg\" alt=\"Cardenal Konrad Krajewski\" title=\"Cardenal Konrad Krajewski\"\/><\/p>\n<p>\n   Cardenal Konrad Krajewski\n  <\/p>\n<p>Krajewski record\u00f3 la \u00e9poca de la pandemia de Covid-19 que, en algunos barrios de Roma, provoc\u00f3 hambruna. Las personas sin tarjeta sanitaria no pod\u00edan acceder a las vacunas. \u00abVacunamos a 6.000 en el Aula Pablo VI\u00bb, declar\u00f3 el prefecto del Dicasterio para la Caridad. Tambi\u00e9n record\u00f3 a los casi 1.000 migrantes y refugiados que llegaban diariamente a la estaci\u00f3n Tiburtina, procedentes de Lampedusa. \u00abNo necesitaban s\u00e1ndwiches, sino tarjetas telef\u00f3nicas para avisar a sus familiares\u00bb. Luego lleg\u00f3 la guerra, que cambi\u00f3 las operaciones sobre el terreno: Krajewski elogi\u00f3 la generosidad de los italianos que enviaron unos 250 camiones desde Santa Sof\u00eda a Ucrania con alimentos, camisetas t\u00e9rmicas y generadores.<\/p>\n<p>El cardenal tambi\u00e9n comparti\u00f3 un recuerdo personal de cuando el Papa Francisco lo escuch\u00f3 desahogarse. Estaba cansado, le cont\u00e9 lo que ocurr\u00eda bajo la columnata: 200 personas duch\u00e1ndose cada d\u00eda, 6.000 al mes; la cl\u00ednica con unos 100 m\u00e9dicos y dos mil personas al mes que utilizaban sus servicios; medicinas gratuitas para distribuir. Francesco me respondi\u00f3 que lo estaba haciendo todo mal: \u00abAl vestir a los pobres, se viste a Cristo; al cortarles el pelo, se lo cortas a Cristo que viene bajo la columnata\u00bb. Para m\u00ed, fue una ducha fr\u00eda.<\/p>\n<p>     <a href=\"https:\/\/www.vaticannews.va\/es\/vaticano\/news\/2025-10\/editorial-dilexi-te-los-pobres-son-el-corazon-del-evangelio.html\" title=\"Si Pedro nos recuerda que los pobres son el coraz\u00f3n del Evangelio\" rel=\"nofollow noopener\" target=\"_blank\"><\/p>\n<p>        <img decoding=\"async\" src=\"data:image\/gif;base64,R0lGODlhAQABAIAAAAAAAP\/\/\/yH5BAEAAAAALAAAAAABAAEAAAIBRAA7\" data-original=\"https:\/\/www.vaticannews.va\/content\/dam\/vaticannews\/agenzie\/images\/ansa\/2025\/08\/17\/14\/1755432097605.jpg\/_jcr_content\/renditions\/cq5dam.thumbnail.cropped.500.281.jpeg\" alt=\"Si Pedro nos recuerda que los pobres son el coraz\u00f3n del Evangelio\"\/><\/p>\n<p>      <\/a><\/p>\n<p>\n      La exhortaci\u00f3n de Le\u00f3n XIV: un texto que propone los fundamentos de la Revelaci\u00f3n cristiana y de la tradici\u00f3n de la Iglesia\n     <\/p>\n<p>Los pobres, actores y no s\u00f3lo objetos de compasi\u00f3n <\/p>\n<p>En este sentido, Fray Fr\u00e9d\u00e9ric-Marie Le M\u00e9haut\u00e9, Provincial de los Frailes Menores de Francia\/B\u00e9lgica, enfatiz\u00f3 la necesidad de comprometernos con los pobres, de donar a los pobres, especialmente, mediante la limosna. Debemos ver a los m\u00e1s vulnerables como actores y no solo como objetos de nuestra compasi\u00f3n o de nuestras pol\u00edticas, afirm\u00f3 el franciscano, haci\u00e9ndose eco del llamado del Papa a un cambio de mentalidad: \u00abTodo pobre deber\u00eda poder escuchar estas palabras: &#8216;Te he amado&#8217;\u00bb.<\/p>\n<p>    <img decoding=\"async\" src=\"data:image\/gif;base64,R0lGODlhAQABAIAAAAAAAP\/\/\/yH5BAEAAAAALAAAAAABAAEAAAIBRAA7\" data-original=\"https:\/\/www.vaticannews.va\/content\/dam\/vaticannews\/multimedia\/2025\/ottobre\/09\/WhatsApp-Image-2025-10-09-at-15.05.49_rsz.jpg\/_jcr_content\/renditions\/cq5dam.thumbnail.cropped.750.422.jpeg\" alt=\" Hermano Fr\u00e9d\u00e9ric-Marie Le M\u00e9haut\u00e9\" title=\" Hermano Fr\u00e9d\u00e9ric-Marie Le M\u00e9haut\u00e9\"\/><\/p>\n<p>\n    Hermano Fr\u00e9d\u00e9ric-Marie Le M\u00e9haut\u00e9\n  <\/p>\n<p>Junto a las mujeres gitanas <\/p>\n<p>Se comparti\u00f3 el conmovedor testimonio de la Hermanita de Jes\u00fas Cl\u00e9mence, quien se bas\u00f3 en la experiencia de a\u00f1os compartidos junto a Lari, Pana, Ancuza, Luminiza y otras mujeres roman\u00edes en un terreno abandonado en el sur de Italia. La hermana Cl\u00e9mence comparti\u00f3 su emoci\u00f3n por el cuidado que estas mujeres mostraron, a pesar de la dificultad de ganarse la vida. Son un ejemplo de quienes son \u00abmaterialmente pobres, pero ricos en humanidad\u00bb. Muchas carecen de educaci\u00f3n, pero poseen \u00abesa sabidur\u00eda que se forma en la precariedad y que anima a compartir y a la solidaridad\u00bb, dijo la consagrada. Y el Papa, a\u00f1adi\u00f3, \u00abnos invita a reconocer la misteriosa sabidur\u00eda que Dios quiere compartir con nosotros a trav\u00e9s de ellas\u00bb, esa solidaridad que a menudo olvidamos \u00abporque nos preocupamos por preservar nuestras riquezas\u00bb.<\/p>\n<p>La Hermanita de Jes\u00fas, un carisma nacido de la experiencia de Charles de Foucauld entre los pobres, habl\u00f3 de \u00abun verdadero punto de inflexi\u00f3n en nuestras vidas personales cuando nos damos cuenta de que son los mismos pobres quienes nos evangelizan\u00bb. En este sentido, record\u00f3 junio de 2014, cuando un incendio accidental quem\u00f3 la mitad de los barracones del campamento. \u00abLo poco que ten\u00edamos nuestras familias qued\u00f3 destruido en cuesti\u00f3n de minutos\u00bb; no hab\u00eda techo, refugio, ropa ni espacio para cocinar. Todo tuvo que empezar de cero. \u00abY sin embargo, ese d\u00eda no escuch\u00e9 ninguna queja de los vecinos, solo una letan\u00eda de alabanzas: \u00abGracias a Dios que estamos vivos, ma\u00f1ana volveremos a empezar con la ayuda de Dios\u00bb. Fue a trav\u00e9s de ellos que descubr\u00ed la capacidad de centrarme en lo esencial, en el abandono confiado a la providencia\u00bb, dijo Cl\u00e9mence. \u00abEn esto, han sido y siguen siendo mis maestros espirituales\u00bb.<\/p>\n<p>    <img decoding=\"async\" src=\"data:image\/gif;base64,R0lGODlhAQABAIAAAAAAAP\/\/\/yH5BAEAAAAALAAAAAABAAEAAAIBRAA7\" data-original=\"https:\/\/www.vaticannews.va\/content\/dam\/vaticannews\/multimedia\/2025\/ottobre\/09\/WhatsApp-Image-2025-10-09-at-15.05.49-1_rsz.jpg\/_jcr_content\/renditions\/cq5dam.thumbnail.cropped.750.422.jpeg\" alt=\" Cl\u00e9mence, hermanita de Jes\u00fas\" title=\" Cl\u00e9mence, hermanita de Jes\u00fas\"\/><\/p>\n<p>\n    Cl\u00e9mence, hermanita de Jes\u00fas\n  <\/p>\n<p>\u00ab100% Francesco, 100% Leone\u00bb <\/p>\n<p>Se dedic\u00f3 tiempo suficiente a las preguntas de los periodistas, muchas de las cuales buscaban comprender el porcentaje de las contribuciones de Francisco y Le\u00f3n a la redacci\u00f3n de la exhortaci\u00f3n apost\u00f3lica. \u00abNo importa qui\u00e9n escribi\u00f3 qu\u00e9\u00bb, dijo Czerny. \u00abEste es el magisterio de la Iglesia. Es 100% de Francisco, 100% de Le\u00f3n\u00bb. Y respecto a las diferentes perspectivas de Le\u00f3n XIV y su predecesor al abordar el tema de la pobreza \u2014un enfoque m\u00e1s teol\u00f3gico para el primero, uno m\u00e1s sociopol\u00edtico para el segundo\u2014, el cardenal declar\u00f3: \u00abEl Papa Le\u00f3n explicita cosas que quiz\u00e1s el Papa Francisco no hizo expl\u00edcitas, y podr\u00edamos decir lo contrario. La riqueza y belleza de\u00a0Dilexi te\u00a0va acompa\u00f1ada de la riqueza y belleza de las cosas dichas por el papa Francisco. No podemos poner todo en la misma escala\u00bb.<\/p>\n<p>Las estructuras del pecado <\/p>\n<p>El cardenal jesuita profundiz\u00f3 en el concepto de \u00abestructura de pecado\u00bb que se repite en\u00a0Dilexi te\u00a0. El ejemplo es el narcotr\u00e1fico, \u00abapoyado por un sinf\u00edn de decisiones personales\u00bb, cada una \u00abun pecado en s\u00ed misma\u00bb que \u00abse consolida en algo terrible que se infiltra en la econom\u00eda, los gobiernos e incluso los medios de comunicaci\u00f3n&#8230;\u00bb. \u00abCorrupci\u00f3n, crimen, maldad\u00bb, todos ellos de enorme peso y capaces de controlar a los Estados, afirm\u00f3 el cardenal: \u00abEs algo que debe tomarse muy en serio\u00bb.<\/p>\n<p>Un documento para todos <\/p>\n<p>El cardenal tambi\u00e9n inst\u00f3 a no limitar el alcance de un documento como\u00a0el Dilexi te\u00a0a indicaciones dirigidas \u00fanicamente a una parte espec\u00edfica del mundo y a la Iglesia. Esto fue en respuesta a la pregunta de un periodista estadounidense sobre si la exhortaci\u00f3n era un mensaje para Estados Unidos, donde las fuerzas del orden est\u00e1n actualmente tomando medidas en\u00e9rgicas contra la inmigraci\u00f3n ilegal. \u00abEs como el Evangelio: nadie puede decir que fue dedicado a Inglaterra o Bolivia&#8230; Lo que pido es no pensar que estas ense\u00f1anzas est\u00e1n destinadas a un pueblo en particular. Somos cat\u00f3licos, somos inclusivos\u00bb.<\/p>\n<p>\u00abHay muchos aspectos de la vida en el mundo que no son correctos\u00bb, continu\u00f3 el jefe del Dicasterio. \u00abSi tenemos la oportunidad de decir algo, &#8216;el que tenga o\u00eddos para o\u00edr, que oiga&#8217;, como dice el Evangelio. Esto no significa tirar piedras a nadie, sino invitar a cada uno a asumir la responsabilidad de sus propias decisiones\u00bb. En el mismo sentido, el cardenal Czerny, presionado sobre las acusaciones de comunismo o marxismo contra Francisco y el riesgo de que le ocurra lo mismo a Le\u00f3n, resumi\u00f3: \u00abLas etiquetas son las mismas que las del Evangelio contra Jes\u00fas: definen a quienes m\u00e1s las usan. El problema no est\u00e1 en los Papas, sino en quienes los atacan\u00bb.<\/p>\n<p>    <img decoding=\"async\" src=\"data:image\/gif;base64,R0lGODlhAQABAIAAAAAAAP\/\/\/yH5BAEAAAAALAAAAAABAAEAAAIBRAA7\" data-original=\"https:\/\/www.vaticannews.va\/content\/dam\/vaticannews\/multimedia\/2025\/ottobre\/09\/WhatsApp-Image-2025-10-09-at-12.01.56_rsz.jpg\/_jcr_content\/renditions\/cq5dam.thumbnail.cropped.750.422.jpeg\" alt=\" Conferencia de presentaci\u00f3n de &quot;Dilexi te&quot; en la Sala de Prensa de la Sala de Prensa\" title=\" Conferencia de presentaci\u00f3n de &quot;Dilexi te&quot; en la Sala de Prensa de la Sala de Prensa\"\/><\/p>\n<p>\n    Conferencia de presentaci\u00f3n de \u00abDilexi te\u00bb en la Sala de Prensa de la Sala de Prensa\n  <\/p>\n<p>Caridad inmediata <\/p>\n<p>M\u00e1s recuerdos y an\u00e9cdotas sobre las respuestas del cardenal Krakewski a los medios, empezando por el almuerzo de, ayer, en el Vaticano con 16 personas pobres de las duchas bajo la columnata de San Pedro. \u00abEn la mesa, us\u00e1bamos manteles de la mejor calidad y cubiertos de verdad, no de plata. Al salir, uno de ellos me dijo: &#8216;\u00bfPor qu\u00e9 nos tratan as\u00ed? No somos nadie&#8217;. Le respond\u00ed: &#8216;Eso es lo que har\u00eda Jes\u00fas&#8217;. As\u00ed les devolvemos la dignidad. Vienen al Vaticano sin documentos, cargando con sus mochilas, que son su hogar. Les devolvemos la dignidad con nuestro trato\u00bb.<\/p>\n<p>El Limosnero ilustr\u00f3 a\u00fan m\u00e1s el mecanismo de caridad establecido por Francisco y continuado por Le\u00f3n XIV. \u00abHay fundaciones bien estructuradas que consumen el 70% de lo que recaudan y env\u00edan el resto a los pobres. No necesitamos esto; los recursos deber\u00edan servir a los pobres. Enviamos mucho dinero a todo el mundo para ayudar a las comunidades vulnerables. Si hay una necesidad, respondemos al d\u00eda siguiente; en las instalaciones, tardamos tres meses\u00bb.<\/p>\n<p>Al respecto, el cardenal record\u00f3 el d\u00eda en que las fuertes lluvias dejaron a muchas personas sin hogar en el barrio romano de Primavalle: \u00abEra s\u00e1bado, el Papa Francisco me llam\u00f3 y me dijo: &#8216;Ve all\u00ed, lleva el dinero, paga los hoteles de los que est\u00e1n fuera&#8217;. &#8216;Santidad, es s\u00e1bado, los bancos est\u00e1n cerrados&#8217;. &#8216;Entonces, no eres limosnero&#8217;. A partir de ese momento, parte del dinero siempre est\u00e1 en la Oficina de Limosneros&#8230; Para medicamentos, pagamos unos 20.000 al mes a la Farmacia Vaticana. La gente recibe medicamentos gratis. Francisco me dijo una vez: &#8216;\u00bfTan poco?&#8217; Y el Pont\u00edfice argentino le dijo una vez a Krajewski: \u00abSi no les das el dinero a los pobres, ir\u00e1s al infierno\u00bb. \u00abAs\u00ed que\u00bb, brome\u00f3 el limosnero, \u00abpuedes estar seguro de que no lo quiero\u00bb.<\/p>\n<p>Llamamiento a los religiosos <\/p>\n<p>Una caridad concreta e inmediata, por lo tanto, que es tambi\u00e9n un medio para dar testimonio del Evangelio, como afirma el\u00a0Dilexi te\u00a0. Un documento que, como comentaron el hermano Federico y la Hermana Menor de Jes\u00fas Cl\u00e9mence, es un mensaje para la vida religiosa. \u00abEl documento nos desaf\u00eda como religiosos a repensar el voto de pobreza\u00bb, dijo el religioso, recordando la bofetada que recibi\u00f3 \u2014\u00e9l, un joven novicio, \u00abreci\u00e9n salido de la formaci\u00f3n\u00bb\u2014 de un hombre pobre al que le estaba enumerando sus votos, incluido el de pobreza. \u00abMe dijo: &#8216;No me hables de pobreza, s\u00e9 lo que es&#8217;\u00bb. \u00abEl Santo Padre nos exhorta a todos, nos inspira, nos desaf\u00eda\u00bb, repiti\u00f3 la hermana Cl\u00e9mence. Es un \u00abllamado\u00bb a la vida religiosa a \u00abreconsiderar nuestra forma de vida. Esta actitud de no solo hacer por los dem\u00e1s, sino de vivir con ellos para ver el mundo desde otra perspectiva\u00bb. Es decir, a \u00abcomprender el mundo a trav\u00e9s de nuestros hermanos y hermanas m\u00e1s peque\u00f1os\u00bb.<\/p>\n","protected":false},"excerpt":{"rendered":"La rueda de prensa para presentar la exhortaci\u00f3n apost\u00f3lica del Papa Le\u00f3n XIV con los cardenales Czerny y&hellip;\n","protected":false},"author":2,"featured_media":167638,"comment_status":"","ping_status":"","sticky":false,"template":"","format":"standard","meta":{"footnotes":""},"categories":[42],"tags":[17,18,48763,46754,13,14,11,401,61,62,63,64,49066,19,20,49065,9,10,15,16,399,400,8375,14100,12,21,22,65,66,67],"class_list":{"0":"post-167637","1":"post","2":"type-post","3":"status-publish","4":"format-standard","5":"has-post-thumbnail","7":"category-internacional","8":"tag-breaking-news","9":"tag-breakingnews","10":"tag-dilexi-te","11":"tag-exhortacion-apostolica","12":"tag-featured-news","13":"tag-featurednews","14":"tag-headlines","15":"tag-iglesia-catolica","16":"tag-internacional","17":"tag-international","18":"tag-international-news","19":"tag-internationalnews","20":"tag-konrad-krajewski","21":"tag-latest-news","22":"tag-latestnews","23":"tag-magisterio-pontificio","24":"tag-news","25":"tag-noticias","26":"tag-noticias-destacadas","27":"tag-noticiasdestacadas","28":"tag-papa-francisco","29":"tag-papa-leon-xiv","30":"tag-pobreza","31":"tag-solidaridad","32":"tag-titulares","33":"tag-ultimas-noticias","34":"tag-ultimasnoticias","35":"tag-world","36":"tag-world-news","37":"tag-worldnews"},"share_on_mastodon":{"url":"","error":""},"_links":{"self":[{"href":"https:\/\/www.europesays.com\/es\/wp-json\/wp\/v2\/posts\/167637","targetHints":{"allow":["GET"]}}],"collection":[{"href":"https:\/\/www.europesays.com\/es\/wp-json\/wp\/v2\/posts"}],"about":[{"href":"https:\/\/www.europesays.com\/es\/wp-json\/wp\/v2\/types\/post"}],"author":[{"embeddable":true,"href":"https:\/\/www.europesays.com\/es\/wp-json\/wp\/v2\/users\/2"}],"replies":[{"embeddable":true,"href":"https:\/\/www.europesays.com\/es\/wp-json\/wp\/v2\/comments?post=167637"}],"version-history":[{"count":0,"href":"https:\/\/www.europesays.com\/es\/wp-json\/wp\/v2\/posts\/167637\/revisions"}],"wp:featuredmedia":[{"embeddable":true,"href":"https:\/\/www.europesays.com\/es\/wp-json\/wp\/v2\/media\/167638"}],"wp:attachment":[{"href":"https:\/\/www.europesays.com\/es\/wp-json\/wp\/v2\/media?parent=167637"}],"wp:term":[{"taxonomy":"category","embeddable":true,"href":"https:\/\/www.europesays.com\/es\/wp-json\/wp\/v2\/categories?post=167637"},{"taxonomy":"post_tag","embeddable":true,"href":"https:\/\/www.europesays.com\/es\/wp-json\/wp\/v2\/tags?post=167637"}],"curies":[{"name":"wp","href":"https:\/\/api.w.org\/{rel}","templated":true}]}}