{"id":167732,"date":"2025-10-10T15:19:08","date_gmt":"2025-10-10T15:19:08","guid":{"rendered":"https:\/\/www.europesays.com\/es\/167732\/"},"modified":"2025-10-10T15:19:08","modified_gmt":"2025-10-10T15:19:08","slug":"elia-viviani-anuncia-su-retirada-del-ciclismo-profesional-con-dos-ultimas-carreras-de-despedida","status":"publish","type":"post","link":"https:\/\/www.europesays.com\/es\/167732\/","title":{"rendered":"Elia Viviani anuncia su retirada del ciclismo profesional con dos \u00faltimas carreras de despedida"},"content":{"rendered":"<p>&#13;<br \/>\n&#13;<\/p>\n<p><img loading=\"lazy\" decoding=\"async\" src=\"https:\/\/www.europesays.com\/es\/wp-content\/uploads\/2025\/10\/elia-viviani-anuncio-retirada-2025-lotto-press.jpg\" width=\"556\" height=\"418\" class=\"setborder\" alt=\"Elia Viviani anuncia su retirada del ciclismo profesional con dos \u00faltimas carreras de despedida\" title=\"Elia Viviani anuncia su retirada del ciclismo profesional con dos \u00faltimas carreras de despedida\"\/><br \/>\n&#13;<br \/>\n&#13;<br \/>\n&#13;<br \/>\n<a href=\"https:\/\/www.esciclismo.com\/actualidad\/esciclismo\/\" rel=\"nofollow noopener\" target=\"_blank\">EsCiclismo.com<\/a> \u00b7 <a href=\"https:\/\/www.esciclismo.com\/actualidad\/carretera\/\" rel=\"nofollow noopener\" target=\"_blank\">Competici\u00f3n Carretera<\/a>  \u00b7 10\/10\/2025<\/p>\n<p>El ciclista italiano Elia Viviani ha anunciado que pondr\u00e1 fin a su carrera profesional este mes de octubre, tras disputar dos pruebas que simbolizan a la perfecci\u00f3n su trayectoria entre la carretera y la pista. El adi\u00f3s definitivo llegar\u00e1 con dos \u00faltimas competiciones: el Giro del Veneto (15 de octubre) y el Campeonato del Mundo de Ciclismo en Pista en Santiago de Chile (22-26 de octubre), donde intentar\u00e1 cerrar su brillante palmar\u00e9s con una \u00faltima gran actuaci\u00f3n.<\/p>\n<p>&#13;<br \/>\nUna carrera marcada por el \u00e9xito en carretera y pista&#13;<\/p>\n<p>Nacido en 1989 en la regi\u00f3n del V\u00e9neto, Viviani ha sido uno de los grandes nombres del ciclismo italiano contempor\u00e1neo, acumulando 90 victorias en carretera y un impresionante palmar\u00e9s en la pista.<\/p>\n<p>&#13;<\/p>\n<p><b id=\"P2\"\/>Entre sus logros m\u00e1s destacados figuran cinco triunfos de etapa en el <a href=\"https:\/\/www.esciclismo.com\/especiales\/giro-italia\/\" rel=\"nofollow noopener\" target=\"_blank\">Giro de Italia<\/a>, tres en la <a href=\"https:\/\/www.esciclismo.com\/especiales\/vuelta-espana\/\" rel=\"nofollow noopener\" target=\"_blank\">Vuelta a Espa\u00f1a<\/a> y uno en el <a href=\"https:\/\/www.esciclismo.com\/especiales\/tour-francia\/\" rel=\"nofollow noopener\" target=\"_blank\">Tour de Francia<\/a>, victorias que le sit\u00faan entre los velocistas m\u00e1s destacados de su generaci\u00f3n.<\/p>\n<p>&#13;<\/p>\n<p>En el ciclismo en pista, su carrera ha sido igualmente brillante, con tres medallas ol\u00edmpicas: el oro en \u00f3mnium en R\u00edo 2016, el bronce en la misma disciplina en Tokio 2021 y la plata en madison junto a Simone Consonni en los Juegos Ol\u00edmpicos de Par\u00eds 2024. Adem\u00e1s, ha subido al podio en ocho ocasiones en Mundiales y ha logrado m\u00e1s de diez t\u00edtulos europeos.<\/p>\n<p>&#13;<\/p>\n<p><b id=\"P3\"\/>Viviani tambi\u00e9n tuvo el honor de ser abanderado del equipo italiano en los Juegos Ol\u00edmpicos de Tokio 2020, compartiendo ese papel con la tiradora Jessica Rossi, un reconocimiento a su importancia dentro del deporte nacional.<\/p>\n<p>&#13;<br \/>\nUn adi\u00f3s sereno y decidido&#13;<\/p>\n<p><b id=\"P4\"\/>En una nota difundida este viernes, Viviani ha explicado que esta \u00faltima temporada la afront\u00f3 con la intenci\u00f3n de cerrar su trayectoria en sus propios t\u00e9rminos. \u00abQuer\u00eda ser yo quien decidiera cu\u00e1ndo parar\u00bb, ha declarado, se\u00f1alando que la fusi\u00f3n de su actual equipo, el Lotto Dstny, ha sido el detonante para tomar esta decisi\u00f3n.<\/p>\n<p>&#13;<\/p>\n<p>Aunque asegura sentirse todav\u00eda competitivo, reconoce que ha llegado el momento de dejar paso a una nueva etapa. \u00abCuando necesitas que todo sea perfecto solo para estar al nivel, es se\u00f1al de que ha llegado la hora\u00bb, ha comentado.<\/p>\n<p>&#13;<\/p>\n<p><b id=\"P5\"\/>Elia Viviani cerrar\u00e1 su carrera con una simb\u00f3lica despedida en casa. El Giro del Veneto, con final en Verona, ser\u00e1 su \u00faltima carrera en carretera. Una manera emotiva de poner fin a una trayectoria que comenz\u00f3 cuando era solo un ni\u00f1o de ocho a\u00f1os recorriendo en bicicleta las carreteras de su regi\u00f3n natal.<\/p>\n<p>&#13;<br \/>\n\u00daltimo objetivo: el Mundial de pista en Santiago de Chile&#13;<\/p>\n<p>Su \u00faltima participaci\u00f3n oficial ser\u00e1 en el vel\u00f3dromo, en el Mundial de ciclismo en pista que se celebrar\u00e1 en Santiago de Chile del 22 al 26 de octubre. All\u00ed podr\u00eda intentar una \u00faltima gesta, con el sue\u00f1o del maillot arco\u00edris como broche de oro a su legado.<\/p>\n<p>&#13;<\/p>\n<p>Viviani se despide con la misma elegancia y humildad que le han acompa\u00f1ado durante toda su carrera: \u00abEstoy incre\u00edblemente feliz con lo que he conseguido. El ciclismo me ha ense\u00f1ado a vivir\u00bb.<\/p>\n<p>&#13;<br \/>\n&#13;<br \/>\n&#13;<br \/>\nEsCiclismo &#8211; Todos los derechos reservados. Est\u00e1 prohibido todo tipo de reproducci\u00f3n sin autorizaci\u00f3n expresa escrita.<br \/>&#13;<br \/>\n&#13;<\/p>\n","protected":false},"excerpt":{"rendered":"&#13; &#13; &#13; &#13; &#13; EsCiclismo.com \u00b7 Competici\u00f3n Carretera \u00b7 10\/10\/2025 El ciclista italiano Elia Viviani ha anunciado&hellip;\n","protected":false},"author":2,"featured_media":167733,"comment_status":"","ping_status":"","sticky":false,"template":"","format":"standard","meta":{"footnotes":""},"categories":[273],"tags":[17207,4860,313,1757,312,168,7989,1563,158,49073,25,24,772,2872,1970,9072,10914,2032,677,49075,23,167,49074],"class_list":{"0":"post-167732","1":"post","2":"type-post","3":"status-publish","4":"format-standard","5":"has-post-thumbnail","7":"category-ciclismo","8":"tag-anunciado","9":"tag-carrera","10":"tag-ciclismo","11":"tag-ciclista","12":"tag-cycling","13":"tag-deportes","14":"tag-disputar","15":"tag-dos","16":"tag-el","17":"tag-elia","18":"tag-es","19":"tag-espana","20":"tag-fin","21":"tag-italiano","22":"tag-mes","23":"tag-octubre","24":"tag-pondra","25":"tag-profesional","26":"tag-pruebas","27":"tag-simbolizan","28":"tag-spain","29":"tag-sports","30":"tag-viviani"},"share_on_mastodon":{"url":"","error":""},"_links":{"self":[{"href":"https:\/\/www.europesays.com\/es\/wp-json\/wp\/v2\/posts\/167732","targetHints":{"allow":["GET"]}}],"collection":[{"href":"https:\/\/www.europesays.com\/es\/wp-json\/wp\/v2\/posts"}],"about":[{"href":"https:\/\/www.europesays.com\/es\/wp-json\/wp\/v2\/types\/post"}],"author":[{"embeddable":true,"href":"https:\/\/www.europesays.com\/es\/wp-json\/wp\/v2\/users\/2"}],"replies":[{"embeddable":true,"href":"https:\/\/www.europesays.com\/es\/wp-json\/wp\/v2\/comments?post=167732"}],"version-history":[{"count":0,"href":"https:\/\/www.europesays.com\/es\/wp-json\/wp\/v2\/posts\/167732\/revisions"}],"wp:featuredmedia":[{"embeddable":true,"href":"https:\/\/www.europesays.com\/es\/wp-json\/wp\/v2\/media\/167733"}],"wp:attachment":[{"href":"https:\/\/www.europesays.com\/es\/wp-json\/wp\/v2\/media?parent=167732"}],"wp:term":[{"taxonomy":"category","embeddable":true,"href":"https:\/\/www.europesays.com\/es\/wp-json\/wp\/v2\/categories?post=167732"},{"taxonomy":"post_tag","embeddable":true,"href":"https:\/\/www.europesays.com\/es\/wp-json\/wp\/v2\/tags?post=167732"}],"curies":[{"name":"wp","href":"https:\/\/api.w.org\/{rel}","templated":true}]}}