{"id":167747,"date":"2025-10-10T15:27:10","date_gmt":"2025-10-10T15:27:10","guid":{"rendered":"https:\/\/www.europesays.com\/es\/167747\/"},"modified":"2025-10-10T15:27:10","modified_gmt":"2025-10-10T15:27:10","slug":"radio-daimiel-renueva-su-programacion","status":"publish","type":"post","link":"https:\/\/www.europesays.com\/es\/167747\/","title":{"rendered":"Radio Daimiel renueva su programaci\u00f3n"},"content":{"rendered":"<p>A partir de las 12:00 horas llega \u2018Aqu\u00ed y Ahora\u2019, el magazine presentado por Marga Vel\u00e1zquez y Hern\u00e1n Valiente. El espacio est\u00e1 pensado para dar cabida a la actualidad, pero sobre todo a ganar contacto con el oyente, no solo desde el Estudio si no a pie de calle.<\/p>\n<p>\u201cEl objetivo es ganar en cercan\u00eda\u201d, explica su directora, Marga Vel\u00e1zquez, quien considera relevante escalar en inter\u00e9s y utilidad para los oyentes, desde el entretenimiento, pero sin perder de vista cuestiones b\u00e1sicas que interesan a todos, dentro del propio contexto de la vida cotidiana personal, profesional e institucional.<\/p>\n<p>\u201cTambi\u00e9n llegaremos con m\u00e1s directos\u201d al oyente en aquellas efem\u00e9rides, convocatorias y situaciones que lo permitan.\u00a0<\/p>\n<p>El buque\u00a0insignia de Radio Daimiel, sus informativos, mantienen sus rasgos principales con \u2018Daimiel Noticias\u2019 a las 13:30 horas en directo con Isidro L\u00f3pez de Toro y V\u00edctor Fern\u00e1ndez.\u00a0<\/p>\n<p>  <img loading=\"lazy\" decoding=\"async\" src=\"https:\/\/www.europesays.com\/es\/wp-content\/uploads\/2025\/10\/programacion_radio_2.jpg\" width=\"800\" height=\"450\" alt=\"Equipo de Radio Daimiel\" typeof=\"foaf:Image\" class=\"img-fluid\"\/><br \/>\nEquipo de Radio Daimiel<\/p>\n<p>Los martes y los jueves a la 14:00 horas, regresa \u2018Mucho + Deporte\u2019, el programa deportivo presentado por Lourdes Espinosa, quien sustituye a Juan Carlos S\u00e1nchez a los mandos del veterano programa.\u00a0<\/p>\n<p>Para los que no lleguen al mediod\u00eda, Daimiel Noticias se volver\u00e1 a emitir a las 20:00 horas y \u2018Mucho + Deporte\u2019 har\u00e1 lo propio martes y jueves a las 20:30 horas.<\/p>\n<p>Los fines de semana se enriquecen con espacios de reflexi\u00f3n como \u2018Tiempo para Pensar\u2019, junto a \u2018S\u00e1bado Activo\u2019 y \u2018El Escondite del Rock\u2019.\u00a0<\/p>\n<p>Con esta apuesta, la emisora municipal no solo <a href=\"https:\/\/www.daimiel.es\/es\/radio-daimiel\" rel=\"nofollow noopener\" target=\"_blank\">actualiza su programaci\u00f3n<\/a>, sino que tambi\u00e9n refuerza su v\u00ednculo con la comunidad, ofreciendo una ventana sonora a la vida, a la sociedad daimiele\u00f1a y a la actualidad de Daimiel dentro de un comienzo de temporada que pretende seguir creciendo con m\u00e1s contenidos en los pr\u00f3ximos meses.<\/p>\n","protected":false},"excerpt":{"rendered":"A partir de las 12:00 horas llega \u2018Aqu\u00ed y Ahora\u2019, el magazine presentado por Marga Vel\u00e1zquez y Hern\u00e1n&hellip;\n","protected":false},"author":2,"featured_media":167748,"comment_status":"","ping_status":"","sticky":false,"template":"","format":"standard","meta":{"footnotes":""},"categories":[170],"tags":[3010,146,147,25,24,184,185,49079,49078,23],"class_list":{"0":"post-167747","1":"post","2":"type-post","3":"status-publish","4":"format-standard","5":"has-post-thumbnail","7":"category-musica","8":"tag-daimiel","9":"tag-entertainment","10":"tag-entretenimiento","11":"tag-es","12":"tag-espana","13":"tag-music","14":"tag-musica","15":"tag-nueva-programacion","16":"tag-radio-daimiel","17":"tag-spain"},"share_on_mastodon":{"url":"","error":""},"_links":{"self":[{"href":"https:\/\/www.europesays.com\/es\/wp-json\/wp\/v2\/posts\/167747","targetHints":{"allow":["GET"]}}],"collection":[{"href":"https:\/\/www.europesays.com\/es\/wp-json\/wp\/v2\/posts"}],"about":[{"href":"https:\/\/www.europesays.com\/es\/wp-json\/wp\/v2\/types\/post"}],"author":[{"embeddable":true,"href":"https:\/\/www.europesays.com\/es\/wp-json\/wp\/v2\/users\/2"}],"replies":[{"embeddable":true,"href":"https:\/\/www.europesays.com\/es\/wp-json\/wp\/v2\/comments?post=167747"}],"version-history":[{"count":0,"href":"https:\/\/www.europesays.com\/es\/wp-json\/wp\/v2\/posts\/167747\/revisions"}],"wp:featuredmedia":[{"embeddable":true,"href":"https:\/\/www.europesays.com\/es\/wp-json\/wp\/v2\/media\/167748"}],"wp:attachment":[{"href":"https:\/\/www.europesays.com\/es\/wp-json\/wp\/v2\/media?parent=167747"}],"wp:term":[{"taxonomy":"category","embeddable":true,"href":"https:\/\/www.europesays.com\/es\/wp-json\/wp\/v2\/categories?post=167747"},{"taxonomy":"post_tag","embeddable":true,"href":"https:\/\/www.europesays.com\/es\/wp-json\/wp\/v2\/tags?post=167747"}],"curies":[{"name":"wp","href":"https:\/\/api.w.org\/{rel}","templated":true}]}}