{"id":167755,"date":"2025-10-10T15:31:08","date_gmt":"2025-10-10T15:31:08","guid":{"rendered":"https:\/\/www.europesays.com\/es\/167755\/"},"modified":"2025-10-10T15:31:08","modified_gmt":"2025-10-10T15:31:08","slug":"en-la-costa-brava-con-ropa-comoda-todos-los-detalles-de-la-boda-de-susanna-griso-y-luis-enriquez-el-mundo","status":"publish","type":"post","link":"https:\/\/www.europesays.com\/es\/167755\/","title":{"rendered":"En la Costa Brava, con ropa c\u00f3moda&#8230; Todos los detalles de la boda de Susanna Griso y Luis Enr\u00edquez &#8211; El Mundo"},"content":{"rendered":"<ol>\n<li><a href=\"https:\/\/news.google.com\/rss\/articles\/CBMigAFBVV95cUxNTW9yaFZBZWhLYkppZlB2Y3U1ZnMybDFrdV8zTS1sRDZoQ3QxeGJ1SUM5aWZES1p4c3dReDZ0dnhmSW01T2owSEFoRnZZanoxN2dENW5QdFBxRVlGYkQ0Q3hwRF9WUFJfOUtGaEpBWE04Mjhpb09xRDVXUTN6b2RjNdIBgAFBVV95cUxQQzhTVjNmWm5ndGNGWC1zbGFwT2lkN2wxVUEyWTJWbHNzcm51VmVaTlg3dWV6UXlKZ18wTGJIRTY2TWU0N2U1czdPRUo5akdhVFZWTnNCeG80ZDZqdkhaY0xjSTg5MWkxU2V5RUk1TDNsanpTZUUwcUszM2VpaXNWYQ?oc=5\" target=\"_blank\" rel=\"nofollow noopener\">En la Costa Brava, con ropa c\u00f3moda&#8230; Todos los detalles de la boda de Susanna Griso y Luis Enr\u00edquez<\/a>&nbsp;&nbsp;El Mundo<\/li>\n<li><a href=\"https:\/\/news.google.com\/rss\/articles\/CBMihAJBVV95cUxNLXFROTFxSDVfZkZMbW9DZHpzcVNaeUVaODM0cnFXLTNRcTNldVhaaDdZc0VfWW9hMGoyUGF6STB5R2RnTTZDSlpGZVVfc08xX21CY3pvVWhOWVZOaG5Bd2hBdHVOdjBfVTdPVm9fUnVBXzRrcnlGampfVVBhNnk0bTlkek9NMUZEZnhNanRaQnVEVERBTlA1QUtvX0x3ekpNUmR0YlZjV1BNemFKc1VJbzlJc1IybWhCdF93YmF2bE12ei1ROVdvVXdlOWt4bjM2WXI2ZFZsNXVzanJHYXFnR093UGh3YzBlUm5qWXhteDVlS1dfSFFoVXFfVDczOHRiRkxkOQ?oc=5\" target=\"_blank\" rel=\"nofollow noopener\">Susanna Griso anuncia su boda con Luis Enr\u00edquez siete meses despu\u00e9s de oficializar su relaci\u00f3n: \u201cLevanto la taza y ah\u00ed estaba el anillo\u201d<\/a>&nbsp;&nbsp;EL PA\u00cdS<\/li>\n<li><a href=\"https:\/\/news.google.com\/rss\/articles\/CBMimgFBVV95cUxPaUZJdkVreld1ZlViYkVGelM0RlI1Z3NCdjRfNUFQMFRMTjhfcXhKbkVHbGp1VlJtaWk5bjZqUUtIc2RmQ2ZDbzZTM1d0eFJieVg5b0JwRXdQZTg5eWhtWC03RmVhNjMzSkNxX1ZSaGtZYXE4bGRfY2hxOTNFV25xRnlaU2M3NFNNNnZ6UWJEcThGSnNtVGZSRXR3?oc=5\" target=\"_blank\" rel=\"nofollow noopener\">De la pedida de mano a las 5 de la ma\u00f1ana a la etiqueta para la boda: Susanna Griso da todos los detalles sobre su compromiso<\/a>&nbsp;&nbsp;ABC<\/li>\n<li><a href=\"https:\/\/news.google.com\/rss\/articles\/CBMilwFBVV95cUxPSEVmcjRmU3M4LUZhNDFuakRJd2lpVGMtY2tlTUQzcUhCaDA3Zk9zUEl2QU94SEhLX0I1OVdVNlk2QmVvMUo5Vm1JRVYxdnNFVm13aFlYSHNWOF9zY3lqTW1QRk9TcHBmN1RUQ2QyeFBsODRSLWQ1WlVCbmJGeHIyY25tWlRCbFhBR3dkV2tjTExiQ0QycXhn?oc=5\" target=\"_blank\" rel=\"nofollow noopener\">El comentario de Maril\u00f3 Montero que hizo tambalear el secreto mejor guardado de Susanna Griso<\/a>&nbsp;&nbsp;HOLA<\/li>\n<li><a href=\"https:\/\/news.google.com\/rss\/articles\/CBMimAFBVV95cUxQNThKQk1kZXdRZUN1UmhjNjJ6YUw2YVhsVUxsMHMtdzhvVEdZcER0Qk1wc3ZzX1FaQXA4RmkyZGFxM2piVTFjVkFaSzlyTjFZNmhSZk16MDdaV0dNeVJBaDlXb3pEeHV2WVBXblI2TTRuOHphUG9OWGgwM0FnMl9DQkVsWUZWWTAxWEI3TnlNeEZpbFl3YlpONg?oc=5\" target=\"_blank\" rel=\"nofollow noopener\">Susanna Griso se casa con Luis Enr\u00edquez tras 6 meses de relaci\u00f3n<\/a>&nbsp;&nbsp;Semana<\/li>\n<\/ol>\n","protected":false},"excerpt":{"rendered":"En la Costa Brava, con ropa c\u00f3moda&#8230; Todos los detalles de la boda de Susanna Griso y Luis&hellip;\n","protected":false},"author":2,"featured_media":167756,"comment_status":"","ping_status":"","sticky":false,"template":"","format":"standard","meta":{"footnotes":""},"categories":[91],"tags":[146,147,25,24,721,720,23,30447],"class_list":{"0":"post-167755","1":"post","2":"type-post","3":"status-publish","4":"format-standard","5":"has-post-thumbnail","7":"category-entretenimiento","8":"tag-entertainment","9":"tag-entretenimiento","10":"tag-es","11":"tag-espana","12":"tag-loc","13":"tag-loc-famosos","14":"tag-spain","15":"tag-susanna-griso"},"share_on_mastodon":{"url":"","error":""},"_links":{"self":[{"href":"https:\/\/www.europesays.com\/es\/wp-json\/wp\/v2\/posts\/167755","targetHints":{"allow":["GET"]}}],"collection":[{"href":"https:\/\/www.europesays.com\/es\/wp-json\/wp\/v2\/posts"}],"about":[{"href":"https:\/\/www.europesays.com\/es\/wp-json\/wp\/v2\/types\/post"}],"author":[{"embeddable":true,"href":"https:\/\/www.europesays.com\/es\/wp-json\/wp\/v2\/users\/2"}],"replies":[{"embeddable":true,"href":"https:\/\/www.europesays.com\/es\/wp-json\/wp\/v2\/comments?post=167755"}],"version-history":[{"count":0,"href":"https:\/\/www.europesays.com\/es\/wp-json\/wp\/v2\/posts\/167755\/revisions"}],"wp:featuredmedia":[{"embeddable":true,"href":"https:\/\/www.europesays.com\/es\/wp-json\/wp\/v2\/media\/167756"}],"wp:attachment":[{"href":"https:\/\/www.europesays.com\/es\/wp-json\/wp\/v2\/media?parent=167755"}],"wp:term":[{"taxonomy":"category","embeddable":true,"href":"https:\/\/www.europesays.com\/es\/wp-json\/wp\/v2\/categories?post=167755"},{"taxonomy":"post_tag","embeddable":true,"href":"https:\/\/www.europesays.com\/es\/wp-json\/wp\/v2\/tags?post=167755"}],"curies":[{"name":"wp","href":"https:\/\/api.w.org\/{rel}","templated":true}]}}