{"id":167767,"date":"2025-10-10T15:39:16","date_gmt":"2025-10-10T15:39:16","guid":{"rendered":"https:\/\/www.europesays.com\/es\/167767\/"},"modified":"2025-10-10T15:39:16","modified_gmt":"2025-10-10T15:39:16","slug":"que-sabemos-del-evento-de-ufc-que-sucedera-en-la-casa-blanca","status":"publish","type":"post","link":"https:\/\/www.europesays.com\/es\/167767\/","title":{"rendered":"\u00bfQu\u00e9 sabemos del evento de UFC que suceder\u00e1 en la Casa Blanca?"},"content":{"rendered":"<p>El mandato de Donald Trump puede ser uno de los m\u00e1s surreales y rid\u00edculos que Estados Unidos haya visto en su historia. Adem\u00e1s de deportar migrantes sin raz\u00f3n, <a href=\"https:\/\/es.hollywoodreporter.com\/que-se-pudra-en-sus-malos-indices-de-audiencia-donald-trump-reacciona-al-regreso-de-jimmy-kimmel\/\" rel=\"nofollow noopener\" target=\"_blank\">pelearse con todos los comediantes de la televisi\u00f3n<\/a> e intentar <a href=\"https:\/\/es.hollywoodreporter.com\/donald-trump-amenaza-con-imponer-aranceles-de-100-a-peliculas-extranjeras\/\" rel=\"nofollow noopener\" target=\"_blank\">imponer aranceles<\/a> a diestra y siniestra, el presidente estadounidense traer\u00e1 a la UFC a la Casa Blanca.\u00a0<\/p>\n<p>No es raro que el recinto m\u00e1s importante para el gobierno estadounidense reciba a deportistas. Los campeones de las ligas nacionales suelen visitar la Casa Blanca para tener un encuentro con el presidente. Sin embargo, el lugar nunca hab\u00eda sido sede de un evento deportivo, mucho menos de uno de artes marciales mixtas. Para todo hay una primera vez, y la UFC llegar\u00e1 a la residencia presidencial muy pronto.\u00a0<\/p>\n<p>La primera vez que Donald Trump habl\u00f3 del tema fue en un rally en Des Moines, Iowa a inicios de julio. \u201cTendremos una pelea de UFC en el patio de la Casa Blanca. Tenemos mucho espacio all\u00ed\u201d, mencion\u00f3. El mandatario revel\u00f3 que planeaba realizar un evento completo al que puedan asistir unas 25.000 personas. Adem\u00e1s, dijo que intentar\u00eda que fuera una pelea de campeonato.\u00a0<\/p>\n<p>Muchos pensaban que se trataba de una mera broma de parte de Trump o tal vez de alg\u00fan delirio que en su cabeza ten\u00eda sentido, pero realmente se est\u00e1 planeando. Dana White, director de la UFC, ya confirm\u00f3 que las intenciones del presidente son reales y que la promotora est\u00e1 m\u00e1s que dispuesta a colaborar. \u201cTuvimos una reuni\u00f3n en la Casa Blanca\u201d, revel\u00f3. \u201cNo pudo haber salido mejor. La pelea en la Casa Blanca es una realidad\u201d, a\u00f1adi\u00f3.\u00a0<\/p>\n<p><img fetchpriority=\"high\" data-recalc-dims=\"1\" decoding=\"async\" width=\"800\" height=\"534\" src=\"https:\/\/www.europesays.com\/es\/wp-content\/uploads\/2025\/10\/Que-sabemos-del-evento-de-UFC-que-sucedera-en-la-Casa-Blanca-1.jpg\" alt=\"\" class=\"wp-image-7808\"  \/>Jeff Bottari\/Getty Images<\/p>\n<p>Te puede interesar: <a href=\"https:\/\/es.hollywoodreporter.com\/diego-luna-alza-la-voz-contra-la-politica-migratoria-de-trump\/\" rel=\"nofollow noopener\" target=\"_blank\">Diego Luna alza la voz contra la pol\u00edtica migratoria de Trump<\/a><\/p>\n<p>Originalmente, el motivo detr\u00e1s del evento era la celebraci\u00f3n de los 250 a\u00f1os de la Declaraci\u00f3n de Independencia de Estados Unidos, por lo cual se llevar\u00eda a cabo el 4 de julio del pr\u00f3ximo a\u00f1o. Sin embargo, con el paso del tiempo los planes cambiaron y ahora se espera que el espect\u00e1culo se realice durante el pr\u00f3ximo cumplea\u00f1os del presidente. Hasta el momento, no se ha revelado por qu\u00e9 se tom\u00f3 esta decisi\u00f3n.\u00a0<\/p>\n<p>Hay muchos detalles alrededor de la visita de la UFC a la Casa Blanca que permanecen en secreto. Dentro de lo poco que se ha confirmado es la participaci\u00f3n de Conor McGregor, uno de los peleadores m\u00e1s famosos y redituables que la promotora haya visto, aunque no se tiene certeza de si solamente har\u00e1 una aparici\u00f3n especial o si subir\u00e1 una vez m\u00e1s al oct\u00e1gono para pelear.\u00a0<\/p>\n<p>La relaci\u00f3n entre la UFC y Donald Trump no es algo nuevo. En varias entrevistas, Dana White ha revelado lo importante que fue el apoyo del actual presidente de Estados Unidos para que la promotora se convirtiera en la potencia de los deportes de combate que es hoy en d\u00eda. Adem\u00e1s, Trump tiene una estrecha relaci\u00f3n con TKO Group Holdings, la empresa detr\u00e1s de la UFC y que tambi\u00e9n controla la WWE.\u00a0<\/p>\n","protected":false},"excerpt":{"rendered":"El mandato de Donald Trump puede ser uno de los m\u00e1s surreales y rid\u00edculos que Estados Unidos haya&hellip;\n","protected":false},"author":2,"featured_media":167768,"comment_status":"","ping_status":"","sticky":false,"template":"","format":"standard","meta":{"footnotes":""},"categories":[276],"tags":[4329,353,168,352,25,24,23,167,343],"class_list":{"0":"post-167767","1":"post","2":"type-post","3":"status-publish","4":"format-standard","5":"has-post-thumbnail","7":"category-ufc","8":"tag-casa-blanca","9":"tag-dana-white","10":"tag-deportes","11":"tag-donald-trump","12":"tag-es","13":"tag-espana","14":"tag-spain","15":"tag-sports","16":"tag-ufc"},"share_on_mastodon":{"url":"","error":""},"_links":{"self":[{"href":"https:\/\/www.europesays.com\/es\/wp-json\/wp\/v2\/posts\/167767","targetHints":{"allow":["GET"]}}],"collection":[{"href":"https:\/\/www.europesays.com\/es\/wp-json\/wp\/v2\/posts"}],"about":[{"href":"https:\/\/www.europesays.com\/es\/wp-json\/wp\/v2\/types\/post"}],"author":[{"embeddable":true,"href":"https:\/\/www.europesays.com\/es\/wp-json\/wp\/v2\/users\/2"}],"replies":[{"embeddable":true,"href":"https:\/\/www.europesays.com\/es\/wp-json\/wp\/v2\/comments?post=167767"}],"version-history":[{"count":0,"href":"https:\/\/www.europesays.com\/es\/wp-json\/wp\/v2\/posts\/167767\/revisions"}],"wp:featuredmedia":[{"embeddable":true,"href":"https:\/\/www.europesays.com\/es\/wp-json\/wp\/v2\/media\/167768"}],"wp:attachment":[{"href":"https:\/\/www.europesays.com\/es\/wp-json\/wp\/v2\/media?parent=167767"}],"wp:term":[{"taxonomy":"category","embeddable":true,"href":"https:\/\/www.europesays.com\/es\/wp-json\/wp\/v2\/categories?post=167767"},{"taxonomy":"post_tag","embeddable":true,"href":"https:\/\/www.europesays.com\/es\/wp-json\/wp\/v2\/tags?post=167767"}],"curies":[{"name":"wp","href":"https:\/\/api.w.org\/{rel}","templated":true}]}}