{"id":167775,"date":"2025-10-10T15:43:08","date_gmt":"2025-10-10T15:43:08","guid":{"rendered":"https:\/\/www.europesays.com\/es\/167775\/"},"modified":"2025-10-10T15:43:08","modified_gmt":"2025-10-10T15:43:08","slug":"confirman-a-checo-perez-para-el-gp-de-mexico-2025-que-hara","status":"publish","type":"post","link":"https:\/\/www.europesays.com\/es\/167775\/","title":{"rendered":"Confirman a Checo P\u00e9rez para el GP de M\u00e9xico 2025: \u00bfqu\u00e9 har\u00e1?"},"content":{"rendered":"\n<p>      10 de octubre 2025 &#8211; 12:34<\/p>\n<p class=\"ignore-parser\">Aunque no estar\u00eda en la parrilla, el piloto mexicano ser\u00eda una de las figuras centrales del evento, en un rol de embajador y preparando el terreno para su regreso con Cadillac en 2026.<\/p>\n<p>      <img loading=\"lazy\" decoding=\"async\" src=\"https:\/\/www.ambito.com\/css-custom\/360\/lazy.svg\" data-td-src-property=\"https:\/\/media.ambito.com\/p\/b3394f7a54c7567a29755397f12aedc7\/adjuntos\/360\/imagenes\/042\/842\/0042842010\/checo-perea.jpeg\" class=\"detail-highlighted-multimedia__figure-img img-fluid\" alt=\"Sergio Checo P\u00e9rez estar\u00e1 presente en el Gran Premio de M\u00e9xico. Tendr\u00e1 la funci\u00f3n de embajador de Cadillac.\" width=\"655\" height=\"368\"\/>    @X.com   <\/p>\n<p>Por primera vez desde el<strong> regreso de la F\u00f3rmula 1 a M\u00e9xico<\/strong>, la parrilla de salida no contar\u00e1 con un piloto local. Sin embargo, la figura m\u00e1s aclamada, el \u00eddolo que convoca a las masas, estar\u00eda all\u00ed.<\/p>\n<p> El contenido al que quiere acceder es exclusivo para suscriptores.<\/p>\n<p>   suscribirse   ya estoy suscripto  <\/p>\n<p><strong>Sergio Checo P\u00e9rez<\/strong> , en medio de su a\u00f1o sab\u00e1tico, regresar\u00eda al Aut\u00f3dromo Hermanos Rodr\u00edguez no como piloto, sino como el gran protagonista de un fin de semana que podr\u00eda girar en torno a su figura y, sobre todo, a su futuro.<\/p>\n<p>\t\t\tInformate m\u00e1s\t\t\t\t\t\t\t\t\t\t<a href=\"https:\/\/www.ambito.com\/mexico\/deportes\/checo-perez-subio-al-escenario-un-concierto-enrique-iglesias-y-el-cantante-le-hizo-una-reverencia-n6198543\" target=\"\" title=\"\u00e1mbito.com | Checo P\u00e9rez subi\u00f3 al escenario en un concierto de Enrique Iglesias y el cantante le hizo una reverencia\" alt=\"\u00e1mbito.com | Checo P\u00e9rez subi\u00f3 al escenario en un concierto de Enrique Iglesias y el cantante le hizo una reverencia\" rel=\"noindex nofollow noreferrer noopener\"><br \/>\n\t\t\t\t\t\t\t\t\t\t\t<img loading=\"lazy\" decoding=\"async\" src=\"https:\/\/www.ambito.com\/css-custom\/360\/lazy.svg\" data-td-src-property=\"https:\/\/media.ambito.com\/p\/b4495494e7cd1edad76945f29b53004b\/adjuntos\/360\/imagenes\/042\/826\/0042826702\/enriuqeiglesias-checo.jpeg\" alt=\"Sergio Checo P\u00e9rez fue a presenciar un recital de Enrique Iglesias en Guadalajara y termin\u00f3 arriba del escenario cantando y bailando con el artista espa\u00f1ol.\" title=\"Sergio Checo P\u00e9rez fue a presenciar un recital de Enrique Iglesias en Guadalajara y termin\u00f3 arriba del escenario cantando y bailando con el artista espa\u00f1ol.\" width=\"93\" height=\"52\" class=\"news-article__figure-img figure-img img-fluid\"\/>\t\t<\/a>\t\t\t\t\t\t\t\t\t\t\t\t<a href=\"https:\/\/www.ambito.com\/mexico\/deportes\/quien-es-el-descendiente-una-gloria-la-formula-1-que-sera-companero-checo-perez-cadillac-n6197219\" target=\"\" title=\"\u00e1mbito.com | Qui\u00e9n es el descendiente de una gloria de la F\u00f3rmula 1 que ser\u00e1 compa\u00f1ero de Checo P\u00e9rez en Cadillac\" alt=\"\u00e1mbito.com | Qui\u00e9n es el descendiente de una gloria de la F\u00f3rmula 1 que ser\u00e1 compa\u00f1ero de Checo P\u00e9rez en Cadillac\" rel=\"noindex nofollow noreferrer noopener\"><br \/>\n\t\t\t\t\t\t\t\t\t\t\t<img loading=\"lazy\" decoding=\"async\" src=\"https:\/\/www.ambito.com\/css-custom\/360\/lazy.svg\" data-td-src-property=\"https:\/\/media.ambito.com\/p\/e5ce9736526184ec042d09b133ddb1a8\/adjuntos\/360\/imagenes\/042\/815\/0042815623\/checo.jpeg\" alt=\"Sergio P\u00e9rez tendr\u00e0 otros rres nuevos compa\u00f1eros en la F\u00f3rmula Uno. Cadillac F1 \u00a0ha confirmado la incorporaci\u00f3n de tres pilotos de simulador: Simon Pagenaud, Pietro Fittipaldi y Charlie Eastwood. Los tres corredores trabajar\u00e1n en el centro de simulaci\u00f3n de General Motors en Charlotte, Carolina del Norte.\" title=\"Sergio P\u00e9rez tendr\u00e0 otros rres nuevos compa\u00f1eros en la F\u00f3rmula Uno. Cadillac F1 \u00a0ha confirmado la incorporaci\u00f3n de tres pilotos de simulador: Simon Pagenaud, Pietro Fittipaldi y Charlie Eastwood. Los tres corredores trabajar\u00e1n en el centro de simulaci\u00f3n de General Motors en Charlotte, Carolina del Norte.\" width=\"93\" height=\"52\" class=\"news-article__figure-img figure-img img-fluid\"\/>\t\t<\/a>\t\t\t\t\t\t <\/p>\n<p>La ausencia de <strong>Checo<\/strong> en la competici\u00f3n de 2025 dej\u00f3 un vac\u00edo en el coraz\u00f3n de la afici\u00f3n mexicana, pero su probable presencia como invitado especial es la prueba irrefutable de su estatus en el Gran Circo. M\u00e1s que un piloto, <strong>P\u00e9rez <\/strong>es un fen\u00f3meno de marketing y una pieza clave para el \u00e9xito del evento en su pa\u00eds. Su asistencia no ser\u00eda un simple acto de nostalgia; sino m\u00e1s bien una operaci\u00f3n estrat\u00e9gica para mantener viva la llama de la <strong>F1 en M\u00e9xico.<\/strong><\/p>\n<p> <strong>Una agenda de embajador<\/strong>  <\/p>\n<p>Lejos de ser un simple espectador, Checo tendr\u00eda una agenda digna de una estrella de rock. Se espera que su fin de semana est\u00e9 repleto de actividades que reafirmen su rol como embajador del deporte:<\/p>\n<ul class=\"\">\n<li><strong>Actividades con medios:<\/strong> Ruedas de prensa y entrevistas para analizar la carrera y hablar de su futuro.<\/li>\n<li><strong>Interacci\u00f3n con los aficionados:<\/strong> Sesiones de aut\u00f3grafos y encuentros para conectar con la \u201cChecoman\u00eda\u201d.<\/li>\n<li><strong>Visitas al Paddock:<\/strong> Se le ver\u00eda interactuando con antiguos colegas y participando en las ceremonias previas a la carrera.<\/li>\n<li><strong>Compromisos con patrocinadores:<\/strong> Su imagen sigue siendo un im\u00e1n para las marcas, y su presencia ser\u00e1 capitalizada por los patrocinadores del evento.<\/li>\n<\/ul>\n<p>checo cadillac   <\/p>\n<p>  <img decoding=\"async\" src=\"https:\/\/www.europesays.com\/es\/wp-content\/uploads\/2025\/10\/checo-cadillac.jpeg\" alt=\"Sergio Checo P\u00e9rez , en medio de su a\u00f1o sab\u00e1tico, regresar\u00eda al Aut\u00f3dromo Hermanos Rodr\u00edguez no como piloto, sino como el embajador de Cadillac.\" title=\"Sergio Checo P\u00e9rez , en medio de su a\u00f1o sab\u00e1tico, regresar\u00eda al Aut\u00f3dromo Hermanos Rodr\u00edguez no como piloto, sino como el embajador de Cadillac.\" width=\"690\" height=\"460\" id=\"8138105-Libre-122191211_embed\" crossorigin=\"anonymous\" fetchpriority=\"high\" decode=\"async\"\/>  <\/p>\n<p> Sergio Checo P\u00e9rez , en medio de su a\u00f1o sab\u00e1tico, regresar\u00eda al Aut\u00f3dromo Hermanos Rodr\u00edguez no como piloto, sino como el embajador de Cadillac.<\/p>\n<p> Quiz\u00e1s el rol m\u00e1s importante y estrat\u00e9gico de P\u00e9rez dicho fin de semana ser\u00e1 el de embajador no oficial de su futuro equipo, <strong>Cadillac. <\/strong>Con su regreso a la F1 en <strong>2026<\/strong> ya pactado con la escuder\u00eda estadounidense, su presencia en M\u00e9xico ser\u00eda la primera gran jugada de marketing del nuevo equipo.<\/p>\n<p>Es la oportunidad perfecta para que <strong>Cadillac,<\/strong> a trav\u00e9s de su piloto estrella, comience a construir su base de aficionados en el crucial mercado latinoamericano, mucho antes de que su monoplaza pise el asfalto.<\/p>\n<p>Un a\u00f1o fuera, pero no desconectado <\/p>\n<p>Aunque ha estado alejado de las pistas, &#8216;Checo&#8217; no ha estado de vacaciones. El piloto mexicano ha mantenido un <strong>r\u00e9gimen de entrenamiento f\u00edsico intensivo<\/strong> y ha pasado incontables horas en el <strong>simulador<\/strong> , visitando las instalaciones de Cadillac en Charlotte e Inglaterra.<\/p>\n<p>Su a\u00f1o sab\u00e1tico no ha sido de descanso, sino de preparaci\u00f3n meticulosa para el desaf\u00edo que supone estar en un equipo nuevo, sobre todo cuando debe estar a la par de su compa\u00f1ero de equipo, Valteri Bottas.<\/p>\n","protected":false},"excerpt":{"rendered":"10 de octubre 2025 &#8211; 12:34 Aunque no estar\u00eda en la parrilla, el piloto mexicano ser\u00eda una de&hellip;\n","protected":false},"author":2,"featured_media":167776,"comment_status":"","ping_status":"","sticky":false,"template":"","format":"standard","meta":{"footnotes":""},"categories":[270],"tags":[168,25,24,306,271,272,23,167],"class_list":{"0":"post-167775","1":"post","2":"type-post","3":"status-publish","4":"format-standard","5":"has-post-thumbnail","7":"category-formula-1","8":"tag-deportes","9":"tag-es","10":"tag-espana","11":"tag-f1","12":"tag-formula-1","13":"tag-formula1","14":"tag-spain","15":"tag-sports"},"share_on_mastodon":{"url":"","error":""},"_links":{"self":[{"href":"https:\/\/www.europesays.com\/es\/wp-json\/wp\/v2\/posts\/167775","targetHints":{"allow":["GET"]}}],"collection":[{"href":"https:\/\/www.europesays.com\/es\/wp-json\/wp\/v2\/posts"}],"about":[{"href":"https:\/\/www.europesays.com\/es\/wp-json\/wp\/v2\/types\/post"}],"author":[{"embeddable":true,"href":"https:\/\/www.europesays.com\/es\/wp-json\/wp\/v2\/users\/2"}],"replies":[{"embeddable":true,"href":"https:\/\/www.europesays.com\/es\/wp-json\/wp\/v2\/comments?post=167775"}],"version-history":[{"count":0,"href":"https:\/\/www.europesays.com\/es\/wp-json\/wp\/v2\/posts\/167775\/revisions"}],"wp:featuredmedia":[{"embeddable":true,"href":"https:\/\/www.europesays.com\/es\/wp-json\/wp\/v2\/media\/167776"}],"wp:attachment":[{"href":"https:\/\/www.europesays.com\/es\/wp-json\/wp\/v2\/media?parent=167775"}],"wp:term":[{"taxonomy":"category","embeddable":true,"href":"https:\/\/www.europesays.com\/es\/wp-json\/wp\/v2\/categories?post=167775"},{"taxonomy":"post_tag","embeddable":true,"href":"https:\/\/www.europesays.com\/es\/wp-json\/wp\/v2\/tags?post=167775"}],"curies":[{"name":"wp","href":"https:\/\/api.w.org\/{rel}","templated":true}]}}