{"id":167803,"date":"2025-10-10T15:58:12","date_gmt":"2025-10-10T15:58:12","guid":{"rendered":"https:\/\/www.europesays.com\/es\/167803\/"},"modified":"2025-10-10T15:58:12","modified_gmt":"2025-10-10T15:58:12","slug":"fuertes-tormentas-en-estas-zonas-del-pais","status":"publish","type":"post","link":"https:\/\/www.europesays.com\/es\/167803\/","title":{"rendered":"fuertes tormentas en estas zonas del pa\u00eds"},"content":{"rendered":"<p style=\"\">La presencia de la <strong>dana Alice<\/strong> ha revolucionado por completo la estabilidad de estos \u00faltimos d\u00edas en muchos puntos de Espa\u00f1a. Aunque las temperaturas contin\u00faan siendo algo altas para la \u00e9poca del a\u00f1o, las <a href=\"https:\/\/www.abc.es\/espana\/comunidad-valenciana\/dana-alice-pone-alerta-roja-litoral-alicante-20251010102917-nt.html\" title=\"www.abc.es\" data-voc-vtm-id=\"in-text-traffic\" data-mrf-link=\"www.abc.es\" rel=\"nofollow noopener\" target=\"_blank\">fuertes lluvias<\/a> de estas \u00faltimas horas han obligado a  &#8230; la <strong>Agencia Estatal de Meteorolog\u00eda (Aemet)<\/strong> a activar <a href=\"https:\/\/www.abc.es\/sociedad\/aemet-avisa-espana-llega-peor-dana-alice-20251010084438-nt.html\" title=\"www.abc.es\" data-voc-vtm-id=\"in-text-traffic\" data-mrf-link=\"www.abc.es\" rel=\"nofollow noopener\" target=\"_blank\">avisos rojos y naranjas<\/a> en diversas provincias del este peninsular.<\/p>\n<p class=\"voc-p\" style=\"\">Seg\u00fan ha advertido el organismo en su \u00faltima predicci\u00f3n, este <strong>viernes 10 y s\u00e1bado 11<\/strong> de octubre ser\u00e1n <strong>\u00ablos d\u00edas \u00e1lgidos del episodio\u00bb<\/strong> causado por este temporal. Las provincias de <strong>Alicante y Valencia y la Regi\u00f3n de Murcia<\/strong> se llevar\u00e1n la peor parte de las precipitaciones, que ser\u00e1n probablemente \u00abde intensidad torrencial\u00bb y que podr\u00edan ir dejando \u00abinundaciones y crecidas en los r\u00edos\u00bb durante los pr\u00f3ximos d\u00edas.<\/p>\n<blockquote class=\"twitter-tweet\">\n<p lang=\"es\" dir=\"ltr\">Dana Alice\ud83d\udc49 <br \/>\ud83d\udd34Avisos rojos en zonas del sur de Alicante y este de la Regi\u00f3n de Murcia. Peligro extraordinario por lluvias torrenciales. \u00a1Precauci\u00f3n! <br \/>\ud83d\udfe0Avisos naranjas en otras zonas de la Comunitat Valenciana y Regi\u00f3n de Murcia: peligro importante. Posibles impactos graves. <a href=\"https:\/\/t.co\/jgSBtqRzbE\" rel=\"nofollow\">pic.twitter.com\/jgSBtqRzbE<\/a><\/p>\n<p>\u2014 AEMET (@AEMET_Esp) <a href=\"https:\/\/twitter.com\/AEMET_Esp\/status\/1976554500769878242?ref_src=twsrc%5Etfw\" rel=\"nofollow noopener\" target=\"_blank\">October 10, 2025<\/a><\/p><\/blockquote>\n<p class=\"voc-p\" style=\"\">Esta inestabilidad se mantendr\u00e1 tambi\u00e9n este domingo <strong>12 de octubre<\/strong>, una jornada se\u00f1alada en el calendario de muchos espa\u00f1oles por ser el <strong>D\u00eda de la Fiesta Nacional y de la Virgen del Pilar<\/strong>. La Aemet apunta que, aunque la dana ir\u00e1 perdiendo intensidad durante los compases finales de este fin semana, seguir\u00e1 habiendo <strong>chubascos localmente fuertes<\/strong> en el cabo de la Nao y la desembocadura del Ebro.<\/p>\n<p class=\"voc-p\" style=\"\">Similar es la predicci\u00f3n que lanz\u00f3 hace unos d\u00edas <strong>Jorge Rey<\/strong>, conocido como <strong>\u00abel ni\u00f1o meteor\u00f3logo\u00bb<\/strong> por pronosticar la nevada Filomena en 2021. En uno de sus \u00faltimos v\u00eddeos publicados en YouTube, este aficionado a la meteorolog\u00eda ha empleado el <strong>metodo de las caba\u00f1uelas<\/strong>, que no tiene base cient\u00edfica, para anticipar lo que suceder\u00e1 este mes de octubre con el tiempo de Espa\u00f1a. Tambi\u00e9n de cara a este pr\u00f3ximo <strong>Puente del Pilar<\/strong>, del que algunos ciudadanos s\u00ed podr\u00e1n disfrutar al ser festivo en algunas comunidades aut\u00f3nomas este <a href=\"https:\/\/www.abc.es\/sociedad\/festivo-proximo-lunes-octubre-espana-comunidades-autonomas-20251008131606-nt.html\" title=\"www.abc.es\" data-voc-vtm-id=\"in-text-traffic\" data-mrf-link=\"www.abc.es\" rel=\"nofollow noopener\" target=\"_blank\">lunes 13 de octubre.<\/a><\/p>\n<p>\nJorge Rey avisa de la llegada de nuevos frentes de lluvias para el Puente del Pilar\n<\/p>\n<p class=\"voc-p\" style=\"\">Como ya advirti\u00f3 Rey hace unos d\u00edas, la llegada de la <strong>dana Alice<\/strong> ha sacudido por completo la estabilidad en Espa\u00f1a, dejando numerosas precipitaciones en algunos puntos de la Pen\u00ednsula. \u00ab<strong>Se podr\u00edan superar los 100 litros en muchos puntos del Mediterr\u00e1neo<\/strong>. Hablamos de muchos pueblos y ciudades donde las tormentas se esperan de manera torrencial, dejando <strong>inundaciones<\/strong>\u00bb, cont\u00f3 el joven en uno de sus v\u00eddeos.<\/p>\n<p class=\"voc-p\" style=\"\">El ni\u00f1o meteor\u00f3logo ha destacado que, de cara a este viernes y el fin de semana, el <strong>litoral valenciano y alicantino<\/strong> se llevar\u00e1 la peor parte, aunque tambi\u00e9n veremos chubascos en \u00e1reas de Albacete y en diversos puntos de Andaluc\u00eda. \u00ab<strong>Las tormentas que en puntos de costa van a seguir siendo fuertes<\/strong>, aunque van a destacar en \u00e1reas de las Baleares, as\u00ed como en Castell\u00f3n\u00bb, ha explicado en una de sus predicciones.<\/p>\n<p class=\"voc-p\" style=\"\">Aunque el domingo 12 de octubre, <strong>D\u00eda de la Hispanidad<\/strong>, seguir\u00e1 lloviendo en <strong>zonas del Levante<\/strong>, el temporal causado por esta zona de bajas presiones y aire fr\u00edo <strong>comenzar\u00e1 por fin a perder intensidad<\/strong>. Tal y como ha apuntado el de Burgos, habr\u00e1 tormentas en el este, pero \u00abde manera <strong>menos generalizada<\/strong>\u00bb que en d\u00edas anteriores: \u00abAfectar\u00e1n a zonas de costa como en <strong>Gerona, Valencia y Castell\u00f3n, as\u00ed como en Baleares<\/strong>\u00bb. En el resto de Espa\u00f1a se espera estabilidad y cielos despejados.<\/p>\n<blockquote class=\"twitter-tweet\">\n<p lang=\"es\" dir=\"ltr\">\ud83d\udccf\ud83d\udca7 Atenci\u00f3n, porque en las zonas pintadas de rojo caer\u00e1n cerca de 100 l\/m2 hasta la noche del s\u00e1bado. <\/p>\n<p>Es la apuesta del modelo europeo pero hay otros, de mayor resoluci\u00f3n, que duplican e incluso triplican esa cifra, en esas mismas \u00e1reas pintadas \ud83d\udd34.<\/p>\n<p>\ud83d\udd17\u2026 <a href=\"https:\/\/t.co\/vahOQqu00o\" rel=\"nofollow\">pic.twitter.com\/vahOQqu00o<\/a><\/p>\n<p>\u2014 Meteored | tiempo.com (@MeteoredES) <a href=\"https:\/\/twitter.com\/MeteoredES\/status\/1976256994462810233?ref_src=twsrc%5Etfw\" rel=\"nofollow noopener\" target=\"_blank\">October 9, 2025<\/a><\/p><\/blockquote>\n<p class=\"voc-p\" style=\"\">A pesar de que habr\u00e1 precipitaciones, durante el Puente del Pilar \u00abesperamos calor por esos vientos de sur\u00bb. \u00ab<strong>Habr\u00e1 buenas temperaturas<\/strong>, pero <strong>tormentas fuertes<\/strong> en algunos puntos, menos probables en \u00e1reas del norte y este peninsular\u00bb, ha avisado el joven, asegurando que lo \u00fanico que puede cambiar de <strong>\u00ablas previsiones de las caba\u00f1uelas\u00bb<\/strong> es que se adelante o atrase la llegada de estos frentes.<\/p>\n<p class=\"voc-p\" style=\"\">Por su parte, a partir del pr\u00f3ximo lunes, parece que las lluvias podr\u00edan seguir marcando el ambiente en Espa\u00f1a, seg\u00fan cuenta Jorge Rey. Despu\u00e9s de que se debilite la dana Alice, comenzar\u00e1n a llegar <strong>\u00abprecipitaciones hacia el oeste peninsular\u00bb<\/strong> causadas por la <strong>formaci\u00f3n de borrascas muy activas<\/strong>. Estas, seg\u00fan apunta el joven, podr\u00edan afectarnos conforme nos adentremos m\u00e1s en el mes de octubre.<\/p>\n<p>\nLas caba\u00f1uelas de Jorge Rey para el mes de octubre\n<\/p>\n<p class=\"voc-p\" style=\"\">Jorge Rey tambi\u00e9n se aventur\u00f3 a lanzar su predicci\u00f3n para el resto del mes de octubre gracias a la observaci\u00f3n de la naturaleza, como marcan las caba\u00f1uelas. Seg\u00fan explic\u00f3, en torno al <strong>16 y 17 de octubre<\/strong>, se espera que la <strong>llegada de un frente atl\u00e1ntico<\/strong> vuelva a traer <strong>humedad<\/strong> a \u00e1reas del Cant\u00e1brico, sobre todo noroeste: \u00abEsto va a alimentar la llegada de <strong>una dana, de una gota fr\u00eda<\/strong>\u00bb.<\/p>\n<p class=\"voc-p\" style=\"\">En cuanto al 18 y 19, la formaci\u00f3n de <strong>una borrasca<\/strong> subir\u00e1 las temperaturas de nuevo, \u00abrepuntando alg\u00fan d\u00eda con cierto calor, y con <strong>tormentas en \u00e1reas del sur y Levante<\/strong>\u00bb. Seg\u00fan el ni\u00f1o meteor\u00f3logo, tendremos <strong>\u00abposibles tormentas\u00bb<\/strong> que podr\u00edan \u00abllegar a ser importantes en el <strong>Mediterr\u00e1neo<\/strong>\u00bb. <\/p>\n<p class=\"voc-p\" style=\"\">Conforme nos acerquemos a la \u00faltima semana del mes, seguiremos viendo <strong>\u00abfrentes atl\u00e1nticos\u00bb, con \u00abm\u00e1s tormentas hacia zonas del oeste\u00bb<\/strong>, aunque se mantendr\u00e1n estas \u00abtemperaturas m\u00e1s agradables\u00bb. \u00abHacia el final de octubre ya hablar\u00edamos de <strong>un anticicl\u00f3n muy importante en Espa\u00f1a<\/strong>, con mucha tranquilidad, las borrascas se ir\u00e1n hacia Reino Unido\u00bb, advirti\u00f3 el aficionado a la meteorolog\u00eda.<\/p>\n<p><script async src=\"https:\/\/platform.twitter.com\/widgets.js\" charset=\"utf-8\"><\/script><\/p>\n","protected":false},"excerpt":{"rendered":"La presencia de la dana Alice ha revolucionado por completo la estabilidad de estos \u00faltimos d\u00edas en muchos&hellip;\n","protected":false},"author":2,"featured_media":167804,"comment_status":"","ping_status":"","sticky":false,"template":"","format":"standard","meta":{"footnotes":""},"categories":[8],"tags":[3830,17,18,12250,25,24,13,14,3087,11,2224,19,20,6194,9,10,15,16,8669,37845,2497,5330,23,12,8091,21,22,7996],"class_list":{"0":"post-167803","1":"post","2":"type-post","3":"status-publish","4":"format-standard","5":"has-post-thumbnail","7":"category-espana","8":"tag-alerta","9":"tag-breaking-news","10":"tag-breakingnews","11":"tag-destacar","12":"tag-es","13":"tag-espana","14":"tag-featured-news","15":"tag-featurednews","16":"tag-fuertes","17":"tag-headlines","18":"tag-jorge","19":"tag-latest-news","20":"tag-latestnews","21":"tag-lluvias","22":"tag-news","23":"tag-noticias","24":"tag-noticias-destacadas","25":"tag-noticiasdestacadas","26":"tag-pilar","27":"tag-puedan","28":"tag-puente","29":"tag-rey","30":"tag-spain","31":"tag-titulares","32":"tag-tormentas","33":"tag-ultimas-noticias","34":"tag-ultimasnoticias","35":"tag-zonas"},"share_on_mastodon":{"url":"","error":""},"_links":{"self":[{"href":"https:\/\/www.europesays.com\/es\/wp-json\/wp\/v2\/posts\/167803","targetHints":{"allow":["GET"]}}],"collection":[{"href":"https:\/\/www.europesays.com\/es\/wp-json\/wp\/v2\/posts"}],"about":[{"href":"https:\/\/www.europesays.com\/es\/wp-json\/wp\/v2\/types\/post"}],"author":[{"embeddable":true,"href":"https:\/\/www.europesays.com\/es\/wp-json\/wp\/v2\/users\/2"}],"replies":[{"embeddable":true,"href":"https:\/\/www.europesays.com\/es\/wp-json\/wp\/v2\/comments?post=167803"}],"version-history":[{"count":0,"href":"https:\/\/www.europesays.com\/es\/wp-json\/wp\/v2\/posts\/167803\/revisions"}],"wp:featuredmedia":[{"embeddable":true,"href":"https:\/\/www.europesays.com\/es\/wp-json\/wp\/v2\/media\/167804"}],"wp:attachment":[{"href":"https:\/\/www.europesays.com\/es\/wp-json\/wp\/v2\/media?parent=167803"}],"wp:term":[{"taxonomy":"category","embeddable":true,"href":"https:\/\/www.europesays.com\/es\/wp-json\/wp\/v2\/categories?post=167803"},{"taxonomy":"post_tag","embeddable":true,"href":"https:\/\/www.europesays.com\/es\/wp-json\/wp\/v2\/tags?post=167803"}],"curies":[{"name":"wp","href":"https:\/\/api.w.org\/{rel}","templated":true}]}}