{"id":167813,"date":"2025-10-10T16:05:20","date_gmt":"2025-10-10T16:05:20","guid":{"rendered":"https:\/\/www.europesays.com\/es\/167813\/"},"modified":"2025-10-10T16:05:20","modified_gmt":"2025-10-10T16:05:20","slug":"dudaba-si-retirarme-o-no-pero-todo-cambio-en-agosto","status":"publish","type":"post","link":"https:\/\/www.europesays.com\/es\/167813\/","title":{"rendered":"Dudaba si retirarme o no, pero todo cambi\u00f3 en agosto"},"content":{"rendered":"<p>\n        Con la noticia de su <a href=\"https:\/\/www.noticiasdegipuzkoa.eus\/ciclismo\/2025\/10\/08\/ion-izagirre-renueva-cofidis-contrato-ano-2026-10186946.html\" title=\"renovaci\u00f3n de contrato\" class=\"link copy\" rel=\"nofollow noopener\" target=\"_blank\"><strong>renovaci\u00f3n de contrato<\/strong><\/a> reci\u00e9n comunicada,<strong> Ion Izagirre<\/strong> atiende a NOTICIAS DE GIPUZKOA desde tierras italianas. All\u00ed ha sido 13\u00ba el domingo en la Coppa Agostoni, 10\u00ba el martes en Tre Valli Varsine, y 18\u00ba tras fuga en la Gran Piemonte de este jueves, al servicio de un<strong> Cofidis <\/strong>que pugna por la permanencia en la<strong> categor\u00eda World Tour<\/strong>. La escuadra gala ha terminado apostando por la continuidad en 2026 del corredor guipuzcoano, quien explica que, a sus 36 a\u00f1os, deja atr\u00e1s <strong>una temporada irregular y de l\u00f3gica incertidumbre <\/strong>sobre su futuro.\n<\/p>\n<p class=\"article-body__text question-answers__question\">Renueva con el Cofidis por una campa\u00f1a m\u00e1s. \u00bfC\u00f3mo se han dado las cosas?<\/p>\n<p class=\"article-body__text question-answers__answer\">El acuerdo se ha cerrado hace relativamente poco. Este a\u00f1o <strong>tocaba renovar\u00a0y ha costado<\/strong>, porque mi temporada no ha resultado muy buena deportivamente hablando, y porque la situaci\u00f3n en el equipo tampoco es la mejor. <strong>Han existido algunas dudas entre las dos partes<\/strong>, pero al final hemos llegado a un acuerdo. Estoy contento.<\/p>\n<p class=\"article-body__text question-answers__question\">Se han producido cambios en la estructura durante estas \u00faltimas semanas, con el relevo de C\u00e9dric Vasseur como m\u00e1nager general.<\/p>\n<p class=\"article-body__text question-answers__answer\">Y los movimientos de este\u00a0tipo <strong>no generan un contexto precisamente id\u00f3neo<\/strong> para negociar contratos. Pero, una vez que se ha estabilizado la cosa con la llegada de la nueva direcci\u00f3n, hemos podido sentarnos a hablar.\u00a0<\/p>\n<blockquote class=\"twitter-tweet\" data-lang=\"es\" wp_automatic_readability=\"4.56\">\n<p lang=\"fr\" dir=\"ltr\">L&#8217;aventure continue pour 3 de nos coureurs !<br \/>&#8211; \ud83c\uddea\ud83c\uddf8 Ion Izagirre et \ud83c\uddeb\ud83c\uddf7 Nicolas Debeaumarch\u00e9 pour 1 saison<br \/>&#8211; \ud83c\udde9\ud83c\uddea Emanuel Buchmann pour 2 saisons<a href=\"https:\/\/twitter.com\/hashtag\/Cofidismyteam?src=hash&amp;ref_src=twsrc%5Etfw\" rel=\"nofollow noopener\" target=\"_blank\">#Cofidismyteam<\/a> <a href=\"https:\/\/t.co\/yF8b30FzOy\" rel=\"nofollow\">pic.twitter.com\/yF8b30FzOy<\/a><\/p>\n<p>\u2014 Team Cofidis (@TeamCOFIDIS) <a href=\"https:\/\/twitter.com\/TeamCOFIDIS\/status\/1975843096614338610?ref_src=twsrc%5Etfw\" rel=\"nofollow noopener\" target=\"_blank\">8 de octubre de 2025<\/a><\/p><\/blockquote>\n<p class=\"article-body__text question-answers__question\">Ion, yo no le quiero retirar ya, pero&#8230;<\/p>\n<p class=\"article-body__text question-answers__answer\">(Interrumpe) T\u00fa no, todos. Todos me est\u00e1is retirando ya (risas).<\/p>\n<p class=\"article-body__text question-answers__question\">Siga, siga, que veo que ha intuido por d\u00f3nde iba la pregunta.<\/p>\n<p class=\"article-body__text question-answers__answer\">Bueno, a ver, est\u00e1 claro que hay cosas que son ley de vida. <strong>Y yo ya tengo una edad<\/strong> (en febrero cumplir\u00e1 37 a\u00f1os). Pero mientras el cuerpo y la mente sigan dispuestos a dar lo m\u00e1ximo&#8230; S\u00ed que es cierto que, como te dec\u00eda ahora, <strong>el a\u00f1o no me ha salido como quer\u00eda<\/strong>. Y eso te lleva a plantearte cosas, a decirte a t\u00ed mismo que igual ya vale. En este \u00faltimo mes y medio de temporada, sin embargo, <strong>me he vuelto a ver con buenas piernas, competitivo<\/strong>, y he recuperado una confianza que para m\u00ed ha significado un impulso hacia la renovaci\u00f3n.<\/p>\n<p class=\"article-body__text question-answers__question\">\u00bfC\u00f3mo lleva lo de formar parte de este ciclismo moderno en el que tan de moda se ha puesto la precocidad?<\/p>\n<p class=\"article-body__text question-answers__answer\">Es algo que he notado sobre todo ahora, al prolongar el contrato. Percibes <strong>que los de arriba tampoco conf\u00edan mucho en los veteranos<\/strong>, y que tiran m\u00e1s hacia esos j\u00f3venes que pueden tener una buena proyecci\u00f3n a futuro. A mi edad, <strong>las renovaciones se van produciendo a cuentagotas<\/strong> y a duras penas. Pero es lo que hay y toca aceptarlo.<\/p>\n<p class=\"article-body__text question-answers__question\">Los chavales vienen pisando fuerte&#8230;<\/p>\n<p class=\"article-body__text question-answers__answer\">El otro d\u00eda <strong>Pello Olaberria<\/strong> me propuso mirar los datos que hab\u00eda dado en Ruanda el campe\u00f3n del mundo sub-23, <strong>Lorenzo Finn<\/strong>, que corre en su equipo. Pero yo le contest\u00e9 que prefer\u00eda no saber nada al respecto y vivir en la ignorancia (risas). \u00bfVes? Sal\u00ed a andar en bici con <strong>el director del filial del Red Bull-Bora<\/strong>&#8230; Ha llegado un momento en el que <strong>casi conozco a m\u00e1s gente de la que va en los coches<\/strong> que a ciclistas en activo, la mayor\u00eda de ellos jovenc\u00edsimos.<\/p>\n<p>            <a href=\"https:\/\/www.noticiasdegipuzkoa.eus\/ciclismo\/2025\/10\/02\/pello-olaberria-red-bull-bora-lorenzo-finn-pellizzari-nate-pringle-michiel-mouris-sub-23-junior-10161435.html\" title=\"&quot;Nuestros ciclistas pertenecen a la \u00e9lite mundial, pero son todos s\u00faper humildes&quot;\" class=\"new__media\" rel=\"nofollow noopener\" target=\"_blank\"><\/p>\n<p>                <img alt=\"&quot;Nuestros ciclistas pertenecen a la \u00e9lite mundial, pero son todos s\u00faper humildes&quot;\" data-src=\"https:\/\/www.europesays.com\/es\/wp-content\/uploads\/2025\/10\/c58e1a4b-37d0-49ce-a1be-fa99597f7182_16-9-aspect-ratio_default_0.jpg\" class=\"lozad\"\/><\/p>\n<p>        <\/a><\/p>\n<p>        <a href=\"https:\/\/www.noticiasdegipuzkoa.eus\/ciclismo\/2025\/10\/02\/pello-olaberria-red-bull-bora-lorenzo-finn-pellizzari-nate-pringle-michiel-mouris-sub-23-junior-10161435.html\" title=\"&quot;Nuestros ciclistas pertenecen a la \u00e9lite mundial, pero son todos s\u00faper humildes&quot;\" class=\"new__headline\" rel=\"nofollow noopener\" target=\"_blank\"><br \/>\n            \u00abNuestros ciclistas pertenecen a la \u00e9lite mundial, pero son todos s\u00faper humildes\u00bb<br \/>\n        <\/a><\/p>\n<p class=\"article-body__text question-answers__question\">\u00bfY a qu\u00e9 achaca usted <a href=\"https:\/\/www.noticiasdegipuzkoa.eus\/ciclismo\/2024\/02\/25\/markel-irizar-lidl-trek-jungla-ficharemos-cadetes-7898511.html\" title=\"el modo en que est\u00e1 evolucionando el mundillo\" rel=\"nofollow noopener\" target=\"_blank\">el modo en que est\u00e1 evolucionando el mundillo<\/a> a este respecto?<\/p>\n<p class=\"article-body__text question-answers__answer\">No lo s\u00e9. Pero s\u00ed parece claro que<strong> el ciclismo se est\u00e1<\/strong><strong> futbolizando<\/strong>, en cierto modo. Antes, las categor\u00edas inferiores se gestionaban de forma m\u00e1s natural. Siempre hab\u00eda alguno que despuntaba m\u00e1s, por f\u00edsico o porque entrenaba m\u00e1s que el resto. Pero es que ahora much\u00edsimos juniors, cadetes incluso, trabajan ya con preparador, nutricionista y biomec\u00e1nico. Disponen de todas las facilidades y despuntan pronto<strong>, algo que puede llegar a resultar peligroso<\/strong>, porque contribuye a generar la sensaci\u00f3n de que si no andas con veintipocos a\u00f1os ya no vales para esto. En mi opini\u00f3n, se est\u00e1 corriendo demasiado. El tiempo dir\u00e1 si tengo o no la raz\u00f3n.<\/p>\n<p>  Una temporada de menos a m\u00e1s<\/p>\n<p class=\"article-body__text question-answers__question\">Nos hemos ido por las ramas, pero vuelvo a su situaci\u00f3n y a su temporada. H\u00e1bleme de esas \u201cbuenas piernas en el \u00faltimo mes y medio\u201d a las que se refer\u00eda antes.<\/p>\n<p class=\"article-body__text question-answers__answer\">Me reconfortan porque, hasta hace nada,<strong> llevaba todo el a\u00f1o sin encontrar mis mejores sensaciones<\/strong>. Y era muy frustrante, la verdad. Es ah\u00ed cuando te planteas el futuro y empiezas a poner cosas a un lado y al otro de la balanza. \u201c\u00bfMerece la pena seguir as\u00ed a mi edad?\u201d, te dices. <strong>Pero todo cambi\u00f3 con el peque\u00f1o descanso que tuve en agosto<\/strong>. Me vino muy bien. Recuper\u00e9 fuerzas. Reanud\u00e9 a gusto los entrenamientos. Y tanto en Poitou-Charentes como en Canad\u00e1, as\u00ed como ahora en Italia, me estoy volviendo a ver competitivo.<\/p>\n<p class=\"article-body__text question-answers__question\">\u00bfCon esas dudas previas no pod\u00eda estar siendo usted demasiado duro consigo mismo? Desde fuera da la sensaci\u00f3n de que las ca\u00eddas en Estella y en el Tour han marcado buena parte de su temporada&#8230;<\/p>\n<p class=\"article-body__text question-answers__answer\">Resulta dif\u00edcil de analizar. Lo he hablado bastante con los preparadores y con los directores. Y al final sacas la conclusi\u00f3n de que <strong>han coincidido un c\u00famulo de factores, algunos circunstanciales y otros de entrenamiento<\/strong>. La ca\u00edda del <a href=\"https:\/\/www.noticiasdegipuzkoa.eus\/ciclismo\/2025\/04\/05\/nys-estalla-g-p-indurain-9487910.html\" title=\"Gran Pemio Indurain\" rel=\"nofollow noopener\" target=\"_blank\">Gran Pemio Indurain<\/a> afect\u00f3 mucho, eso est\u00e1 claro, porque me sent\u00eda muy bien<strong> a dos d\u00edas de Itzulia<\/strong> y luego la corr\u00ed de aquella manera, con la costilla tocada. Pero se han dado igualmente otras cosas que nada tienen que ver con los accidentes.<\/p>\n<p class=\"article-body__text question-answers__question\">\u00bfPor ejemplo?<\/p>\n<p class=\"article-body__text question-answers__answer\">Pues mira, justo hace un a\u00f1o <strong>acab\u00e9 muy bien la temporada en Lombard\u00eda<\/strong> (fue cuarto tras Pogacar, Evenepoel y Ciccone). Y un par de semanas despu\u00e9s, en la primera concentraci\u00f3n del equipo de cara a 2025, <strong>fui yo mismo quien propuso a los directores afrontar con fuerza la nueva campa\u00f1a<\/strong>, motivado, sin relajarme en invierno. Elegimos arrancar en Australia, apenas descans\u00e9 entre a\u00f1o y a\u00f1o, y a toro pasado me doy cuenta de que lo acab\u00e9 acusando. Empec\u00e9 a contrapi\u00e9&#8230;<\/p>\n<p class=\"article-photo__footer\">\n            Ion Izagirre, en la parte inferior de la imagen, junto a sus compa\u00f1eros de equipo en un entrenamiento previo al Tour Down Under, este pasado enero en Australia.                    <\/p>\n<p class=\"article-body__text question-answers__question\">Es interesante lo que explica, m\u00e1s a\u00fan habi\u00e9ndome citado su reposo del mes de agosto como gran clave del buen momento actual.<\/p>\n<p class=\"article-body__text question-answers__answer\">Tras enlazar Tour, Donostia y Getxo estuve <strong>tres semanas enteras en casa<\/strong>. No s\u00e9 si hab\u00eda vivido antes un per\u00edodo as\u00ed en toda mi carrera. Pero el caso es que lo supe aprovechar. Recuerdo que durante los cuatro o cinco primeros d\u00edas me olvid\u00e9 de la bici, de los entrenamientos, de cuidarme, de la alimentaci\u00f3n&#8230; Disfrut\u00e9 con la familia lo que nunca hab\u00eda podido disfrutar en ning\u00fan verano previo. <strong>Y luego tuve tiempo para poder preparar con tranquilidad este \u00faltimo bloque de carreras<\/strong>. Agradec\u00ed poder darle al bot\u00f3n de Reset, tanto f\u00edsica como mentalmente, y ahora los resultados est\u00e1n llegando. El equipo ha visto que puedo volver a ser el ciclista que era y por eso ha confiado en m\u00ed para el a\u00f1o que viene.<\/p>\n<p class=\"article-body__text question-answers__question\">La soluci\u00f3n estaba en abrir ese peque\u00f1o par\u00e9ntesis&#8230;<\/p>\n<p class=\"article-body__text question-answers__answer\">Ya, pero no era f\u00e1cil llegar a ella. Al final, por mucha experiencia que tengas, <strong>nunca sabes c\u00f3mo gestionar ese momento<\/strong> en el que no andas y no llegas a tus datos \u00f3ptimos.\u00a0<\/p>\n<p>  La lucha por la permanencia<\/p>\n<p class=\"article-body__text question-answers__question\">En el Cofidis necesitaban que usted le diera la vuelta al cuerpo, <a href=\"https:\/\/www.noticiasdegipuzkoa.eus\/ciclismo\/2025\/09\/26\/euskaltel-vuelta-espana-2026-euskadi-puntos-uci-invitaciones-ranking-10129517.html\" title=\"por el tema de los puntos UCI\" rel=\"nofollow noopener\" target=\"_blank\">por el tema de los puntos UCI<\/a>. \u00bfLes aprietan mucho con el asunto?<\/p>\n<p class=\"article-body__text question-answers__answer\">Est\u00e1 siendo un a\u00f1o muy marcado por ello. <strong>Sabemos cu\u00e1l es nuestra situaci\u00f3n en el famoso ranking<\/strong>. Y s\u00ed que se respira cierta tensi\u00f3n o cierto estr\u00e9s en el equipo. Al mismo tiempo, te digo igualmente que, ahora que me pillas en Italia con un bloque grande de ciclistas y de directores, <strong>tampoco es que nos pasemos el d\u00eda entero hablando de la clasificaci\u00f3n<\/strong>. Hay ganas de luchar, aunque tampoco se va acabar el mundo si finalmente no entramos en el World Tour. El equipo seguir\u00e1 existiendo la temporada que viene. Y tendremos nuestras pruebas para competir.<\/p>\n<p class=\"article-photo__footer\">\n            El ciclista ormaiztegiarra, este domingo durante la Coppa Agostoni, en Italia.            Team Cofidis        <\/p>\n<p class=\"article-body__text question-answers__question\">Pero si quedan fuera de la m\u00e1xima categor\u00eda cambiar\u00e1n mucho las perspectivas, \u00bfno?<\/p>\n<p class=\"article-body__text question-answers__answer\">Hombre, s\u00ed. <strong>Hay mucha diferencia<\/strong> entre conocer tu calendario de antemano y no saber desde un principio cu\u00e1l va a ser tu agenda de carreras. Ten en cuenta que, del mismo modo en que estamos peleando por quedarnos en esa primera divisi\u00f3n hasta 2028,<strong> tambi\u00e9n luchamos por garantizarnos al menos las invitaciones <\/strong>que dan acceso a las mejores pruebas en 2026. Somos un equipo franc\u00e9s con un programa muy amplio de competiciones en casa y, si a estas les sumas todas las del <strong>World Tour<\/strong>, debes construir una plantilla muy amplia para cubrir todos los frentes. Por supuesto que las perspectivas cambiar\u00e1n en funci\u00f3n de c\u00f3mo termine el a\u00f1o. Los ciclistas somos conscientes de que en ambas pugnas andamos al l\u00edmite, as\u00ed que toca arrear hasta el \u00faltimo d\u00eda.<\/p>\n<p class=\"article-body__text question-answers__question\">Que para usted va a ser&#8230;<\/p>\n<p class=\"article-body__text question-answers__answer\">Este s\u00e1bado <a href=\"https:\/\/www.procyclingstats.com\/race\/il-lombardia\/2025\/startlist\" title=\"corro Lombard\u00eda\" rel=\"nofollow noopener\" target=\"_blank\">corro <\/a><a href=\"https:\/\/www.procyclingstats.com\/race\/il-lombardia\/2025\/startlist\" title=\"corro Lombard\u00eda\" rel=\"nofollow noopener\" target=\"_blank\"><strong>Lombard\u00eda<\/strong><\/a>. Y luego cierro la temporada el domingo 19 en Jap\u00f3n.<\/p>\n<p class=\"article-body__text question-answers__question\">\u00bfSe compite de forma distinta dentro del contexto de necesidad que estamos comentando?<\/p>\n<p class=\"article-body__text question-answers__answer\">Te dir\u00eda que s\u00ed. <a href=\"https:\/\/www.noticiasdegipuzkoa.eus\/ciclismo\/2025\/10\/07\/pogacar-o-oficio-ganar-10184118.html\" title=\"Ves que se marchan delante Pogacar, Del Toro y un par m\u00e1s\" rel=\"nofollow noopener\" target=\"_blank\">Ves que se marchan delante Pogacar, Del Toro y un par m\u00e1s<\/a>, pero t\u00fa sigues concentrado atr\u00e1s, prepar\u00e1ndote para <strong>ese esfuerzo final que te permita sumar cinco o diez puntitos<\/strong>. Es un poco triste, pero sabemos que todo cuenta para los equipos de cola de tabla.<\/p>\n<p>            <script async src=\"https:\/\/platform.twitter.com\/widgets.js\" charset=\"utf-8\"><\/script><\/p>\n","protected":false},"excerpt":{"rendered":"Con la noticia de su renovaci\u00f3n de contrato reci\u00e9n comunicada, Ion Izagirre atiende a NOTICIAS DE GIPUZKOA desde&hellip;\n","protected":false},"author":2,"featured_media":167814,"comment_status":"","ping_status":"","sticky":false,"template":"","format":"standard","meta":{"footnotes":""},"categories":[273],"tags":[3076,313,9301,312,168,25,24,15436,48366,1135,49086,23,167],"class_list":{"0":"post-167813","1":"post","2":"type-post","3":"status-publish","4":"format-standard","5":"has-post-thumbnail","7":"category-ciclismo","8":"tag-3076","9":"tag-ciclismo","10":"tag-cofidis","11":"tag-cycling","12":"tag-deportes","13":"tag-es","14":"tag-espana","15":"tag-ion","16":"tag-izagirre","17":"tag-renovacion","18":"tag-rentrevista","19":"tag-spain","20":"tag-sports"},"share_on_mastodon":{"url":"","error":""},"_links":{"self":[{"href":"https:\/\/www.europesays.com\/es\/wp-json\/wp\/v2\/posts\/167813","targetHints":{"allow":["GET"]}}],"collection":[{"href":"https:\/\/www.europesays.com\/es\/wp-json\/wp\/v2\/posts"}],"about":[{"href":"https:\/\/www.europesays.com\/es\/wp-json\/wp\/v2\/types\/post"}],"author":[{"embeddable":true,"href":"https:\/\/www.europesays.com\/es\/wp-json\/wp\/v2\/users\/2"}],"replies":[{"embeddable":true,"href":"https:\/\/www.europesays.com\/es\/wp-json\/wp\/v2\/comments?post=167813"}],"version-history":[{"count":0,"href":"https:\/\/www.europesays.com\/es\/wp-json\/wp\/v2\/posts\/167813\/revisions"}],"wp:featuredmedia":[{"embeddable":true,"href":"https:\/\/www.europesays.com\/es\/wp-json\/wp\/v2\/media\/167814"}],"wp:attachment":[{"href":"https:\/\/www.europesays.com\/es\/wp-json\/wp\/v2\/media?parent=167813"}],"wp:term":[{"taxonomy":"category","embeddable":true,"href":"https:\/\/www.europesays.com\/es\/wp-json\/wp\/v2\/categories?post=167813"},{"taxonomy":"post_tag","embeddable":true,"href":"https:\/\/www.europesays.com\/es\/wp-json\/wp\/v2\/tags?post=167813"}],"curies":[{"name":"wp","href":"https:\/\/api.w.org\/{rel}","templated":true}]}}