{"id":167815,"date":"2025-10-10T16:06:08","date_gmt":"2025-10-10T16:06:08","guid":{"rendered":"https:\/\/www.europesays.com\/es\/167815\/"},"modified":"2025-10-10T16:06:08","modified_gmt":"2025-10-10T16:06:08","slug":"revelan-cuando-se-tomara-la-decision-sobre-el-futuro-de-colapinto-en-la-formula-1-y-cual-sera-la-misma-radio-zona","status":"publish","type":"post","link":"https:\/\/www.europesays.com\/es\/167815\/","title":{"rendered":"revelan cu\u00e1ndo se tomar\u00e1 la decisi\u00f3n sobre el futuro de Colapinto en la F\u00f3rmula 1 y cu\u00e1l ser\u00e1 la misma \u2013 Radio Zona"},"content":{"rendered":"<p>El piloto argentino de Alpine enderez\u00f3 el rumbo en las \u00faltimas carreras y qued\u00f3 muy cerca de permanecer en la F\u00f3rmula 1.<\/p>\n<p>Se aproxima la recta final de la temporada en la F\u00f3rmula 1 y todos los ojos est\u00e1n puestos en el futuro de Franco Colapinto, segundo piloto de la escuder\u00eda Alpine detr\u00e1s de Pierre Gasly. M\u00e1s all\u00e1 de las serias dificultades presentadas por el modesto monoplaza, el argentino parece haber enderezado su rumbo, exponiendo grandes actuaciones.<\/p>\n<p>Flavio Briatore y compa\u00f1\u00eda est\u00e1n analizando qu\u00e9 hacer pensando en la temporada 2026 de la categor\u00eda m\u00e1s importante del automovilismo mundial, instancia en la que Alpine ya contar\u00e1 con un veh\u00edculo mejorado. Por ello, el argentino de 22 a\u00f1os de edad y oriundo de Pilar, provincia de Buenos Aires, tiene el m\u00e1ximo deseo de permanecer para poder demostrar en un contexto m\u00e1s amigable.<\/p>\n<p>En las \u00faltimas carreras, Colapinto ha reflejado un desempe\u00f1o m\u00e1s interesante que Gasly y esto ha generado que gane terreno en su batalla por quedarse en la escuder\u00eda francesa. Sin ir m\u00e1s lejos, los principales medios de comunicaci\u00f3n especializados ya hablan de que est\u00e1 todo dado para que el argentino sea confirmado.<\/p>\n<p><strong>Expand article logo Continuar leyendo<\/strong><\/p>\n<p>\u201cEs muy probable que la decisi\u00f3n se tome en noviembre, antes del \u00faltimo gran Premio de la temporada. Colapinto tiene las mejores cartas en la mano, ya que se ha observado una tendencia al alza en sus recientes actuaciones\u201d, indic\u00f3 el sitio web \u2018GP Blog\u2019. De esta manera, el anuncio se dar\u00eda bajo la \u00f3rbita del Gran Premio de Qatar.<\/p>\n<p>\u201cPor diversas razones, el inicio de Colapinto en Alpine fue complicado, lo que gener\u00f3 dudas sobre su futuro. Sin embargo, desde entonces, el piloto de 22 a\u00f1os ha cosechado una s\u00f3lida racha de carreras y consolidando su posici\u00f3n de cara a 2026?, contribuy\u00f3 el portal \u201cLWOS\u201d, en una nota redactada por el periodista Jaden D\u00edaz-Ndisang.<\/p>\n<p>\u201cUna serie de errores y trompos en sus primeros fines de semana en Alpine fueron perjudiciales para el valor de mercado de Colapinto. El consenso sobre el reemplazo de Jack Doohan, tanto entre los observadores ocasionales como entre los medios de comunicaci\u00f3n, fue que el australiano perdi\u00f3 su asiento injustamente. Por ello, Colapinto ten\u00eda un list\u00f3n muy alto para justificar su nombramiento a mitad de temporada\u201d, a\u00f1adi\u00f3.<\/p>\n<p>Y, luego, concluy\u00f3: \u201cColapinto ha superado a Gasly en tres de las \u00faltimas cuatro sesiones de clasificaci\u00f3n, una estad\u00edstica alentadora para alguien con tan poca experiencia, especialmente teniendo en cuenta que Colapinto no complet\u00f3 ninguna prueba de pretemporada. Esta tendencia se ha consolidado desde las vacaciones de verano, con Colapinto optimizando su A525 e igualando o incluso superando el rendimiento de Gasly\u201d.<\/p>\n<p><strong>Cu\u00e1ndo corre Franco Colapinto en la F\u00f3rmula 1<br \/><\/strong>Despu\u00e9s de hacer varias escalas en Europa y posteriormente en Asia, la F\u00f3rmula 1 regresa al continente americano. En el fin de semana del 17, 18 y 19 de octubre se lleva a cabo el Gran Premio de Estados Unidos en el Circuito de las Am\u00e9ricas. All\u00ed, Franco Colapinto entrar\u00e1 en acci\u00f3n en un momento clave para definir su futuro en la categor\u00eda y en Alpine como compa\u00f1ero de Pierre Gasly.<\/p>\n<p><strong>Calendario restante de la temporada 2025 de la F\u00f3rmula 1<br \/><\/strong>Gran Premio de Estados Unidos \u2013 Austin \u2013 19 de octubre<br \/>Gran Premio de la Ciudad de M\u00e9xico \u2013 Ciudad de M\u00e9xico \u2013 26 de octubre<br \/>Gran Premio de Brasil \u2013 Interlagos \u2013 9 de noviembre<br \/>Gran Premio de Las Vegas \u2013 Las Vegas \u2013 22 de noviembre<br \/>Gran Premio de Qatar \u2013 Losail \u2013 30 de noviembre<br \/>Gran Premio de Abu Dabi \u2013 Yas Marina \u2013 7 de diciembre<\/p>\n<p>\t\t\t\t\tSource:<br \/>\n\t\t\t\t\t<a rel=\"nofollow\" target=\"_blank\"> Bolavip Argentina<\/a><\/p>\n","protected":false},"excerpt":{"rendered":"El piloto argentino de Alpine enderez\u00f3 el rumbo en las \u00faltimas carreras y qued\u00f3 muy cerca de permanecer&hellip;\n","protected":false},"author":2,"featured_media":167816,"comment_status":"","ping_status":"","sticky":false,"template":"","format":"standard","meta":{"footnotes":""},"categories":[270],"tags":[168,25,24,306,271,272,23,167],"class_list":{"0":"post-167815","1":"post","2":"type-post","3":"status-publish","4":"format-standard","5":"has-post-thumbnail","7":"category-formula-1","8":"tag-deportes","9":"tag-es","10":"tag-espana","11":"tag-f1","12":"tag-formula-1","13":"tag-formula1","14":"tag-spain","15":"tag-sports"},"share_on_mastodon":{"url":"","error":""},"_links":{"self":[{"href":"https:\/\/www.europesays.com\/es\/wp-json\/wp\/v2\/posts\/167815","targetHints":{"allow":["GET"]}}],"collection":[{"href":"https:\/\/www.europesays.com\/es\/wp-json\/wp\/v2\/posts"}],"about":[{"href":"https:\/\/www.europesays.com\/es\/wp-json\/wp\/v2\/types\/post"}],"author":[{"embeddable":true,"href":"https:\/\/www.europesays.com\/es\/wp-json\/wp\/v2\/users\/2"}],"replies":[{"embeddable":true,"href":"https:\/\/www.europesays.com\/es\/wp-json\/wp\/v2\/comments?post=167815"}],"version-history":[{"count":0,"href":"https:\/\/www.europesays.com\/es\/wp-json\/wp\/v2\/posts\/167815\/revisions"}],"wp:featuredmedia":[{"embeddable":true,"href":"https:\/\/www.europesays.com\/es\/wp-json\/wp\/v2\/media\/167816"}],"wp:attachment":[{"href":"https:\/\/www.europesays.com\/es\/wp-json\/wp\/v2\/media?parent=167815"}],"wp:term":[{"taxonomy":"category","embeddable":true,"href":"https:\/\/www.europesays.com\/es\/wp-json\/wp\/v2\/categories?post=167815"},{"taxonomy":"post_tag","embeddable":true,"href":"https:\/\/www.europesays.com\/es\/wp-json\/wp\/v2\/tags?post=167815"}],"curies":[{"name":"wp","href":"https:\/\/api.w.org\/{rel}","templated":true}]}}