{"id":167823,"date":"2025-10-10T16:10:10","date_gmt":"2025-10-10T16:10:10","guid":{"rendered":"https:\/\/www.europesays.com\/es\/167823\/"},"modified":"2025-10-10T16:10:10","modified_gmt":"2025-10-10T16:10:10","slug":"es-la-segunda-vez-que-lo-consigo","status":"publish","type":"post","link":"https:\/\/www.europesays.com\/es\/167823\/","title":{"rendered":"Es la segunda vez que lo consigo"},"content":{"rendered":"<p class=\"ft-text\">El fot\u00f3grafo <strong>David Couce<\/strong> ha logrado una de las im\u00e1genes m\u00e1s dif\u00edciles y fascinantes que puede ofrecer la costa gallega: <strong>el rayo verde,<\/strong> un fen\u00f3meno \u00f3ptico tan breve como extraordinario, visible solo durante unos segundos al amanecer o al atardecer.<\/p>\n<p class=\"ft-text\">La fotograf\u00eda fue tomada desde <strong>Pontedeume<\/strong>, con las bateas de Lorb\u00e9 en primer plano y la <strong>Torre de H\u00e9rcules<\/strong> sobre el horizonte. En el instante en que el sol se oculta tras el mar, un destello verde aparece en el borde superior del disco solar. \u201c<strong>Una foto con este encuadre solo se puede hacer durante tres d\u00edas en oto\u00f1o y tres d\u00edas en primavera<\/strong>\u201d, explica Couce. \u201cDurante los \u00faltimos a\u00f1os siempre lo intento. <strong>Es la segunda vez que lo consigo<\/strong>; los otros d\u00edas fue imposible por las nubes\u201d.<\/p>\n<p class=\"ft-text\">El fot\u00f3grafo, especializado en capturar la belleza del paisaje y de la naturaleza, destaca la dificultad t\u00e9cnica y la satisfacci\u00f3n personal que supone esta imagen: \u201cHe fotografiado el rayo verde muchas veces, pero <strong>hacerlo con un encuadre tan bonito da m\u00e1s satisfacci\u00f3n. Es m\u00e1s \u00fanico y especial\u201d<\/strong>.<\/p>\n<p>\u00bfQu\u00e9 es el rayo verde?<\/p>\n<p class=\"ft-text\">El rayo verde es un fen\u00f3meno \u00f3ptico que <strong>se produce cuando el sol est\u00e1 a punto de ponerse o de salir<\/strong>, y su luz blanca se descompone al atravesar las capas de la atm\u00f3sfera. Debido a la refracci\u00f3n y dispersi\u00f3n de la luz, los colores del espectro se separan, y durante un instante fugaz \u2014de apenas uno o dos segundos\u2014 puede percibirse un destello verde intenso en el borde del sol.<\/p>\n<p class=\"ft-text\">Es un fen\u00f3meno <strong>muy poco frecuente<\/strong>, ya que requiere una atm\u00f3sfera limpia, sin nubes ni bruma marina, y un horizonte completamente despejado. Aunque suele pasar inadvertido al ojo humano, los fot\u00f3grafos con buena preparaci\u00f3n y paciencia pueden llegar a capturarlo.<\/p>\n","protected":false},"excerpt":{"rendered":"El fot\u00f3grafo David Couce ha logrado una de las im\u00e1genes m\u00e1s dif\u00edciles y fascinantes que puede ofrecer la&hellip;\n","protected":false},"author":2,"featured_media":167824,"comment_status":"","ping_status":"","sticky":false,"template":"","format":"standard","meta":{"footnotes":""},"categories":[173],"tags":[229,233,231,230,7879,232,960,234,146,147,25,24,7629,244,1875,10561,1139,2829,23],"class_list":{"0":"post-167823","1":"post","2":"type-post","3":"status-publish","4":"format-standard","5":"has-post-thumbnail","7":"category-arte-y-diseno","8":"tag-arte","9":"tag-arte-y-diseno","10":"tag-arts","11":"tag-arts-and-design","12":"tag-coruna","13":"tag-design","14":"tag-dias","15":"tag-diseno","16":"tag-entertainment","17":"tag-entretenimiento","18":"tag-es","19":"tag-espana","20":"tag-fenomeno","21":"tag-fotografia","22":"tag-luz","23":"tag-rayo","24":"tag-seis","25":"tag-sol","26":"tag-spain"},"share_on_mastodon":{"url":"","error":""},"_links":{"self":[{"href":"https:\/\/www.europesays.com\/es\/wp-json\/wp\/v2\/posts\/167823","targetHints":{"allow":["GET"]}}],"collection":[{"href":"https:\/\/www.europesays.com\/es\/wp-json\/wp\/v2\/posts"}],"about":[{"href":"https:\/\/www.europesays.com\/es\/wp-json\/wp\/v2\/types\/post"}],"author":[{"embeddable":true,"href":"https:\/\/www.europesays.com\/es\/wp-json\/wp\/v2\/users\/2"}],"replies":[{"embeddable":true,"href":"https:\/\/www.europesays.com\/es\/wp-json\/wp\/v2\/comments?post=167823"}],"version-history":[{"count":0,"href":"https:\/\/www.europesays.com\/es\/wp-json\/wp\/v2\/posts\/167823\/revisions"}],"wp:featuredmedia":[{"embeddable":true,"href":"https:\/\/www.europesays.com\/es\/wp-json\/wp\/v2\/media\/167824"}],"wp:attachment":[{"href":"https:\/\/www.europesays.com\/es\/wp-json\/wp\/v2\/media?parent=167823"}],"wp:term":[{"taxonomy":"category","embeddable":true,"href":"https:\/\/www.europesays.com\/es\/wp-json\/wp\/v2\/categories?post=167823"},{"taxonomy":"post_tag","embeddable":true,"href":"https:\/\/www.europesays.com\/es\/wp-json\/wp\/v2\/tags?post=167823"}],"curies":[{"name":"wp","href":"https:\/\/api.w.org\/{rel}","templated":true}]}}