{"id":167825,"date":"2025-10-10T16:11:08","date_gmt":"2025-10-10T16:11:08","guid":{"rendered":"https:\/\/www.europesays.com\/es\/167825\/"},"modified":"2025-10-10T16:11:08","modified_gmt":"2025-10-10T16:11:08","slug":"la-programacion-infantil-de-la-feria-del-libro-de-sevilla-plantea-un-viaje-para-conocer-que-leer-es-sonar-en-voz-alta","status":"publish","type":"post","link":"https:\/\/www.europesays.com\/es\/167825\/","title":{"rendered":"La programaci\u00f3n infantil de la Feria del Libro de Sevilla plantea un viaje para conocer que leer es \u00abso\u00f1ar en voz alta\u00bb"},"content":{"rendered":"<p>    SEVILLA 10 Oct. (EUROPA PRESS) &#8211; <\/p>\n<p>   La Feria del Libro de Sevilla de 2025 cuenta con una programaci\u00f3n infantil que, bajo el lema &#8216;Literatura de Altura Creciente&#8217;, propone un viaje para descubrir que leer es \u00abuna forma de crecer, de imaginar, de so\u00f1ar en voz alta\u00bb. De este modo, escritoras e ilustradores de reconocido prestigio nacional e internacional compartir\u00e1n con el p\u00fablico infantil su \u00abmanera \u00fanica de entender la creaci\u00f3n\u00bb, con talleres, bebecuentos, sesiones de narraci\u00f3n oral y hasta un programa de radio en directo.<\/p>\n<p>    Entre las voces que har\u00e1n volar la imaginaci\u00f3n de los m\u00e1s peque\u00f1os, se encuentran la narradora y escritora Margarita del Mazo, maestra de la palabra viva; Concha Pasamar, autora integral que combina palabra e imagen en obras premiadas como &#8216;Cuando mam\u00e1 llevaba trenzas&#8217; o &#8216;Hora de so\u00f1ar&#8217;, informa en la organizaci\u00f3n en un comunicado.<\/p>\n<p>   Asimismo, estar\u00e1n presentes la ilustradora Mar\u00eda Pascual de la Torre, reconocida por su sensibilidad visual y sonora; el ilustrador italiano Andrea Antinori, Premio Internacional de Ilustraci\u00f3n BCBF-Fundaci\u00f3n SM; la Compa\u00f1\u00eda Planas y Ardila que deleitar\u00e1 al p\u00fablico de 3 a\u00f1os y el Colectivo Esc\u00e9nico L\u00e9golas, que desde hace m\u00e1s de tres d\u00e9cadas transforma los cuentos en puro juego teatral.<\/p>\n<p>    Junto a ellos, otras creadoras como Susanna Isern, Gema Sirvent, Cristina Peregrina, Raquel D\u00edaz Reguera y Mar\u00eda Asuero completan una programaci\u00f3n que tiende puentes entre la literatura, la ilustraci\u00f3n, la emoci\u00f3n y la educaci\u00f3n.<\/p>\n<p>LEER, JUGAR, SO\u00d1AR Y CRECER<\/p>\n<p>   Los talleres de &#8216;Literatura de Altura Creciente&#8217; son \u00abuna invitaci\u00f3n a crear, a descubrir y a dejarse llevar por la fantas\u00eda\u00bb. Una amplia variedad que incluye talleres de ilustraci\u00f3n en familia (en el espacio \u00c9rase y con inscripci\u00f3n previa en el mismo espacio), el programa infantil de radio en abierto &#8216;Menudo Castillo&#8217;, actividades &#8216;Fan de Libros&#8217;, espect\u00e1culos de narraci\u00f3n oral para p\u00fabico familiar, presentaciones contadas y espect\u00e1culos de cuentos para beb\u00e9s.<\/p>\n","protected":false},"excerpt":{"rendered":"SEVILLA 10 Oct. (EUROPA PRESS) &#8211; La Feria del Libro de Sevilla de 2025 cuenta con una programaci\u00f3n&hellip;\n","protected":false},"author":2,"featured_media":167826,"comment_status":"","ping_status":"","sticky":false,"template":"","format":"standard","meta":{"footnotes":""},"categories":[172],"tags":[224,146,147,25,24,225,23],"class_list":{"0":"post-167825","1":"post","2":"type-post","3":"status-publish","4":"format-standard","5":"has-post-thumbnail","7":"category-libros","8":"tag-books","9":"tag-entertainment","10":"tag-entretenimiento","11":"tag-es","12":"tag-espana","13":"tag-libros","14":"tag-spain"},"share_on_mastodon":{"url":"","error":""},"_links":{"self":[{"href":"https:\/\/www.europesays.com\/es\/wp-json\/wp\/v2\/posts\/167825","targetHints":{"allow":["GET"]}}],"collection":[{"href":"https:\/\/www.europesays.com\/es\/wp-json\/wp\/v2\/posts"}],"about":[{"href":"https:\/\/www.europesays.com\/es\/wp-json\/wp\/v2\/types\/post"}],"author":[{"embeddable":true,"href":"https:\/\/www.europesays.com\/es\/wp-json\/wp\/v2\/users\/2"}],"replies":[{"embeddable":true,"href":"https:\/\/www.europesays.com\/es\/wp-json\/wp\/v2\/comments?post=167825"}],"version-history":[{"count":0,"href":"https:\/\/www.europesays.com\/es\/wp-json\/wp\/v2\/posts\/167825\/revisions"}],"wp:featuredmedia":[{"embeddable":true,"href":"https:\/\/www.europesays.com\/es\/wp-json\/wp\/v2\/media\/167826"}],"wp:attachment":[{"href":"https:\/\/www.europesays.com\/es\/wp-json\/wp\/v2\/media?parent=167825"}],"wp:term":[{"taxonomy":"category","embeddable":true,"href":"https:\/\/www.europesays.com\/es\/wp-json\/wp\/v2\/categories?post=167825"},{"taxonomy":"post_tag","embeddable":true,"href":"https:\/\/www.europesays.com\/es\/wp-json\/wp\/v2\/tags?post=167825"}],"curies":[{"name":"wp","href":"https:\/\/api.w.org\/{rel}","templated":true}]}}