{"id":167827,"date":"2025-10-10T16:12:08","date_gmt":"2025-10-10T16:12:08","guid":{"rendered":"https:\/\/www.europesays.com\/es\/167827\/"},"modified":"2025-10-10T16:12:08","modified_gmt":"2025-10-10T16:12:08","slug":"rtve-premia-a-ines-hernand-con-un-nuevo-programa-para-la-1","status":"publish","type":"post","link":"https:\/\/www.europesays.com\/es\/167827\/","title":{"rendered":"RTVE premia a In\u00e9s Hernand con un nuevo programa para La 1"},"content":{"rendered":"<p style=\"\">In\u00e9s Hernand sigue siendo un &#8216;icono&#8217; para RTVE. La televisi\u00f3n p\u00fablica ha vuelto a confiar en una de <a href=\"https:\/\/www.abc.es\/play\/television\/noticias\/planes-futuro-familia-tele-retiro-montana-vacaciones-20250618195927-nt.html\" target=\"_self\" data-voc-vtm-id=\"in-text-traffic\" title=\"sus caras m\u00e1s reconocibles de los \u00faltimos a\u00f1os\" rel=\"nofollow noopener\">sus caras m\u00e1s reconocibles de los \u00faltimos a\u00f1os<\/a>: In\u00e9s Hernand. La comunicadora madrile\u00f1a, abogada y ganadora de &#8216;MasterChef Celebrity&#8217;, se pondr\u00e1 al frente de &#8216;Ordena tu  &#8230; vida&#8217;, la nueva gran apuesta de la cadena p\u00fablica. El formato, producido por RTVE en colaboraci\u00f3n con Lavinia Audiovisual, adapta el \u00e9xito internacional &#8216;Sort Your Life Out&#8217;, que ya suma seis temporadas en BBC One y se ha convertido en un fen\u00f3meno global de organizaci\u00f3n dom\u00e9stica y transformaci\u00f3n personal.<\/p>\n<p class=\"voc-p\" style=\"\">En este nuevo espacio, Hernand ayudar\u00e1 a diferentes familias a transformar sus hogares y sus rutinas. Cada episodio mostrar\u00e1 el proceso de sacar todas las pertenencias de una casa, llevarlas a un trastero y decidir, una a una, cu\u00e1les conservar y cu\u00e1les dejar ir. Con soluciones de almacenamiento, limpieza profunda y peque\u00f1os toques de renovaci\u00f3n, el programa busca ense\u00f1ar \u00abel poder de la organizaci\u00f3n para mejorar la vida diaria\u00bb. No se trata solo de limpiar, explican desde RTVE, sino de \u00abreinventar la vida de los participantes, ayud\u00e1ndoles a desprenderse de objetos acumulados, redescubrir recuerdos y crear un hogar renovado y funcional\u00bb.<\/p>\n<p class=\"voc-p\" style=\"\">&#8216;Ordena tu vida&#8217; combina emoci\u00f3n, transformaci\u00f3n y consejos pr\u00e1cticos, con el prop\u00f3sito de hacer de cada cap\u00edtulo una experiencia inspiradora. La propia cadena lo define como un \u00abformato familiar, inspirador y cercano\u00bb, que invita al espectador a reflexionar sobre su relaci\u00f3n con el orden, el consumo y los afectos. Adem\u00e1s, el programa contar\u00e1 con la colaboraci\u00f3n de un equipo de expertos en organizaci\u00f3n, que junto a Hernand propondr\u00e1n soluciones creativas para optimizar el espacio y reducir el estr\u00e9s en el hogar.<\/p>\n<p class=\"voc-p\" style=\"\">El formato original, &#8216;Sort Your Life Out&#8217;, ha sido adaptado con \u00e9xito en pa\u00edses como Francia, Dinamarca, Noruega, Alemania o Nueva Zelanda, y ha recibido reconocimientos en los BAFTA TV Awards, los C21 Format Awards o los Edinburgh TV Awards. Con esta adaptaci\u00f3n, RTVE busca traer al p\u00fablico espa\u00f1ol una versi\u00f3n \u00aba su medida\u00bb, adaptada a la realidad de las familias locales y al tono caracter\u00edstico de In\u00e9s Hernand, que promete \u00abaportar su energ\u00eda, humor y cercan\u00eda al proyecto\u00bb.<\/p>\n<p class=\"voc-p\" style=\"\">Desde que aquel \u00abicono\u00bb que grit\u00f3 a Pedro S\u00e1nchez y que la catapult\u00f3 al imaginario colectivo, In\u00e9s Hernand ha sabido mantenerse en el radar medi\u00e1tico, y RTVE parece dispuesta a seguir midiendo su fe en ella. En los \u00faltimos a\u00f1os, la presentadora se ha convertido en una presencia constante en la cadena p\u00fablica, aunque no siempre con los resultados esperados. Formatos como &#8216;No s\u00e9 de qu\u00e9 me hablas&#8217; o &#8216;Pasa sin llamar&#8217; pasaron por la parrilla, mientras otros, como &#8216;La familia de la tele&#8217;, apenas lograron hacerse un hueco entre el p\u00fablico. Aun as\u00ed, RTVE contin\u00faa apostando por su carisma y su tono gamberro. Hernand, que ya hab\u00eda pasado por &#8216;Gen PlayZ&#8217; o el Benidorm Fest, donde ha sido una de las caras m\u00e1s reconocibles, afronta con &#8216;Ordena tu vida&#8217; un nuevo intento de consolidarse en el gran p\u00fablico.<\/p>\n","protected":false},"excerpt":{"rendered":"In\u00e9s Hernand sigue siendo un &#8216;icono&#8217; para RTVE. La televisi\u00f3n p\u00fablica ha vuelto a confiar en una de&hellip;\n","protected":false},"author":2,"featured_media":167828,"comment_status":"","ping_status":"","sticky":false,"template":"","format":"standard","meta":{"footnotes":""},"categories":[171],"tags":[146,147,25,24,49089,42146,524,16335,2145,518,23,214],"class_list":{"0":"post-167827","1":"post","2":"type-post","3":"status-publish","4":"format-standard","5":"has-post-thumbnail","7":"category-tv","8":"tag-entertainment","9":"tag-entretenimiento","10":"tag-es","11":"tag-espana","12":"tag-hernand","13":"tag-ines","14":"tag-nuevo","15":"tag-premia","16":"tag-programa","17":"tag-rtve","18":"tag-spain","19":"tag-tv"},"share_on_mastodon":{"url":"","error":""},"_links":{"self":[{"href":"https:\/\/www.europesays.com\/es\/wp-json\/wp\/v2\/posts\/167827","targetHints":{"allow":["GET"]}}],"collection":[{"href":"https:\/\/www.europesays.com\/es\/wp-json\/wp\/v2\/posts"}],"about":[{"href":"https:\/\/www.europesays.com\/es\/wp-json\/wp\/v2\/types\/post"}],"author":[{"embeddable":true,"href":"https:\/\/www.europesays.com\/es\/wp-json\/wp\/v2\/users\/2"}],"replies":[{"embeddable":true,"href":"https:\/\/www.europesays.com\/es\/wp-json\/wp\/v2\/comments?post=167827"}],"version-history":[{"count":0,"href":"https:\/\/www.europesays.com\/es\/wp-json\/wp\/v2\/posts\/167827\/revisions"}],"wp:featuredmedia":[{"embeddable":true,"href":"https:\/\/www.europesays.com\/es\/wp-json\/wp\/v2\/media\/167828"}],"wp:attachment":[{"href":"https:\/\/www.europesays.com\/es\/wp-json\/wp\/v2\/media?parent=167827"}],"wp:term":[{"taxonomy":"category","embeddable":true,"href":"https:\/\/www.europesays.com\/es\/wp-json\/wp\/v2\/categories?post=167827"},{"taxonomy":"post_tag","embeddable":true,"href":"https:\/\/www.europesays.com\/es\/wp-json\/wp\/v2\/tags?post=167827"}],"curies":[{"name":"wp","href":"https:\/\/api.w.org\/{rel}","templated":true}]}}