{"id":167831,"date":"2025-10-10T16:14:17","date_gmt":"2025-10-10T16:14:17","guid":{"rendered":"https:\/\/www.europesays.com\/es\/167831\/"},"modified":"2025-10-10T16:14:17","modified_gmt":"2025-10-10T16:14:17","slug":"el-inesperado-efecto-del-documental-de-marta-luisa-de-noruega","status":"publish","type":"post","link":"https:\/\/www.europesays.com\/es\/167831\/","title":{"rendered":"El inesperado efecto del documental de Marta Luisa de Noruega"},"content":{"rendered":"<p id=\"emPFhLyQ-w\" data-wc=\"92\">Hace unas semanas <strong>Marta Luisa de Noruega y su marido, el cham\u00e1n Durek Verrett<\/strong>, <a class=\"hm-link ho-link\" href=\"https:\/\/www.hola.com\/realeza\/casa_noruega\/20250917856317\/marta-luisa-durek-verrett-escandalo-documental-harry-y-meghan\/\" data-mrf-recirculation=\"article-body-link\" rel=\"nofollow noopener\" target=\"_blank\">estrenaron su pol\u00e9mico documental con Netflix<\/a>, Realeza rebelde: Una ins\u00f3lita historia de amor, un relato sobre la boda de la pareja que incluy\u00f3 <strong>acusaciones de racismo, rechazo institucional, acoso y falta de a<\/strong><strong>poyo,<\/strong> al tiempo que fue una clara ruptura del <a class=\"hm-link ho-link\" href=\"https:\/\/www.hola.com\/realeza\/casa_noruega\/20221110220626\/rey-harald-de-noruega-declaraciones-marcha-princesa-marta-luisa\/\" data-mrf-recirculation=\"article-body-link\" rel=\"nofollow noopener\" target=\"_blank\">acuerdo al que hab\u00edan llegado con la Familia Real<\/a>. El efecto de esa pel\u00edcula no se ha hecho esperar, pasada la controversia inicial, la sorpresa ha llegado a modo de encuestas y tambi\u00e9n a pie de calle.\u00a0<\/p>\n<p> <img src=\"https:\/\/www.europesays.com\/es\/wp-content\/uploads\/2025\/10\/6ae33034aae7-nl12.jpg\"   width=\"1080\" height=\"1080\" loading=\"lazy\" decoding=\"async\" alt=\"El pr\u00edncipe Haakon tras los pasos del rey Harald en unas im\u00e1genes que se tomaron en el Palacio Real de Oslo en plena pol\u00e9mica por el 'Caso Marius'\" fetchpriority=\"auto\" class=\"image ho-image\"\/>\u00a9 GTRESEl pr\u00edncipe Haakon tras los pasos del rey Harald en unas im\u00e1genes que se tomaron en el Palacio Real de Oslo en plena pol\u00e9mica por el &#8216;Caso Marius&#8217;<\/p>\n<p id=\"eZXDLKcZza\" data-wc=\"68\">En Noruega todos los meses la agencia Norstat, entre otras, sondea el apoyo que recibe la monarqu\u00eda noruega por parte de los ciudadanos y ha sido en la encuesta de finales de septiembre, la que se realiz\u00f3 despu\u00e9s del estreno del documental para la cadena p\u00fablica NRK, la que <strong>arroj\u00f3 los mejores datos en un a\u00f1o y medio marcado, entre otras cosas, por el esc\u00e1ndalo de Marius Borg.<\/strong><\/p>\n<p> <img src=\"https:\/\/www.europesays.com\/es\/wp-content\/uploads\/2025\/10\/e3a85842e298-dlu563339022.jpg\"   width=\"1024\" height=\"666\" loading=\"lazy\" decoding=\"async\" alt=\"Los reyes Harald y Sonia, junto al pr\u00edncipe Haakon, saludan desde el balc\u00f3n del Palacio Real de Oslo durante mitad de agosto de 2024, cuando ya hab\u00eda saltado el Caso Marius, motivo por el cual la ausencia de la princesa Mette-Marit es muy significativa\" fetchpriority=\"auto\" class=\"image ho-image\"\/>\u00a9 GTRESLos reyes Harald y Sonia, junto al pr\u00edncipe Haakon, saludan desde el balc\u00f3n del Palacio Real de Oslo durante mitad de agosto de 2024, cuando ya hab\u00eda saltado el Caso Marius, motivo por el cual la ausencia de la princesa Mette-Marit es muy significativa<\/p>\n<p id=\"efyGbb1b7_\" data-wc=\"97\">Los \u00faltimos datos reflejan que el 73 por ciento apoya la jefatura del Estado que encabeza el rey Harald, lo que supone un salto respecto a la medici\u00f3n anterior, que se realiz\u00f3 antes de las vacaciones de verano y que se quedaba en el 69 por ciento. Si bien puede no parecer una cambio demasiado importante, la clave que da el citado medio es que ese apoyo se ha registrado en el grupo de edad de 30 a 39 a\u00f1os, que era el que se estaba cuestionando la idoneidad de la realeza noruega durante el \u00faltimo a\u00f1o.<\/p>\n<p> <img src=\"https:\/\/www.europesays.com\/es\/wp-content\/uploads\/2025\/10\/71943255a797-gettyimages-807806194.jpg\"   width=\"1024\" height=\"601\" loading=\"lazy\" decoding=\"async\" alt=\"Harald y Sonia de Noruega con su hija la princesa Marta Luisa de Noruega\" fetchpriority=\"auto\" class=\"image ho-image\"\/>\u00a9 Getty ImagesHarald y Sonia de Noruega con su hija la princesa Marta Luisa de Noruega<\/p>\n<p id=\"eIRdvf7qZW\" data-wc=\"71\">Aunque no se puede relacionar exactamente que este aumento se deba al pol\u00e9mico documental, as\u00ed lo han hecho los medios del pa\u00eds y, sobre todo, as\u00ed lo verbalizan los propios miembros de la realeza. Ya que tanto los reyes Harald y Sonia, como el pr\u00edncipe Haakon han declarado en distintos actos oficiales que<strong>\u00a0han recibido un importante apoyo por parte de los ciudadanos a ra\u00edz de la pel\u00edcula\u00a0<\/strong>de la princesa.\u00a0<\/p>\n<p> <img src=\"https:\/\/www.europesays.com\/es\/wp-content\/uploads\/2025\/10\/b99bc183d959-rebelroyalsanunlikelylovestoryu00005012.jpg\"   width=\"1024\" height=\"576\" loading=\"lazy\" decoding=\"async\" alt=\"Media Image\" fetchpriority=\"auto\" class=\"image ho-image\"\/>\u00a9 Courtesy of Netflix<\/p>\n<p> <img src=\"https:\/\/www.europesays.com\/es\/wp-content\/uploads\/2025\/10\/b0282e5245ff-rebelroyalsanunlikelylovestoryu01175407.jpg\"   width=\"1024\" height=\"576\" loading=\"lazy\" decoding=\"async\" alt=\"Dos im\u00e1genes del documental: &quot;Realeza Rebelde: Una ins\u00f3lita historia de amor&quot;\" fetchpriority=\"auto\" class=\"image ho-image\"\/>\u00a9 Courtesy of Netflix<\/p>\n<p> <img src=\"https:\/\/www.europesays.com\/es\/wp-content\/uploads\/2025\/09\/f42db6707a9c-rebelroyalsanunlikelylovestoryu01323906.jpg\"   width=\"1024\" height=\"576\" loading=\"lazy\" decoding=\"async\" alt=\"Tres im\u00e1genes de &quot;Rebel Royal&quot;, el documental de Marta Luisa de Noruega y Durek Verrett\" fetchpriority=\"auto\" class=\"image ho-image\"\/>\u00a9 Courtesy of NetflixTres im\u00e1genes de \u00abRebel Royal\u00bb, el documental de Marta Luisa de Noruega y Durek Verrett<\/p>\n<p id=\"ePbn-kV9T_\" data-wc=\"78\">\u00abNo s\u00e9 mucho al respecto, porque no he visto el documental directamente. Estaba en las monta\u00f1as y no hab\u00eda ninguna conexi\u00f3n. As\u00ed que no puedo decir nada al respecto. Pero siento que la gente transmite una gran calidez. Y eso nos llena de agradecimiento. Es muy, muy bonito\u00bb, acaba de declarar la reina Sonia durante el reciente aniversario de la Cruz Roja noruega, unas declaraciones que confirman la impresi\u00f3n que ya ten\u00eda su hijo d\u00edas despu\u00e9s del estreno.\u00a0<\/p>\n<p> <img src=\"https:\/\/www.europesays.com\/es\/wp-content\/uploads\/2025\/10\/0153ebafdda3-mette-marit-3.jpg\"   width=\"1024\" height=\"576\" loading=\"lazy\" decoding=\"async\" alt=\"Los reyes Harald y Sonia durante su entrevista con la cadena p\u00fablica noruega para su tradicional repaso del a\u00f1o \" fetchpriority=\"auto\" class=\"image ho-image\"\/>\u00a9 NRKLos reyes Harald y Sonia durante su entrevista con la cadena p\u00fablica noruega para su tradicional repaso del a\u00f1o <\/p>\n<p id=\"eCBMzwwZxp\" data-wc=\"43\">A diferencia de la reina, que no ha querido ahondar m\u00e1s en el tema, el rey Harald y el pr\u00edncipe Haakon s\u00ed admitieron sin problemas haberla visto y aunque no aportaron su opini\u00f3n personal sobre la pel\u00edcula, <strong>s\u00ed que hablaron sobre las consecuencias.<\/strong><\/p>\n<p id=\"enela402XR\" data-wc=\"78\">\u00abCreo que deber\u00eda abstenerme de juzgarlo. Pero, lamentablemente, creo que no distingue suficientemente entre las actividades de la Casa Real y el proyecto o el aspecto comercial de las actividades de la princesa y Durek Verret\u00bb, afirm\u00f3 el pr\u00edncipe Haakon. \u00a0<strong>\u00abHe notado que mucha gente ha dicho muchas cosas buenas sobre los Reyes despu\u00e9s, as\u00ed que creo que es bueno que est\u00e9n recibiendo apoyo\u00bb,<\/strong> a\u00f1adi\u00f3 el hermano de la protagonista del \u00faltimo documental real de la factor\u00eda Netflix.<\/p>\n<p> <img src=\"https:\/\/www.europesays.com\/es\/wp-content\/uploads\/2025\/10\/645c9cd18585-marta-luis-getty.jpg\"   width=\"614\" height=\"1024\" loading=\"lazy\" decoding=\"async\" alt=\"Familia Real de Noruega\" fetchpriority=\"auto\" class=\"image ho-image\"\/>\u00a9 Getty ImagesMarta Luisa de Noruega ha sido el foco de muchas pol\u00e9micas a ra\u00edz de su historia de amor, sin embargo, el rey Harald le facilit\u00f3 un camino para que pudiera ser mucho m\u00e1s libre<\/p>\n<p id=\"eHEVWJ-8uw\" data-wc=\"84\">El soberano noruego, que hace a\u00f1os se gan\u00f3 el apodo del vikingo invencible, ya que, a pesar de no tener sangre vikinga ha demostrado tener una capacidad admirable para resistir todo tipo de temporales, fue en esa l\u00ednea, aunque no puedo evitar ponerse en modo padre y deslizar la idea de que cuando \u00e9l no est\u00e9, sus dos hijos son los que tienen que encontrar el modo de entenderse.<strong>\u00a0\u00abHe visto la pel\u00edcula, creo que son otros los que deben juzgar el contenido\u00bb, declar\u00f3.<\/strong><\/p>\n<p> <img src=\"https:\/\/www.europesays.com\/es\/wp-content\/uploads\/2025\/10\/7bf786d6c7f2-barcoig.jpg\"   width=\"1024\" height=\"1024\" loading=\"lazy\" decoding=\"async\" alt=\"La Familia Real de Noreuga, de vacaciones en el barco Norge\" fetchpriority=\"auto\" class=\"image ho-image\"\/>\u00a9 detnorskekongehus<\/p>\n<p id=\"eRSOTxC2yc\" data-wc=\"85\">El soberano dej\u00f3 ver entonces que es consciente de que su hija y el marido de esta han roto el acuerdo con la Casa Real, pero se centra en encontrar una forma de avanzar. \u00abTenemos que seguir adelante, as\u00ed que vamos a intentar hacer algo al respecto mediante conversaciones. Seguimos conversando con ellos. <strong>C<\/strong><strong>reo que est\u00e1n m\u00e1s alineados con nosotros de lo que parece. Viviremos juntos el resto de nuestras vidas<\/strong>, los Pr\u00edncipes Herederos tienen que aceptarlo tambi\u00e9n, as\u00ed que tenemos que encontrar una soluci\u00f3n\u00bb.<\/p>\n<p> <img src=\"https:\/\/www.europesays.com\/es\/wp-content\/uploads\/2025\/10\/6cfda94c92b2-gettyimages-1236465124.jpg\"   width=\"1024\" height=\"682\" loading=\"lazy\" decoding=\"async\" alt=\"Media Image\" fetchpriority=\"auto\" class=\"image ho-image\"\/>\u00a9 Getty Images<\/p>\n<p id=\"eki_4KqR9-\" data-wc=\"116\">De lo que <strong>no quiere o\u00edr ni hablar el soberano y esta no es la primera vez que lo deja claro, es de la posibilidad de retirar a su \u00fanica hija el t\u00edtulo de princesa.\u00a0<\/strong>Es posible que sea un asunto doloroso para \u00e9l y que considere que a efectos pr\u00e1cticos no aporta demasiado, teniendo en cuenta que se le retiraron las funciones oficiales, la asignaci\u00f3n p\u00fablica y el t\u00edtulo de Alteza Real. No hay que olvidar que Marta Luisa es la \u00fanica hija de los reyes Harald y Sonia, para la que el entonces pr\u00edncipe heredero eligi\u00f3 el nombre de su madre, la princesa Marta de Suecia, a la que perdi\u00f3 siendo pr\u00e1cticamente un ni\u00f1o.\u00a0<\/p>\n","protected":false},"excerpt":{"rendered":"Hace unas semanas Marta Luisa de Noruega y su marido, el cham\u00e1n Durek Verrett, estrenaron su pol\u00e9mico documental&hellip;\n","protected":false},"author":2,"featured_media":167832,"comment_status":"","ping_status":"","sticky":false,"template":"","format":"standard","meta":{"footnotes":""},"categories":[169],"tags":[177,146,147,25,24,176,49090,8159,175,1027,8158,23],"class_list":{"0":"post-167831","1":"post","2":"type-post","3":"status-publish","4":"format-standard","5":"has-post-thumbnail","7":"category-cine","8":"tag-cine","9":"tag-entertainment","10":"tag-entretenimiento","11":"tag-es","12":"tag-espana","13":"tag-film","14":"tag-harald-de-noruega","15":"tag-marta-luisa-de-noruega","16":"tag-movies","17":"tag-realeza","18":"tag-realeza-noruega","19":"tag-spain"},"share_on_mastodon":{"url":"","error":""},"_links":{"self":[{"href":"https:\/\/www.europesays.com\/es\/wp-json\/wp\/v2\/posts\/167831","targetHints":{"allow":["GET"]}}],"collection":[{"href":"https:\/\/www.europesays.com\/es\/wp-json\/wp\/v2\/posts"}],"about":[{"href":"https:\/\/www.europesays.com\/es\/wp-json\/wp\/v2\/types\/post"}],"author":[{"embeddable":true,"href":"https:\/\/www.europesays.com\/es\/wp-json\/wp\/v2\/users\/2"}],"replies":[{"embeddable":true,"href":"https:\/\/www.europesays.com\/es\/wp-json\/wp\/v2\/comments?post=167831"}],"version-history":[{"count":0,"href":"https:\/\/www.europesays.com\/es\/wp-json\/wp\/v2\/posts\/167831\/revisions"}],"wp:featuredmedia":[{"embeddable":true,"href":"https:\/\/www.europesays.com\/es\/wp-json\/wp\/v2\/media\/167832"}],"wp:attachment":[{"href":"https:\/\/www.europesays.com\/es\/wp-json\/wp\/v2\/media?parent=167831"}],"wp:term":[{"taxonomy":"category","embeddable":true,"href":"https:\/\/www.europesays.com\/es\/wp-json\/wp\/v2\/categories?post=167831"},{"taxonomy":"post_tag","embeddable":true,"href":"https:\/\/www.europesays.com\/es\/wp-json\/wp\/v2\/tags?post=167831"}],"curies":[{"name":"wp","href":"https:\/\/api.w.org\/{rel}","templated":true}]}}