{"id":167837,"date":"2025-10-10T16:17:10","date_gmt":"2025-10-10T16:17:10","guid":{"rendered":"https:\/\/www.europesays.com\/es\/167837\/"},"modified":"2025-10-10T16:17:10","modified_gmt":"2025-10-10T16:17:10","slug":"muere-john-lodge-cantante-y-bajista-de-the-moody-blues-que-grabo-nights-in-white-satin-cultura","status":"publish","type":"post","link":"https:\/\/www.europesays.com\/es\/167837\/","title":{"rendered":"Muere\u00a0John\u00a0Lodge,\u00a0cantante\u00a0y\u00a0bajista\u00a0de The\u00a0Moody\u00a0Blues que grab\u00f3 \u2018Nights in White Satin\u2019 | Cultura"},"content":{"rendered":"<p class=\"\">John Lodge, bajista y uno de los cantantes de <a href=\"https:\/\/elpais.com\/cultura\/2025-07-28\/a-dos-horas-de-londres.html\" target=\"_blank\" rel=\"nofollow noopener\" title=\"https:\/\/elpais.com\/cultura\/2025-07-28\/a-dos-horas-de-londres.html\">la banda brit\u00e1nica de rock The Moody Blues<\/a>, ha fallecido a los 82 a\u00f1os, seg\u00fan inform\u00f3 su familia este viernes en un comunicado citado por medios del Reino Unido. La familia describi\u00f3 a Lodge como un \u201cquerido esposo, padre, abuelo, suegro y hermano\u201d, y explic\u00f3 que hab\u00eda sido \u201carrebatado de manera repentina e inesperada\u201d.<\/p>\n<p>M\u00e1s informaci\u00f3n<\/p>\n<p class=\"\">Nacido en Birmingham, Lodge se uni\u00f3 a The Moody Blues en 1966, dos a\u00f1os despu\u00e9s de la formaci\u00f3n del grupo. Con \u00e9l, la banda se alej\u00f3 de sus ra\u00edces originales de rhythm and blues para adentrarse en el terreno del rock sinf\u00f3nico. En 1967 el grupo public\u00f3 su gran \u00e9xito Nights in White Satin (conocida en Espa\u00f1a como Noches de blanco sat\u00e9n), donde Lodge toc\u00f3 el bajo y realiz\u00f3 los coros. Lodge permaneci\u00f3 en la agrupaci\u00f3n hasta 2018, cuando el grupo dej\u00f3 de actuar en vivo tras la retirada de Graeme Edge, el \u00faltimo miembro original. Ese mismo a\u00f1o, The Moody Blues ingresaron en el Sal\u00f3n de la Fama del Rock and Roll.<\/p>\n<p class=\"\">La banda es ampliamente reconocida <a href=\"https:\/\/elpais.com\/diario\/2006\/09\/24\/madrid\/1159097060_850215.html\" target=\"_self\" rel=\"nofollow noopener\" title=\"https:\/\/elpais.com\/diario\/2006\/09\/24\/madrid\/1159097060_850215.html\">por su papel pionero en el rock progresivo<\/a>, especialmente por el uso innovador de arreglos orquestales y del Mellotron, un instrumento de teclado electromec\u00e1nico que caracteriz\u00f3 su sonido. \u201cJohn se fue en paz, rodeado de sus seres queridos y de los sonidos de The Everly Brothers y Buddy Holly\u201d, a\u00f1ade el comunicado familiar, en referencia a los m\u00fasicos que Lodge admiraba profundamente. <\/p>\n<p><img decoding=\"auto\" class=\"_re lazyload a_m-h\" height=\"273\"  width=\"414\"  src=\"https:\/\/www.europesays.com\/es\/wp-content\/uploads\/2025\/10\/CXUOKO4D6JA7JGKX7ZNDKHEADM.jpg\" loading=\"lazy\"\/>The Moody Blues, con John Lodge en el centro, en 1972.Michael Putland (Getty Images)<\/p>\n<p class=\"\">Su \u00e1lbum de 1967, <a href=\"https:\/\/elpais.com\/diario\/2003\/08\/08\/revistaverano\/1060293623_850215.html\" target=\"_blank\" rel=\"nofollow noopener\" title=\"https:\/\/elpais.com\/diario\/2003\/08\/08\/revistaverano\/1060293623_850215.html\">Days of Future Passed, es considerado uno de los primeros discos conceptuales<\/a> de la historia, al fusionar el rock con la m\u00fasica cl\u00e1sica. De este trabajo surgi\u00f3 uno de los grandes \u00e9xitos de la banda: Nights in White Satin. Tambi\u00e9n form\u00f3 parte de discos ic\u00f3nicos como On the Threshold of a Dream (1969), A Question of Balance (1970) y Seventh Sojourn (1972), etapa en la que The Moody Blues consolid\u00f3 su influencia dentro del rock progresivo.<\/p>\n<p class=\"\">La familia de Lodge destac\u00f3 que el artista \u201cera m\u00e1s feliz cuando estaba sobre el escenario\u201d. En los \u00faltimos a\u00f1os, hab\u00eda seguido actuando junto a su yerno Jon Davison, actual vocalista de Yes, y colaboraba con sus hijos Emily y Kristian. Lodge curs\u00f3 estudios en el Birmingham College of Advanced Technology y contrajo matrimonio con su esposa Kirsten en 1968. Tuvieron dos hijos, y uno de los temas m\u00e1s personales de la banda, Emily\u2019s Song, fue compuesto en honor a su hija. El m\u00fasico se defin\u00eda como cristiano evang\u00e9lico y aseguraba que su fe lo hab\u00eda ayudado a mantenerse alejado de los excesos del mundo del rock.<\/p>\n","protected":false},"excerpt":{"rendered":"John Lodge, bajista y uno de los cantantes de la banda brit\u00e1nica de rock The Moody Blues, ha&hellip;\n","protected":false},"author":2,"featured_media":167838,"comment_status":"","ping_status":"","sticky":false,"template":"","format":"standard","meta":{"footnotes":""},"categories":[91],"tags":[7265,3061,209,146,147,25,24,332,185,724,2444,23],"class_list":{"0":"post-167837","1":"post","2":"type-post","3":"status-publish","4":"format-standard","5":"has-post-thumbnail","7":"category-entretenimiento","8":"tag-blues","9":"tag-cantantes","10":"tag-cultura","11":"tag-entertainment","12":"tag-entretenimiento","13":"tag-es","14":"tag-espana","15":"tag-inglaterra","16":"tag-musica","17":"tag-obituarios","18":"tag-reino-unido","19":"tag-spain"},"share_on_mastodon":{"url":"","error":""},"_links":{"self":[{"href":"https:\/\/www.europesays.com\/es\/wp-json\/wp\/v2\/posts\/167837","targetHints":{"allow":["GET"]}}],"collection":[{"href":"https:\/\/www.europesays.com\/es\/wp-json\/wp\/v2\/posts"}],"about":[{"href":"https:\/\/www.europesays.com\/es\/wp-json\/wp\/v2\/types\/post"}],"author":[{"embeddable":true,"href":"https:\/\/www.europesays.com\/es\/wp-json\/wp\/v2\/users\/2"}],"replies":[{"embeddable":true,"href":"https:\/\/www.europesays.com\/es\/wp-json\/wp\/v2\/comments?post=167837"}],"version-history":[{"count":0,"href":"https:\/\/www.europesays.com\/es\/wp-json\/wp\/v2\/posts\/167837\/revisions"}],"wp:featuredmedia":[{"embeddable":true,"href":"https:\/\/www.europesays.com\/es\/wp-json\/wp\/v2\/media\/167838"}],"wp:attachment":[{"href":"https:\/\/www.europesays.com\/es\/wp-json\/wp\/v2\/media?parent=167837"}],"wp:term":[{"taxonomy":"category","embeddable":true,"href":"https:\/\/www.europesays.com\/es\/wp-json\/wp\/v2\/categories?post=167837"},{"taxonomy":"post_tag","embeddable":true,"href":"https:\/\/www.europesays.com\/es\/wp-json\/wp\/v2\/tags?post=167837"}],"curies":[{"name":"wp","href":"https:\/\/api.w.org\/{rel}","templated":true}]}}