{"id":167843,"date":"2025-10-10T16:21:18","date_gmt":"2025-10-10T16:21:18","guid":{"rendered":"https:\/\/www.europesays.com\/es\/167843\/"},"modified":"2025-10-10T16:21:18","modified_gmt":"2025-10-10T16:21:18","slug":"hace-ordenanzas-como-antes-de-la-muerte-de-franco","status":"publish","type":"post","link":"https:\/\/www.europesays.com\/es\/167843\/","title":{"rendered":"\u00abHace ordenanzas como antes de la muerte de Franco\u00bb"},"content":{"rendered":"<p style=\"\">El presidente de CEOE, Antonio Garamendi, ha aclarado este viernes que no rechaza de plano el nuevo <a href=\"https:\/\/www.abc.es\/economia\/yolanda-diaz-ampliara-diez-dias-permiso-fallecimiento-20251009100457-nt.html\" target=\"_self\" data-voc-vtm-id=\"in-text-traffic\" title=\"permiso por fallecimiento\" data-mrf-link=\"www.abc.es\" rel=\"nofollow noopener\">permiso por fallecimiento<\/a> de diez d\u00edas que anunci\u00f3 ayer la ministra de Trabajo, Yolanda D\u00edaz, sino las \u00abformas\u00bb que emplea la l\u00edder de Sumar; l\u00e9ase, un anuncio  &#8230; sorpresivo, desconocido tanto por el Gobierno como por los agentes del di\u00e1logo social y al que sigue la pol\u00e9mica con los empresarios as\u00ed como con alg\u00fan miembro del propio gabinete.<\/p>\n<p class=\"voc-p\" style=\"\">\u00abYo lo que creo es que el Ministerio de Trabajo est\u00e1 utilizando el propio ministerio para hacer su propia campa\u00f1a personal\u00bb, ha indicado el presidente de la patronal en una entrevista en Radio Nacional. \u00ab<strong>Cuando el Parlamento no le da la raz\u00f3n, dice &#8216;voy por este lado&#8217;<\/strong> y empieza a dar noticias, empieza a intentar hacer ordenanzas como se hac\u00edan antes de la muerte de Franco para trufar lo que es el tema laboral\u00bb, ha a\u00f1adido, en una alusi\u00f3n nada velada al fracaso parlamentario de la reducci\u00f3n de jornada, al que sigui\u00f3 un bombardeo de iniciativas: registro de jornada, SMI con revisi\u00f3n trimestral y, ahora, nuevos permisos laborales. <\/p>\n<p class=\"voc-p\" style=\"\">Concretamente, la propuesta de D\u00edaz pasa por aprobar un Real Decreto que ampl\u00ede los permisos por fallecimiento <strong>hasta los 10 d\u00edas<\/strong> y cree un nuevo permiso para los que acompa\u00f1an a familiares en cuidados paliativos. Como ya se ha avanzado, a Garamendi la medida no le parece mal de entrada -\u00abYo no me estoy quejando del fondo de los asuntos\u00bb, ha dicho-, pero s\u00ed que una vez m\u00e1s el Ministerio act\u00fae \u00absalt\u00e1ndose a la torera el di\u00e1logo social\u00bb. <\/p>\n<p class=\"voc-p\" style=\"\">Y a esto se a\u00f1ade lo que \u00e9l cree que es voluntad de enfrentamiento por parte de D\u00edaz, ya que un comentario ayer por su parte en el que <strong>ironiz\u00f3 afirmando que \u00abnecesita un permiso de los anuncios del Ministerio\u00bb<\/strong>, le sirvi\u00f3 a la ministra para cargar las tintas: \u00abLe pedir\u00eda al se\u00f1or Garamendi seriedad, que deje de frivolizar con la vida y con el sufrimiento de los espa\u00f1oles y las espa\u00f1olas\u00bb. <\/p>\n<p>\n\u00abNo es que no quiera que nadie pueda llorar a sus fallecidos. No me creo tan mala persona\u00bb\n<\/p>\n<p class=\"voc-p\" style=\"\">El caso es que tambi\u00e9n en esto el l\u00edder de CEOE ve un patr\u00f3n: \u00abCuando algo no les gusta descalifican en lo personal\u00bb. <strong>\u00abNo es que no quiera que nadie pueda llorar a sus fallecidos, no me creo tan mala persona.<\/strong> Se buscan espacios populistas para atacar a la persona\u00bb, ha dicho, antes de ironizar con que el propio ministro de Econom\u00eda, Carlos Cuerpo, quiz\u00e1 sea la pr\u00f3xima v\u00edctima de esta estrategia, ya que ayer pidi\u00f3 a su compa\u00f1era de gabinete que busque el \u00abequilibrio\u00bb con las empresas. \u00abEspero que no le pongan otra vez la matr\u00edcula de mala persona\u00bb, ha bromeado, adem\u00e1s de a\u00f1adir que el ministro \u00abest\u00e1 en su sitio\u00bb. <\/p>\n<p class=\"voc-p\" style=\"\">Sea como fuere, y en respuesta a una pregunta del entrevistador, <strong>Garamendi ha insistido en que \u00abnunca dir\u00e1\u00bb que el di\u00e1logo social est\u00e1 muerto<\/strong> y ha puesto de ejemplo la relaci\u00f3n con la ministra de Seguridad Social, Elma Saiz: \u00abAyer mismo, en sentido contrario, tuve una reuni\u00f3n con el Ministerio de Seguridad Social para trabajar todo lo que es la incapacidad temporal, bajas&#8230; Son dos formas de trabajar. Cuando se hacen las cosas llegamos a much\u00edsimos acuerdos. La descalificaci\u00f3n porque me viene mal no la entiendo\u00bb. <\/p>\n","protected":false},"excerpt":{"rendered":"El presidente de CEOE, Antonio Garamendi, ha aclarado este viernes que no rechaza de plano el nuevo permiso&hellip;\n","protected":false},"author":2,"featured_media":167844,"comment_status":"","ping_status":"","sticky":false,"template":"","format":"standard","meta":{"footnotes":""},"categories":[8],"tags":[6630,17,18,658,779,25,24,13,14,4999,44245,11,19,20,4920,9,10,15,16,5024,49092,6728,23,12,21,22],"class_list":{"0":"post-167843","1":"post","2":"type-post","3":"status-publish","4":"format-standard","5":"has-post-thumbnail","7":"category-espana","8":"tag-acusa","9":"tag-breaking-news","10":"tag-breakingnews","11":"tag-campana","12":"tag-diaz","13":"tag-es","14":"tag-espana","15":"tag-featured-news","16":"tag-featurednews","17":"tag-franco","18":"tag-garamendi","19":"tag-headlines","20":"tag-latest-news","21":"tag-latestnews","22":"tag-muerte","23":"tag-news","24":"tag-noticias","25":"tag-noticias-destacadas","26":"tag-noticiasdestacadas","27":"tag-nuevos","28":"tag-ordenanzas","29":"tag-permisos","30":"tag-spain","31":"tag-titulares","32":"tag-ultimas-noticias","33":"tag-ultimasnoticias"},"share_on_mastodon":{"url":"","error":""},"_links":{"self":[{"href":"https:\/\/www.europesays.com\/es\/wp-json\/wp\/v2\/posts\/167843","targetHints":{"allow":["GET"]}}],"collection":[{"href":"https:\/\/www.europesays.com\/es\/wp-json\/wp\/v2\/posts"}],"about":[{"href":"https:\/\/www.europesays.com\/es\/wp-json\/wp\/v2\/types\/post"}],"author":[{"embeddable":true,"href":"https:\/\/www.europesays.com\/es\/wp-json\/wp\/v2\/users\/2"}],"replies":[{"embeddable":true,"href":"https:\/\/www.europesays.com\/es\/wp-json\/wp\/v2\/comments?post=167843"}],"version-history":[{"count":0,"href":"https:\/\/www.europesays.com\/es\/wp-json\/wp\/v2\/posts\/167843\/revisions"}],"wp:featuredmedia":[{"embeddable":true,"href":"https:\/\/www.europesays.com\/es\/wp-json\/wp\/v2\/media\/167844"}],"wp:attachment":[{"href":"https:\/\/www.europesays.com\/es\/wp-json\/wp\/v2\/media?parent=167843"}],"wp:term":[{"taxonomy":"category","embeddable":true,"href":"https:\/\/www.europesays.com\/es\/wp-json\/wp\/v2\/categories?post=167843"},{"taxonomy":"post_tag","embeddable":true,"href":"https:\/\/www.europesays.com\/es\/wp-json\/wp\/v2\/tags?post=167843"}],"curies":[{"name":"wp","href":"https:\/\/api.w.org\/{rel}","templated":true}]}}